{"id":44026,"date":"2016-05-19T10:00:54","date_gmt":"2016-05-19T16:00:54","guid":{"rendered":"http:\/\/elcronistadigital.com\/?p=44026"},"modified":"2016-05-19T10:00:54","modified_gmt":"2016-05-19T16:00:54","slug":"espana-nos-ayuda-en-formacion-de-jovenes-pescadores","status":"publish","type":"post","link":"https:\/\/elcronistadigital.com\/?p=44026","title":{"rendered":"Espa\u00f1a nos ayuda en formaci\u00f3n de j\u00f3venes pescadores"},"content":{"rendered":"<p><a href=\"https:\/\/elcronistadigital.com\/wp-content\/uploads\/2016\/05\/pesca-espa\u00f1a.jpg\"><img loading=\"lazy\" decoding=\"async\" class=\"alignleft size-medium wp-image-44027\" alt=\"pesca espa\u00f1a\" src=\"https:\/\/elcronistadigital.com\/wp-content\/uploads\/2016\/05\/pesca-espa\u00f1a-300x199.jpg\" width=\"300\" height=\"199\" srcset=\"https:\/\/elcronistadigital.com\/wp-content\/uploads\/2016\/05\/pesca-espa\u00f1a-300x199.jpg 300w, https:\/\/elcronistadigital.com\/wp-content\/uploads\/2016\/05\/pesca-espa\u00f1a-342x227.jpg 342w, https:\/\/elcronistadigital.com\/wp-content\/uploads\/2016\/05\/pesca-espa\u00f1a.jpg 500w\" sizes=\"auto, (max-width: 300px) 100vw, 300px\" \/><\/a>Un fondo de 4 millones de d\u00f3lares ser\u00e1 destinado a la formaci\u00f3n y especializaci\u00f3n t\u00e9cnica de j\u00f3venes trabajadores del sector pesquero, anunci\u00f3 el mi\u00e9rcoles la Agencia Espa\u00f1ola de Cooperaci\u00f3n Internacional para el Desarrollo (AECID).<\/p>\n<p>M\u00e1s de 10.000 personas, entre j\u00f3venes y adultos, se formar\u00e1n en especialidades t\u00e9cnicas del sector pesquero y adem\u00e1s podr\u00e1n impartir clases bajo la nueva carrera de \u00abT\u00e9cnico General en Pesca\u00bb, indic\u00f3 la AECID en un comunicado.<\/p>\n<p>Las capacitaciones forman parte del proyecto \u00abCapacitaci\u00f3n T\u00e9cnica de los recursos humanos para el desarrollo del sector pesquero en Nicaragua\u00bb, destac\u00f3 la entidad espa\u00f1ola.<\/p>\n<p>El fondo tambi\u00e9n permitir\u00e1 el equipamiento de cuatro centros tecnol\u00f3gicos industriales en las zonas de occidente, sureste, costa Caribe norte y Caribe sur del pa\u00eds, donde se impartir\u00e1 la nueva carrera t\u00e9cnica, seg\u00fan la agencia.<\/p>\n<p>\u00abNo hay duda de que esta es una apuesta para contribuir al incremento de la productividad pesquera mediante la capacitaci\u00f3n t\u00e9cnica para el desarrollo de Nicaragua\u00bb, afirm\u00f3 el embajador de Espa\u00f1a en Nicaragua, Rafael Garranzo.<\/p>\n<p>La inversi\u00f3n de 4 millones de d\u00f3lares de la Cooperaci\u00f3n Espa\u00f1ola tendr\u00e1 una contrapartida de 628.000 d\u00f3lares del gobierno de Nicaragua, de acuerdo con la informaci\u00f3n.<\/p>\n","protected":false},"excerpt":{"rendered":"<p>Un fondo de 4 millones de d\u00f3lares ser\u00e1 destinado a la formaci\u00f3n y especializaci\u00f3n t\u00e9cnica de j\u00f3venes trabajadores del sector pesquero, anunci\u00f3 el mi\u00e9rcoles la Agencia Espa\u00f1ola de Cooperaci\u00f3n Internacional para el Desarrollo (AECID). M\u00e1s de 10.000 personas, entre j\u00f3venes y adultos, se formar\u00e1n en especialidades t\u00e9cnicas del sector pesquero y adem\u00e1s podr\u00e1n impartir clases [&hellip;]<\/p>\n","protected":false},"author":1,"featured_media":44027,"comment_status":"open","ping_status":"open","sticky":false,"template":"","format":"standard","meta":{"om_disable_all_campaigns":false,"_monsterinsights_skip_tracking":false,"_monsterinsights_sitenote_active":false,"_monsterinsights_sitenote_note":"","_monsterinsights_sitenote_category":0,"footnotes":""},"categories":[3524],"tags":[],"class_list":["post-44026","post","type-post","status-publish","format-standard","has-post-thumbnail","hentry","category-noticas"],"aioseo_notices":[],"_links":{"self":[{"href":"https:\/\/elcronistadigital.com\/index.php?rest_route=\/wp\/v2\/posts\/44026","targetHints":{"allow":["GET"]}}],"collection":[{"href":"https:\/\/elcronistadigital.com\/index.php?rest_route=\/wp\/v2\/posts"}],"about":[{"href":"https:\/\/elcronistadigital.com\/index.php?rest_route=\/wp\/v2\/types\/post"}],"author":[{"embeddable":true,"href":"https:\/\/elcronistadigital.com\/index.php?rest_route=\/wp\/v2\/users\/1"}],"replies":[{"embeddable":true,"href":"https:\/\/elcronistadigital.com\/index.php?rest_route=%2Fwp%2Fv2%2Fcomments&post=44026"}],"version-history":[{"count":1,"href":"https:\/\/elcronistadigital.com\/index.php?rest_route=\/wp\/v2\/posts\/44026\/revisions"}],"predecessor-version":[{"id":44028,"href":"https:\/\/elcronistadigital.com\/index.php?rest_route=\/wp\/v2\/posts\/44026\/revisions\/44028"}],"wp:featuredmedia":[{"embeddable":true,"href":"https:\/\/elcronistadigital.com\/index.php?rest_route=\/wp\/v2\/media\/44027"}],"wp:attachment":[{"href":"https:\/\/elcronistadigital.com\/index.php?rest_route=%2Fwp%2Fv2%2Fmedia&parent=44026"}],"wp:term":[{"taxonomy":"category","embeddable":true,"href":"https:\/\/elcronistadigital.com\/index.php?rest_route=%2Fwp%2Fv2%2Fcategories&post=44026"},{"taxonomy":"post_tag","embeddable":true,"href":"https:\/\/elcronistadigital.com\/index.php?rest_route=%2Fwp%2Fv2%2Ftags&post=44026"}],"curies":[{"name":"wp","href":"https:\/\/api.w.org\/{rel}","templated":true}]}}