{"id":44032,"date":"2016-05-19T15:18:53","date_gmt":"2016-05-19T21:18:53","guid":{"rendered":"http:\/\/elcronistadigital.com\/?p=44032"},"modified":"2016-05-19T15:18:53","modified_gmt":"2016-05-19T21:18:53","slug":"esposa-de-vicepresidente-de-eu-visitara-nicaragua","status":"publish","type":"post","link":"https:\/\/elcronistadigital.com\/?p=44032","title":{"rendered":"Esposa de Vicepresidente de EU visitar\u00e1 Nicaragua"},"content":{"rendered":"<div id=\"attachment_44033\" style=\"width: 310px\" class=\"wp-caption alignleft\"><a href=\"https:\/\/elcronistadigital.com\/wp-content\/uploads\/2016\/05\/Jill-Biden.jpg\"><img loading=\"lazy\" decoding=\"async\" aria-describedby=\"caption-attachment-44033\" class=\"size-medium wp-image-44033\" alt=\"Jill Biden, esposa del vicepresidente de Estados Unidos, Joseph Biden.\" src=\"https:\/\/elcronistadigital.com\/wp-content\/uploads\/2016\/05\/Jill-Biden-300x300.jpg\" width=\"300\" height=\"300\" srcset=\"https:\/\/elcronistadigital.com\/wp-content\/uploads\/2016\/05\/Jill-Biden-300x299.jpg 300w, https:\/\/elcronistadigital.com\/wp-content\/uploads\/2016\/05\/Jill-Biden-150x150.jpg 150w, https:\/\/elcronistadigital.com\/wp-content\/uploads\/2016\/05\/Jill-Biden-50x50.jpg 50w, https:\/\/elcronistadigital.com\/wp-content\/uploads\/2016\/05\/Jill-Biden-342x341.jpg 342w, https:\/\/elcronistadigital.com\/wp-content\/uploads\/2016\/05\/Jill-Biden-70x70.jpg 70w, https:\/\/elcronistadigital.com\/wp-content\/uploads\/2016\/05\/Jill-Biden-55x55.jpg 55w, https:\/\/elcronistadigital.com\/wp-content\/uploads\/2016\/05\/Jill-Biden.jpg 384w\" sizes=\"auto, (max-width: 300px) 100vw, 300px\" \/><\/a><p id=\"caption-attachment-44033\" class=\"wp-caption-text\">Jill Biden, esposa del vicepresidente de Estados Unidos, Joseph Biden.<\/p><\/div>\n<p>Jill Biden, esposa del vicepresidente estadounidense, Joseph Biden, visitar\u00e1 Nicaragua, Per\u00fa, Argentina y Panam\u00e1 del 19 al 27 de junio para realizar actividades vinculadas al desarrollo y oportunidades educativas de mujeres y ni\u00f1as, inform\u00f3 este jueves la Casa Blanca.<\/p>\n<p>En un escueto comunicado, la oficina del vicepresidente anunci\u00f3 el viaje de Jill Biden a esos cuatro pa\u00edses latinoamericanos.<\/p>\n<p>Durante su visita, Biden se reunir\u00e1 con autoridades gubernamentales y representantes de la sociedad civil para abordar asuntos relacionados con \u00abel fortalecimiento econ\u00f3mico y las oportunidades educativas para mujeres y ni\u00f1as\u00bb, seg\u00fan el comunicado.<\/p>\n<p>La Casa Blanca indic\u00f3 que proporcionar\u00e1 detalles de la gira de Jill Biden m\u00e1s adelante.<\/p>\n<p>Maestra de profesi\u00f3n, Jill Biden ha acompa\u00f1ado a su esposo en varias giras internacionales, pero en esta ocasi\u00f3n viajar\u00e1 sola.<\/p>\n<p>La esposa del vicepresidente colabora con la primera dama de EE.UU., Michelle Obama en varias iniciativas, entre ellas la que persigue mejorar las condiciones de vida de los veteranos de guerra y sus familias.<\/p>\n","protected":false},"excerpt":{"rendered":"<p>Jill Biden, esposa del vicepresidente estadounidense, Joseph Biden, visitar\u00e1 Nicaragua, Per\u00fa, Argentina y Panam\u00e1 del 19 al 27 de junio para realizar actividades vinculadas al desarrollo y oportunidades educativas de mujeres y ni\u00f1as, inform\u00f3 este jueves la Casa Blanca. En un escueto comunicado, la oficina del vicepresidente anunci\u00f3 el viaje de Jill Biden a esos [&hellip;]<\/p>\n","protected":false},"author":1,"featured_media":44033,"comment_status":"open","ping_status":"open","sticky":false,"template":"","format":"standard","meta":{"om_disable_all_campaigns":false,"_monsterinsights_skip_tracking":false,"_monsterinsights_sitenote_active":false,"_monsterinsights_sitenote_note":"","_monsterinsights_sitenote_category":0,"footnotes":""},"categories":[3524,13],"tags":[],"class_list":["post-44032","post","type-post","status-publish","format-standard","has-post-thumbnail","hentry","category-noticas","category-portada"],"aioseo_notices":[],"_links":{"self":[{"href":"https:\/\/elcronistadigital.com\/index.php?rest_route=\/wp\/v2\/posts\/44032","targetHints":{"allow":["GET"]}}],"collection":[{"href":"https:\/\/elcronistadigital.com\/index.php?rest_route=\/wp\/v2\/posts"}],"about":[{"href":"https:\/\/elcronistadigital.com\/index.php?rest_route=\/wp\/v2\/types\/post"}],"author":[{"embeddable":true,"href":"https:\/\/elcronistadigital.com\/index.php?rest_route=\/wp\/v2\/users\/1"}],"replies":[{"embeddable":true,"href":"https:\/\/elcronistadigital.com\/index.php?rest_route=%2Fwp%2Fv2%2Fcomments&post=44032"}],"version-history":[{"count":1,"href":"https:\/\/elcronistadigital.com\/index.php?rest_route=\/wp\/v2\/posts\/44032\/revisions"}],"predecessor-version":[{"id":44034,"href":"https:\/\/elcronistadigital.com\/index.php?rest_route=\/wp\/v2\/posts\/44032\/revisions\/44034"}],"wp:featuredmedia":[{"embeddable":true,"href":"https:\/\/elcronistadigital.com\/index.php?rest_route=\/wp\/v2\/media\/44033"}],"wp:attachment":[{"href":"https:\/\/elcronistadigital.com\/index.php?rest_route=%2Fwp%2Fv2%2Fmedia&parent=44032"}],"wp:term":[{"taxonomy":"category","embeddable":true,"href":"https:\/\/elcronistadigital.com\/index.php?rest_route=%2Fwp%2Fv2%2Fcategories&post=44032"},{"taxonomy":"post_tag","embeddable":true,"href":"https:\/\/elcronistadigital.com\/index.php?rest_route=%2Fwp%2Fv2%2Ftags&post=44032"}],"curies":[{"name":"wp","href":"https:\/\/api.w.org\/{rel}","templated":true}]}}