{"id":44044,"date":"2016-05-24T09:21:51","date_gmt":"2016-05-24T15:21:51","guid":{"rendered":"http:\/\/elcronistadigital.com\/?p=44044"},"modified":"2016-05-24T09:21:51","modified_gmt":"2016-05-24T15:21:51","slug":"arranca-audiencia-en-caso-de-narcomodelo-tica","status":"publish","type":"post","link":"https:\/\/elcronistadigital.com\/?p=44044","title":{"rendered":"Arranca audiencia en caso de narcomodelo tica"},"content":{"rendered":"<p><a href=\"https:\/\/elcronistadigital.com\/wp-content\/uploads\/2016\/05\/Adriana-Corella8.jpg\"><img loading=\"lazy\" decoding=\"async\" class=\"alignleft size-large wp-image-44045\" alt=\"Adriana Corella8\" src=\"https:\/\/elcronistadigital.com\/wp-content\/uploads\/2016\/05\/Adriana-Corella8-722x1024.jpg\" width=\"500\" height=\"709\" srcset=\"https:\/\/elcronistadigital.com\/wp-content\/uploads\/2016\/05\/Adriana-Corella8-722x1024.jpg 722w, https:\/\/elcronistadigital.com\/wp-content\/uploads\/2016\/05\/Adriana-Corella8-211x300.jpg 211w, https:\/\/elcronistadigital.com\/wp-content\/uploads\/2016\/05\/Adriana-Corella8-342x484.jpg 342w, https:\/\/elcronistadigital.com\/wp-content\/uploads\/2016\/05\/Adriana-Corella8-300x425.jpg 300w, https:\/\/elcronistadigital.com\/wp-content\/uploads\/2016\/05\/Adriana-Corella8.jpg 770w\" sizes=\"auto, (max-width: 500px) 100vw, 500px\" \/><\/a>Este martes arrancar\u00e1 la audiencia preparatoria de juicio contra Adriana Corella, conocida aqu\u00ed como la narcomodelo tica detenida por aparentes v\u00ednculos con el crimen organizado. Su esposo se suicid\u00f3 para evitar ser capturado en un residencial de Managua.<\/p>\n<p>Ella fue arrestada junto a dos costarricenses, dos nicarag\u00fcenses y un guatemalteco. A Corella le decomisaron alrededor de US$800.000 que ser\u00edan producto del narcotr\u00e1fico.<\/p>\n<p>La Fiscal\u00eda nicarag\u00fcense la acusa de ser la encargada de manejar las finanzas de la organizaci\u00f3n il\u00edcita y de comprar los cargamentos de droga en Costa Rica.<\/p>\n<p>Tras la audiencia de este martes se realizar\u00e1 otra donde podr\u00eda dictarse sentencia.<\/p>\n","protected":false},"excerpt":{"rendered":"<p>Este martes arrancar\u00e1 la audiencia preparatoria de juicio contra Adriana Corella, conocida aqu\u00ed como la narcomodelo tica detenida por aparentes v\u00ednculos con el crimen organizado. Su esposo se suicid\u00f3 para evitar ser capturado en un residencial de Managua. Ella fue arrestada junto a dos costarricenses, dos nicarag\u00fcenses y un guatemalteco. A Corella le decomisaron alrededor [&hellip;]<\/p>\n","protected":false},"author":1,"featured_media":44045,"comment_status":"open","ping_status":"open","sticky":false,"template":"","format":"standard","meta":{"om_disable_all_campaigns":false,"_monsterinsights_skip_tracking":false,"_monsterinsights_sitenote_active":false,"_monsterinsights_sitenote_note":"","_monsterinsights_sitenote_category":0,"footnotes":""},"categories":[3524],"tags":[],"class_list":["post-44044","post","type-post","status-publish","format-standard","has-post-thumbnail","hentry","category-noticas"],"aioseo_notices":[],"_links":{"self":[{"href":"https:\/\/elcronistadigital.com\/index.php?rest_route=\/wp\/v2\/posts\/44044","targetHints":{"allow":["GET"]}}],"collection":[{"href":"https:\/\/elcronistadigital.com\/index.php?rest_route=\/wp\/v2\/posts"}],"about":[{"href":"https:\/\/elcronistadigital.com\/index.php?rest_route=\/wp\/v2\/types\/post"}],"author":[{"embeddable":true,"href":"https:\/\/elcronistadigital.com\/index.php?rest_route=\/wp\/v2\/users\/1"}],"replies":[{"embeddable":true,"href":"https:\/\/elcronistadigital.com\/index.php?rest_route=%2Fwp%2Fv2%2Fcomments&post=44044"}],"version-history":[{"count":1,"href":"https:\/\/elcronistadigital.com\/index.php?rest_route=\/wp\/v2\/posts\/44044\/revisions"}],"predecessor-version":[{"id":44046,"href":"https:\/\/elcronistadigital.com\/index.php?rest_route=\/wp\/v2\/posts\/44044\/revisions\/44046"}],"wp:featuredmedia":[{"embeddable":true,"href":"https:\/\/elcronistadigital.com\/index.php?rest_route=\/wp\/v2\/media\/44045"}],"wp:attachment":[{"href":"https:\/\/elcronistadigital.com\/index.php?rest_route=%2Fwp%2Fv2%2Fmedia&parent=44044"}],"wp:term":[{"taxonomy":"category","embeddable":true,"href":"https:\/\/elcronistadigital.com\/index.php?rest_route=%2Fwp%2Fv2%2Fcategories&post=44044"},{"taxonomy":"post_tag","embeddable":true,"href":"https:\/\/elcronistadigital.com\/index.php?rest_route=%2Fwp%2Fv2%2Ftags&post=44044"}],"curies":[{"name":"wp","href":"https:\/\/api.w.org\/{rel}","templated":true}]}}