{"id":44047,"date":"2016-05-24T10:23:21","date_gmt":"2016-05-24T16:23:21","guid":{"rendered":"http:\/\/elcronistadigital.com\/?p=44047"},"modified":"2016-05-24T10:23:21","modified_gmt":"2016-05-24T16:23:21","slug":"la-ternura-como-alternativa-a-violencia-contra-los-ninos","status":"publish","type":"post","link":"https:\/\/elcronistadigital.com\/?p=44047","title":{"rendered":"La ternura como alternativa a violencia contra los ni\u00f1os"},"content":{"rendered":"<p><a href=\"https:\/\/elcronistadigital.com\/wp-content\/uploads\/2016\/05\/ternura.jpg\"><img loading=\"lazy\" decoding=\"async\" class=\"alignleft size-full wp-image-44048\" alt=\"ternura\" src=\"https:\/\/elcronistadigital.com\/wp-content\/uploads\/2016\/05\/ternura.jpg\" width=\"350\" height=\"258\" srcset=\"https:\/\/elcronistadigital.com\/wp-content\/uploads\/2016\/05\/ternura.jpg 350w, https:\/\/elcronistadigital.com\/wp-content\/uploads\/2016\/05\/ternura-300x221.jpg 300w, https:\/\/elcronistadigital.com\/wp-content\/uploads\/2016\/05\/ternura-342x252.jpg 342w, https:\/\/elcronistadigital.com\/wp-content\/uploads\/2016\/05\/ternura-60x45.jpg 60w, https:\/\/elcronistadigital.com\/wp-content\/uploads\/2016\/05\/ternura-90x65.jpg 90w\" sizes=\"auto, (max-width: 350px) 100vw, 350px\" \/><\/a>La crianza con ternura fue el tema abordado el lunes por miembros de la Comisi\u00f3n de la Paz, Defensa, Gobernaci\u00f3n y Derechos Humanos de la Asamblea Nacional con representantes de Visi\u00f3n Mundial. El objetivo es resolver la problem\u00e1tica de la violencia que sufre la ni\u00f1ez en el hogar o escuela.<\/p>\n<p>Alrededor del 60 por ciento de ni\u00f1os sufre alg\u00fan tipo de violencia en su casa o escuela, seg\u00fan el estudio realizado por Visi\u00f3n Mundial hace tres a\u00f1os en 19 comunidades rurales del Pac\u00edfico de Nicaragua.<\/p>\n<p>Al respecto, Karen Gonz\u00e1lez, coordinadora de Incidencia Local en Visi\u00f3n Mundial, explic\u00f3 que la violencia a la que se refieren en el estudio es a todas las acciones que disminuyen al ser humano, ya sea f\u00edsica, verbal o sicol\u00f3gica. Sin embargo, son formas de violencia que est\u00e1n impidiendo que nuestros ni\u00f1os, ni\u00f1as y adolescentes se desarrollen, a\u00f1adi\u00f3.<\/p>\n<p>El diputado Javier Vallejos, presidente de la Comisi\u00f3n de la Paz, consider\u00f3 que debe haber un balance en la forma de educar a la ni\u00f1ez, tanto en el hogar como en la escuela.<\/p>\n<p>La diputada Maritza Espinales, miembro de este \u00f3rgano legislativo, explic\u00f3 que en esta reuni\u00f3n han aprendido c\u00f3mo se puede educar en valores y dignidad con una comunicaci\u00f3n positiva.<\/p>\n<p>Los funcionarios de todas las instituciones se deben empoderar de la crianza con ternura como un mecanismo para fortalecer las pol\u00edticas p\u00fablicas existentes a fin de prevenir la violencia que sufre la ni\u00f1ez, seg\u00fan Gonz\u00e1lez.<\/p>\n<p>Uno de los objetivos del convenio suscrito entre la Asamblea Nacional y Visi\u00f3n Mundial en octubre de 2014, est\u00e1 encaminado a coadyuvar al desarrollo de las labores sociales de Visi\u00f3n Mundial Internacional- Nicaragua, en los territorios del pa\u00eds donde tiene presencia.<\/p>\n","protected":false},"excerpt":{"rendered":"<p>La crianza con ternura fue el tema abordado el lunes por miembros de la Comisi\u00f3n de la Paz, Defensa, Gobernaci\u00f3n y Derechos Humanos de la Asamblea Nacional con representantes de Visi\u00f3n Mundial. El objetivo es resolver la problem\u00e1tica de la violencia que sufre la ni\u00f1ez en el hogar o escuela. Alrededor del 60 por ciento [&hellip;]<\/p>\n","protected":false},"author":1,"featured_media":44048,"comment_status":"open","ping_status":"open","sticky":false,"template":"","format":"standard","meta":{"om_disable_all_campaigns":false,"_monsterinsights_skip_tracking":false,"_monsterinsights_sitenote_active":false,"_monsterinsights_sitenote_note":"","_monsterinsights_sitenote_category":0,"footnotes":""},"categories":[3524],"tags":[],"class_list":["post-44047","post","type-post","status-publish","format-standard","has-post-thumbnail","hentry","category-noticas"],"aioseo_notices":[],"_links":{"self":[{"href":"https:\/\/elcronistadigital.com\/index.php?rest_route=\/wp\/v2\/posts\/44047","targetHints":{"allow":["GET"]}}],"collection":[{"href":"https:\/\/elcronistadigital.com\/index.php?rest_route=\/wp\/v2\/posts"}],"about":[{"href":"https:\/\/elcronistadigital.com\/index.php?rest_route=\/wp\/v2\/types\/post"}],"author":[{"embeddable":true,"href":"https:\/\/elcronistadigital.com\/index.php?rest_route=\/wp\/v2\/users\/1"}],"replies":[{"embeddable":true,"href":"https:\/\/elcronistadigital.com\/index.php?rest_route=%2Fwp%2Fv2%2Fcomments&post=44047"}],"version-history":[{"count":1,"href":"https:\/\/elcronistadigital.com\/index.php?rest_route=\/wp\/v2\/posts\/44047\/revisions"}],"predecessor-version":[{"id":44049,"href":"https:\/\/elcronistadigital.com\/index.php?rest_route=\/wp\/v2\/posts\/44047\/revisions\/44049"}],"wp:featuredmedia":[{"embeddable":true,"href":"https:\/\/elcronistadigital.com\/index.php?rest_route=\/wp\/v2\/media\/44048"}],"wp:attachment":[{"href":"https:\/\/elcronistadigital.com\/index.php?rest_route=%2Fwp%2Fv2%2Fmedia&parent=44047"}],"wp:term":[{"taxonomy":"category","embeddable":true,"href":"https:\/\/elcronistadigital.com\/index.php?rest_route=%2Fwp%2Fv2%2Fcategories&post=44047"},{"taxonomy":"post_tag","embeddable":true,"href":"https:\/\/elcronistadigital.com\/index.php?rest_route=%2Fwp%2Fv2%2Ftags&post=44047"}],"curies":[{"name":"wp","href":"https:\/\/api.w.org\/{rel}","templated":true}]}}