{"id":44053,"date":"2016-05-24T15:02:39","date_gmt":"2016-05-24T21:02:39","guid":{"rendered":"http:\/\/elcronistadigital.com\/?p=44053"},"modified":"2016-05-24T15:02:39","modified_gmt":"2016-05-24T21:02:39","slug":"colombia-maniobra-ante-la-cidh-para-sabotear-canal-de-nicaragua","status":"publish","type":"post","link":"https:\/\/elcronistadigital.com\/?p=44053","title":{"rendered":"Colombia maniobra ante la CIDH para sabotear canal de Nicaragua"},"content":{"rendered":"<p><a href=\"https:\/\/elcronistadigital.com\/wp-content\/uploads\/2016\/05\/canal-de-nicaragua-Small.jpg\"><img loading=\"lazy\" decoding=\"async\" class=\"alignleft size-medium wp-image-44055\" alt=\"canal de nicaragua (Small)\" src=\"https:\/\/elcronistadigital.com\/wp-content\/uploads\/2016\/05\/canal-de-nicaragua-Small-300x200.jpg\" width=\"300\" height=\"200\" srcset=\"https:\/\/elcronistadigital.com\/wp-content\/uploads\/2016\/05\/canal-de-nicaragua-Small-300x200.jpg 300w, https:\/\/elcronistadigital.com\/wp-content\/uploads\/2016\/05\/canal-de-nicaragua-Small-342x228.jpg 342w, https:\/\/elcronistadigital.com\/wp-content\/uploads\/2016\/05\/canal-de-nicaragua-Small.jpg 719w\" sizes=\"auto, (max-width: 300px) 100vw, 300px\" \/><\/a>En aparente venganza por la p\u00e9rdida del juicio ante Nicaragua en 2012 en la Corte Internacional de Justicia (CIJ), Colombia busca ahora impedir la construcci\u00f3n de nuestro canal interoce\u00e1nico mediante una especie de queja ante la Corte Interamericana de Derechos Humanos (CIDH).<\/p>\n<p>Seg\u00fan la publicaci\u00f3n sudamericana Semana, Colombia expuso ante la CIDH que la megaobra nicarag\u00fcense tendr\u00e1 consecuencias ambientales nefastas y pidi\u00f3 una \u201copini\u00f3n consultiva\u201d a ese organismo.<\/p>\n<p>Pese a que la CIJ es la m\u00e1xima instancia de justicia internacional en el planeta, el gobierno de Juan Manuel Santos se ocult\u00f3 en el m\u00e1s absoluto secretismo al enviar la solicitud a la CIDH \u201cpara que interceda en la disputa que tienen ambos pa\u00edses. Se trata de una petici\u00f3n de opini\u00f3n consultiva, un mecanismo judicial alterno que tiene ese alto tribunal con el fin de pronunciarse sobre temas de gran relevancia para el continente\u201d, se\u00f1ala la publicaci\u00f3n.<\/p>\n<p>Lo que Colombia llama \u201ccomunicaci\u00f3n\u201d, fue radicada ante el secretario general de la CIDH, Pablo Saavedra Alessandri, el 14 de marzo del 2016. En t\u00e9rminos generales la consulta que hacen es de qu\u00e9 forma se debe interpretar el Pacto de San Jos\u00e9 cuando existe el riesgo de que la construcci\u00f3n de grandes obras de infraestructura \u201cafecten de forma grave el medio ambiente marino de la regi\u00f3n del Gran Caribe\u201d.<\/p>\n<p>Es decir, buscan una excusa para incumplir el mandato de la CIJ, ampar\u00e1ndose en una posible respuesta de la CIDH que interprete el asunto del Pacto de San Jos\u00e9 a como Colombia quiere. Lo parad\u00f3jico es que el gobierno de Santos denunci\u00f3 el Pacto de Bogot\u00e1, que permiti\u00f3 a Nicaragua recuperar sus aguas en el Caribe.<\/p>\n<p>Como se aprecia, Colombia contin\u00faa buscando leyes, decretos y pactos internacionales que les permitan hacer su gusto, sin embargo, desconoce aquellos firmados incluso en su propio territorio cuando les son adversos.<\/p>\n<p>Semana se\u00f1ala que la respuesta de la CIDH tendr\u00e1 \u201cbastante peso y lo que se\u00f1ale la Corte podr\u00e1 ser determinante para el futuro del Caribe. En el 2012, Nicaragua gan\u00f3 el pleito que ten\u00eda con Colombia en la Corte Internacional de Justicia. El resultado fue la adjudicaci\u00f3n de 75.000 kil\u00f3metros de mar a ese pa\u00eds centroamericano\u201d.<\/p>\n<p>La estratagema es descarada. La publicaci\u00f3n se\u00f1ala que el canal interoce\u00e1nico es la principal raz\u00f3n de la petici\u00f3n de Colombia ante la Corte Interamericana. En el documento, los abogados sostienen que la opini\u00f3n de ese organismo ser\u00e1 vital para determinar el cumplimiento de las obligaciones internacionales de ambos Estados.<\/p>\n<p>Agrega que es necesario fortalecer una \u201cconciencia universal\u201d respecto a la importancia de cuidar regiones valiosas ambientalmente. Y le pide a la Corte que puntualice sobre cu\u00e1les son los compromisos que tienen los pa\u00edses en la protecci\u00f3n de la naturaleza y la importancia de los estudios ambientales para determinar los impactos que podr\u00eda producir una megaobra de esa dimensi\u00f3n en el mundo marino.<\/p>\n<p>En el documento dice que \u201cesta problem\u00e1tica es de inter\u00e9s no s\u00f3lo de los Estados de la regi\u00f3n del Gran Caribe \u2013cuya poblaci\u00f3n isle\u00f1a y costera se puede ver directamente afectada por los da\u00f1os ambientales que sufra esa regi\u00f3n\u2013, sino tambi\u00e9n de la comunidad internacional\u201d.<\/p>\n<p>Colombia argumenta que el mar Caribe es considerado \u201cel coraz\u00f3n de la biodiversidad del Atl\u00e1ntico\u201d y la \u201cfuente de recursos que sustenta el medio de vida de las poblaciones costeras y contribuye al crecimiento econ\u00f3mico de la regi\u00f3n\u201d. Citando estudios cient\u00edficos, se desprende que una intervenci\u00f3n de gran magnitud podr\u00eda poner en riesgo los 110 millones de personas que viven en esas zonas y la pesca, que representa no s\u00f3lo la forma de vida de sus habitantes, sino el 6 % de esa industria en el mundo.<\/p>\n<p>La Canciller\u00eda colombiana alega que la regi\u00f3n marina se compone de tres ecosistemas principales: los arrecifes de coral, los manglares y los lechos de algas marinas. Todos albergan especies de fauna y flora excepcionales, pero se caracterizan por ser muy fr\u00e1giles frente a la irrupci\u00f3n del hombre. En ese sentido, advierte que un proyecto de esa naturaleza podr\u00eda generar da\u00f1os irreversibles en ese patrimonio natural de la humanidad.<\/p>\n<p>Y se\u00f1alan que si el canal interoce\u00e1nico se llegara a construir, \u201cuno de los mayores tesoros de los colombianos tambi\u00e9n sufrir\u00eda\u201d. Se refieren a la reserva Seaflowers, que tras el fallo de la CIJ tambi\u00e9n pertenece en gran parte a Nicaragua, as\u00ed que efectivamente es un tesoro, pero no de los colombianos.<\/p>\n<p>Colombia sostiene que la construcci\u00f3n del Gran Canal arrasar\u00eda con esa riqueza. \u201cEst\u00e1 comprobado que este tipo de obras aumentan los sedimentos y la contaminaci\u00f3n, lo que genera la asfixia de los corales, lechos de algas y manglares. Si eso sucede, el efecto en cadena que se produce es letal. Muchos peces mueren y la vegetaci\u00f3n marina se deteriora.<\/p>\n<p>\u201cEso a la larga lo que termina produciendo son enormes da\u00f1os para las poblaciones que habitan cerca del mar. Por un lado, porque las aguas pueden ser navegables pero no hay vida dentro de estas. La pesca disminuir\u00eda. Y los ecosistemas ser\u00edan cada vez m\u00e1s fr\u00e1giles. Es decir, menos resistentes a soportar los embates del clima, en un momento en que el calentamiento global y fen\u00f3menos como el del Ni\u00f1o y la Ni\u00f1a producen grandes estragos. Si el mar no est\u00e1 saludable, las zonas costeras se vuelven vulnerables y cada vez m\u00e1s propicias a sufrir por inundaciones o sequ\u00edas.<\/p>\n<p>Un caso hist\u00f3rico<\/p>\n<p>La petici\u00f3n de Colombia en la Corte Interamericana ha producido gran expectativa. Semana.com se comunic\u00f3 con altos funcionarios de esa entidad, quienes confirmaron que no existen antecedentes de una consulta de este tipo.<\/p>\n<p>\u201cSi el alto tribunal se pronuncia, y se sabe ya que lo har\u00e1, este ser\u00eda el primer estudio ambiental de un litigio entre dos pa\u00edses. Ser\u00eda la primera vez tambi\u00e9n que ese organismo dar\u00eda directrices sobre la construcci\u00f3n de proyectos de infraestructura transfronterizos que puedan afectar el medio ambiente, una situaci\u00f3n que cada vez m\u00e1s com\u00fan.<\/p>\n<p>\u201cHay un punto concreto sobre el cual la Corte podr\u00eda pronunciarse: la obligatoriedad de hacer estudios de impacto ambiental previos antes de ejecutar grandes obras. Como Nicaragua se ha negado a presentar este requisito, Colombia pide a la Corte que deje claro que los Estados tienen la obligaci\u00f3n de asegurarse de que sus proyectos no van a tener graves implicaciones en el medio ambiente y la seguridad de los Estados vecinos.<\/p>\n<p>\u201cLa semana pasada, el tribunal hemisf\u00e9rico hizo p\u00fablica la solicitud de Colombia. La primera medida fue abrir un espacio para que todos los interesados puedan presentar su opini\u00f3n escrita sobre los puntos sometidos a consulta. Esa fase estar\u00e1 disponible hasta el pr\u00f3ximo 19 de septiembre.<\/p>\n<p>\u201cSeguramente muchos participar\u00e1n. En un momento en que la protecci\u00f3n del medio ambiente es una de las principales preocupaciones de la humanidad, estos debates que aterrizan en la pr\u00e1ctica el concepto de desarrollo sostenible despiertan gran inter\u00e9s y expectativa. El concepto que emita ese organismo podr\u00e1 hacer girar el rumbo de lo que ha sido una de las discusiones m\u00e1s apasionadas de la pol\u00edtica internacional del pa\u00eds\u201d.<\/p>\n","protected":false},"excerpt":{"rendered":"<p>En aparente venganza por la p\u00e9rdida del juicio ante Nicaragua en 2012 en la Corte Internacional de Justicia (CIJ), Colombia busca ahora impedir la construcci\u00f3n de nuestro canal interoce\u00e1nico mediante una especie de queja ante la Corte Interamericana de Derechos Humanos (CIDH). Seg\u00fan la publicaci\u00f3n sudamericana Semana, Colombia expuso ante la CIDH que la megaobra [&hellip;]<\/p>\n","protected":false},"author":1,"featured_media":44055,"comment_status":"open","ping_status":"open","sticky":false,"template":"","format":"standard","meta":{"om_disable_all_campaigns":false,"_monsterinsights_skip_tracking":false,"_monsterinsights_sitenote_active":false,"_monsterinsights_sitenote_note":"","_monsterinsights_sitenote_category":0,"footnotes":""},"categories":[3524,13],"tags":[],"class_list":["post-44053","post","type-post","status-publish","format-standard","has-post-thumbnail","hentry","category-noticas","category-portada"],"aioseo_notices":[],"_links":{"self":[{"href":"https:\/\/elcronistadigital.com\/index.php?rest_route=\/wp\/v2\/posts\/44053","targetHints":{"allow":["GET"]}}],"collection":[{"href":"https:\/\/elcronistadigital.com\/index.php?rest_route=\/wp\/v2\/posts"}],"about":[{"href":"https:\/\/elcronistadigital.com\/index.php?rest_route=\/wp\/v2\/types\/post"}],"author":[{"embeddable":true,"href":"https:\/\/elcronistadigital.com\/index.php?rest_route=\/wp\/v2\/users\/1"}],"replies":[{"embeddable":true,"href":"https:\/\/elcronistadigital.com\/index.php?rest_route=%2Fwp%2Fv2%2Fcomments&post=44053"}],"version-history":[{"count":1,"href":"https:\/\/elcronistadigital.com\/index.php?rest_route=\/wp\/v2\/posts\/44053\/revisions"}],"predecessor-version":[{"id":44056,"href":"https:\/\/elcronistadigital.com\/index.php?rest_route=\/wp\/v2\/posts\/44053\/revisions\/44056"}],"wp:featuredmedia":[{"embeddable":true,"href":"https:\/\/elcronistadigital.com\/index.php?rest_route=\/wp\/v2\/media\/44055"}],"wp:attachment":[{"href":"https:\/\/elcronistadigital.com\/index.php?rest_route=%2Fwp%2Fv2%2Fmedia&parent=44053"}],"wp:term":[{"taxonomy":"category","embeddable":true,"href":"https:\/\/elcronistadigital.com\/index.php?rest_route=%2Fwp%2Fv2%2Fcategories&post=44053"},{"taxonomy":"post_tag","embeddable":true,"href":"https:\/\/elcronistadigital.com\/index.php?rest_route=%2Fwp%2Fv2%2Ftags&post=44053"}],"curies":[{"name":"wp","href":"https:\/\/api.w.org\/{rel}","templated":true}]}}