{"id":44061,"date":"2016-05-25T11:11:27","date_gmt":"2016-05-25T17:11:27","guid":{"rendered":"http:\/\/elcronistadigital.com\/?p=44061"},"modified":"2016-05-25T11:11:27","modified_gmt":"2016-05-25T17:11:27","slug":"en-julio-se-va-embajador-de-costa-rica","status":"publish","type":"post","link":"https:\/\/elcronistadigital.com\/?p=44061","title":{"rendered":"En julio se va embajador de Costa Rica"},"content":{"rendered":"<div id=\"attachment_44062\" style=\"width: 310px\" class=\"wp-caption alignleft\"><a href=\"https:\/\/elcronistadigital.com\/wp-content\/uploads\/2016\/05\/Javier-Sancho.jpg\"><img loading=\"lazy\" decoding=\"async\" aria-describedby=\"caption-attachment-44062\" class=\"size-medium wp-image-44062\" alt=\"Javier Sancho, embajador de Costa Rica en Nicaragua.\" src=\"https:\/\/elcronistadigital.com\/wp-content\/uploads\/2016\/05\/Javier-Sancho-300x220.jpg\" width=\"300\" height=\"220\" srcset=\"https:\/\/elcronistadigital.com\/wp-content\/uploads\/2016\/05\/Javier-Sancho-300x220.jpg 300w, https:\/\/elcronistadigital.com\/wp-content\/uploads\/2016\/05\/Javier-Sancho-342x250.jpg 342w, https:\/\/elcronistadigital.com\/wp-content\/uploads\/2016\/05\/Javier-Sancho-60x45.jpg 60w, https:\/\/elcronistadigital.com\/wp-content\/uploads\/2016\/05\/Javier-Sancho-90x65.jpg 90w, https:\/\/elcronistadigital.com\/wp-content\/uploads\/2016\/05\/Javier-Sancho.jpg 424w\" sizes=\"auto, (max-width: 300px) 100vw, 300px\" \/><\/a><p id=\"caption-attachment-44062\" class=\"wp-caption-text\">Javier Sancho, embajador de Costa Rica en Nicaragua.<\/p><\/div>\n<p>A partir del 15 de julio pr\u00f3ximo dejar\u00e1 de ejercer su cargo el actual embajador de Costa Rica en Nicaragua, Javier Sancho, de 67 a\u00f1os, debido a que renunciar\u00e1 y se acoger\u00e1 a una pensi\u00f3n tras 42 a\u00f1os de trabajo, seg\u00fan confirm\u00f3 \u00e9l mismo a medios costarricenses de prensa.<\/p>\n<p>Sancho lleg\u00f3 a Nicaragua en el segundo semestre del 2012, luego de que Costa Rica careci\u00f3 de embajador en nuestro pa\u00eds durante dos a\u00f1os, en medio de un conflicto lim\u00edtrofe.<\/p>\n<p>\u00abHan sido a\u00f1os intensos de dedicaci\u00f3n y compromiso, de logros y sacrificios, en especial para la familia, pero en los que siempre tuve, con la ayuda de Dios como principal gu\u00eda, los intereses supremos de nuestro pa\u00eds. Regreso a mi pa\u00eds con la tranquilidad de una vida dedicada al servicio de Costa Rica, me retiro con la satisfacci\u00f3n de haber dado mi mejor esfuerzo\u201d, declar\u00f3 el diplom\u00e1tico desde Managua al diario La Naci\u00f3n<\/p>\n<p>Sancho, en su lenguaje diplom\u00e1tico, dec\u00eda que la Embajada era un laboratorio pol\u00edtico y que las relaciones entre ambos pa\u00edses caminaban, pero pod\u00edan ser mejores.<\/p>\n","protected":false},"excerpt":{"rendered":"<p>A partir del 15 de julio pr\u00f3ximo dejar\u00e1 de ejercer su cargo el actual embajador de Costa Rica en Nicaragua, Javier Sancho, de 67 a\u00f1os, debido a que renunciar\u00e1 y se acoger\u00e1 a una pensi\u00f3n tras 42 a\u00f1os de trabajo, seg\u00fan confirm\u00f3 \u00e9l mismo a medios costarricenses de prensa. Sancho lleg\u00f3 a Nicaragua en el [&hellip;]<\/p>\n","protected":false},"author":1,"featured_media":44062,"comment_status":"open","ping_status":"open","sticky":false,"template":"","format":"standard","meta":{"om_disable_all_campaigns":false,"_monsterinsights_skip_tracking":false,"_monsterinsights_sitenote_active":false,"_monsterinsights_sitenote_note":"","_monsterinsights_sitenote_category":0,"footnotes":""},"categories":[3524],"tags":[],"class_list":["post-44061","post","type-post","status-publish","format-standard","has-post-thumbnail","hentry","category-noticas"],"aioseo_notices":[],"_links":{"self":[{"href":"https:\/\/elcronistadigital.com\/index.php?rest_route=\/wp\/v2\/posts\/44061","targetHints":{"allow":["GET"]}}],"collection":[{"href":"https:\/\/elcronistadigital.com\/index.php?rest_route=\/wp\/v2\/posts"}],"about":[{"href":"https:\/\/elcronistadigital.com\/index.php?rest_route=\/wp\/v2\/types\/post"}],"author":[{"embeddable":true,"href":"https:\/\/elcronistadigital.com\/index.php?rest_route=\/wp\/v2\/users\/1"}],"replies":[{"embeddable":true,"href":"https:\/\/elcronistadigital.com\/index.php?rest_route=%2Fwp%2Fv2%2Fcomments&post=44061"}],"version-history":[{"count":1,"href":"https:\/\/elcronistadigital.com\/index.php?rest_route=\/wp\/v2\/posts\/44061\/revisions"}],"predecessor-version":[{"id":44063,"href":"https:\/\/elcronistadigital.com\/index.php?rest_route=\/wp\/v2\/posts\/44061\/revisions\/44063"}],"wp:featuredmedia":[{"embeddable":true,"href":"https:\/\/elcronistadigital.com\/index.php?rest_route=\/wp\/v2\/media\/44062"}],"wp:attachment":[{"href":"https:\/\/elcronistadigital.com\/index.php?rest_route=%2Fwp%2Fv2%2Fmedia&parent=44061"}],"wp:term":[{"taxonomy":"category","embeddable":true,"href":"https:\/\/elcronistadigital.com\/index.php?rest_route=%2Fwp%2Fv2%2Fcategories&post=44061"},{"taxonomy":"post_tag","embeddable":true,"href":"https:\/\/elcronistadigital.com\/index.php?rest_route=%2Fwp%2Fv2%2Ftags&post=44061"}],"curies":[{"name":"wp","href":"https:\/\/api.w.org\/{rel}","templated":true}]}}