{"id":44064,"date":"2016-05-25T11:29:23","date_gmt":"2016-05-25T17:29:23","guid":{"rendered":"http:\/\/elcronistadigital.com\/?p=44064"},"modified":"2016-05-25T11:29:23","modified_gmt":"2016-05-25T17:29:23","slug":"nicaragua-vs-colombia","status":"publish","type":"post","link":"https:\/\/elcronistadigital.com\/?p=44064","title":{"rendered":"Nicaragua vs. Colombia"},"content":{"rendered":"<div id=\"attachment_44065\" style=\"width: 310px\" class=\"wp-caption alignleft\"><a href=\"https:\/\/elcronistadigital.com\/wp-content\/uploads\/2016\/05\/Laura-Gil.jpg\"><img loading=\"lazy\" decoding=\"async\" aria-describedby=\"caption-attachment-44065\" class=\"size-full wp-image-44065\" alt=\"Laura Gil, polit\u00f3loga colombiana.\" src=\"https:\/\/elcronistadigital.com\/wp-content\/uploads\/2016\/05\/Laura-Gil.jpg\" width=\"300\" height=\"300\" srcset=\"https:\/\/elcronistadigital.com\/wp-content\/uploads\/2016\/05\/Laura-Gil.jpg 300w, https:\/\/elcronistadigital.com\/wp-content\/uploads\/2016\/05\/Laura-Gil-150x150.jpg 150w, https:\/\/elcronistadigital.com\/wp-content\/uploads\/2016\/05\/Laura-Gil-50x50.jpg 50w, https:\/\/elcronistadigital.com\/wp-content\/uploads\/2016\/05\/Laura-Gil-70x70.jpg 70w, https:\/\/elcronistadigital.com\/wp-content\/uploads\/2016\/05\/Laura-Gil-55x55.jpg 55w\" sizes=\"auto, (max-width: 300px) 100vw, 300px\" \/><\/a><p id=\"caption-attachment-44065\" class=\"wp-caption-text\">Laura Gil, polit\u00f3loga colombiana.<\/p><\/div>\n<p>Laura Gil*<\/p>\n<p><span style=\"color: #993300;\"><em><strong>* Polit\u00f3loga colombiana asegura que maniobra de Santos ante la Corte Interamericana de Derechos Humanos -cuyas decisiones no son vinculantes-, pese a que desconoci\u00f3 a la Corte Internacional de Justicia, agravar\u00e1 m\u00e1s el conflicto con Nicaragua y afectar\u00e1 los intereses de su pa\u00eds.<\/strong><\/em><\/span><\/p>\n<p>Si Colombia se opone a resolver la controversia lim\u00edtrofe en un tribunal, deber\u00e1 obrar en consecuencia, abandonar los recursos jur\u00eddicos y avanzar mediante el di\u00e1logo pol\u00edtico.<\/p>\n<p>No hay mejor defensa que un buen ataque. Esta parece la premisa de los abogados de Colombia. El Gobierno se apresta a se\u00f1alar a Nicaragua de amenazar la vida de los colombianos del Caribe. La acusaci\u00f3n no har\u00e1 m\u00e1s que agravar el diferendo lim\u00edtrofe en detrimento de los intereses nacionales.<\/p>\n<p>\u201c\u00bfDe qu\u00e9 forma se debe interpretar el Pacto de San Jos\u00e9 cuando existe el riesgo de que la construcci\u00f3n y el uso de nuevas grandes obras de infraestructura afecten de forma grave el medioambiente en la regi\u00f3n del Gran Caribe y, en consecuencia, el h\u00e1bitat humano esencial para el pleno goce de los derechos de los habitantes de las costas y\/o islas de un Estado del Pacto?\u201d, le pregunt\u00f3 el Gobierno a la Corte Interamericana de Derechos Humanos (CIDH) en una solicitud de opini\u00f3n consultiva. La pregunta est\u00e1 dirigida a obtener artiller\u00eda contra el proyecto de construcci\u00f3n del canal nicarag\u00fcense.<\/p>\n<p>Sorprende esta maniobra jur\u00eddica en el \u00e1mbito regional cuando proviene de un Gobierno que se ha declarado en rebeld\u00eda ante el derecho internacional. Colombia insisti\u00f3, primero, en una f\u00f3rmula sin fundamento legal \u2013\u201cse acata pero no se aplica\u201d\u2013. Luego, en rechazo a la competencia de la Corte Internacional de Justicia (CIJ), anunci\u00f3 su ausencia de los estrados de La Haya.<\/p>\n<p>El pa\u00eds enfrenta hoy dos demandas de Nicaragua en La Haya. El vecino pretende el reconocimiento de la plataforma continental extendida, as\u00ed como la declaraci\u00f3n de desacato del fallo de noviembre del 2012, que obliga a la entrega de una porci\u00f3n sustancial de mar. El equipo nicarag\u00fcense, sobra decirlo, se siente c\u00f3modo en La Haya.<\/p>\n<p>Uno podr\u00eda pensar que el Gobierno est\u00e1 reconsiderando su posici\u00f3n y alista motores para presentar el alegato en La Haya. Se equivocar\u00eda. El Gobierno se sostiene.<\/p>\n<p>Al fin y al cabo, acudir al Sistema Interamericano de Derechos Humanos tiene l\u00f3gica desde Colombia. Una opini\u00f3n favorable desde Costa Rica, aun de car\u00e1cter no vinculante, servir\u00eda para fortalecer la argumentaci\u00f3n en La Haya y hasta podr\u00eda suministrar el contenido de una contrademanda. Est\u00e1n aqu\u00ed presentes los elementos de una estrategia jur\u00eddica bien pensada que entr\u00f3 en colisi\u00f3n con una decisi\u00f3n pol\u00edtica equivocada.<\/p>\n<p>Una Colombia ausente en La Haya no podr\u00e1 exponer una defensa, ni tampoco interponer una contra-demanda. Solo lograremos que el agente nicarag\u00fcense ante la CIJ se regocije al anotar c\u00f3mo Bogot\u00e1 reconoce la autoridad de un tribunal mientras desconoce la de otro.<\/p>\n<p>Es m\u00e1s, el equipo colombiano prepar\u00f3 una demanda ante la CIDH contra Nicaragua, con los mismos argumentos que se esgrimieron en la solicitud de la opini\u00f3n consultiva.<\/p>\n<p>\u00bfPor qu\u00e9 no? La v\u00eda jur\u00eddica en la resoluci\u00f3n de controversias constituye una alternativa tan leg\u00edtima para Colombia como para Nicaragua. No estar\u00eda de m\u00e1s abrir un frente contra Nicaragua en un foro que Colombia conoce m\u00e1s. Pero este camino solo resulta leg\u00edtimo para un Estado que le apuesta al derecho internacional. El Gobierno, consciente de sus contradicciones, lo descart\u00f3. Por no presentarnos ante una Corte, se perdi\u00f3 la oportunidad de defender los intereses de los colombianos con contundencia en otra.<\/p>\n<p>As\u00ed las cosas, la opini\u00f3n de la CIDH no servir\u00e1 para la defensa en La Haya. Nos dejar\u00e1 con los costos de la pregunta y sin los beneficios de la respuesta. No es de poca monta el intento de detener la iniciativa m\u00e1s ambiciosa de un pa\u00eds vecino.<\/p>\n<p>Si Colombia se opone a resolver la controversia lim\u00edtrofe en un tribunal, deber\u00e1 obrar en consecuencia, abandonar los recursos jur\u00eddicos y avanzar mediante el di\u00e1logo pol\u00edtico. El cap\u00edtulo CIDH no ayuda.<\/p>\n<p>* Internacionalista, polit\u00f3loga y columnista colombo-uruguaya. Experta en temas de derechos humanos y derecho internacional humanitario.<\/p>\n","protected":false},"excerpt":{"rendered":"<p>Laura Gil* * Polit\u00f3loga colombiana asegura que maniobra de Santos ante la Corte Interamericana de Derechos Humanos -cuyas decisiones no son vinculantes-, pese a que desconoci\u00f3 a la Corte Internacional de Justicia, agravar\u00e1 m\u00e1s el conflicto con Nicaragua y afectar\u00e1 los intereses de su pa\u00eds. Si Colombia se opone a resolver la controversia lim\u00edtrofe en [&hellip;]<\/p>\n","protected":false},"author":1,"featured_media":44065,"comment_status":"open","ping_status":"open","sticky":false,"template":"","format":"standard","meta":{"om_disable_all_campaigns":false,"_monsterinsights_skip_tracking":false,"_monsterinsights_sitenote_active":false,"_monsterinsights_sitenote_note":"","_monsterinsights_sitenote_category":0,"footnotes":""},"categories":[12,3524],"tags":[],"class_list":["post-44064","post","type-post","status-publish","format-standard","has-post-thumbnail","hentry","category-blugs","category-noticas"],"aioseo_notices":[],"_links":{"self":[{"href":"https:\/\/elcronistadigital.com\/index.php?rest_route=\/wp\/v2\/posts\/44064","targetHints":{"allow":["GET"]}}],"collection":[{"href":"https:\/\/elcronistadigital.com\/index.php?rest_route=\/wp\/v2\/posts"}],"about":[{"href":"https:\/\/elcronistadigital.com\/index.php?rest_route=\/wp\/v2\/types\/post"}],"author":[{"embeddable":true,"href":"https:\/\/elcronistadigital.com\/index.php?rest_route=\/wp\/v2\/users\/1"}],"replies":[{"embeddable":true,"href":"https:\/\/elcronistadigital.com\/index.php?rest_route=%2Fwp%2Fv2%2Fcomments&post=44064"}],"version-history":[{"count":1,"href":"https:\/\/elcronistadigital.com\/index.php?rest_route=\/wp\/v2\/posts\/44064\/revisions"}],"predecessor-version":[{"id":44066,"href":"https:\/\/elcronistadigital.com\/index.php?rest_route=\/wp\/v2\/posts\/44064\/revisions\/44066"}],"wp:featuredmedia":[{"embeddable":true,"href":"https:\/\/elcronistadigital.com\/index.php?rest_route=\/wp\/v2\/media\/44065"}],"wp:attachment":[{"href":"https:\/\/elcronistadigital.com\/index.php?rest_route=%2Fwp%2Fv2%2Fmedia&parent=44064"}],"wp:term":[{"taxonomy":"category","embeddable":true,"href":"https:\/\/elcronistadigital.com\/index.php?rest_route=%2Fwp%2Fv2%2Fcategories&post=44064"},{"taxonomy":"post_tag","embeddable":true,"href":"https:\/\/elcronistadigital.com\/index.php?rest_route=%2Fwp%2Fv2%2Ftags&post=44064"}],"curies":[{"name":"wp","href":"https:\/\/api.w.org\/{rel}","templated":true}]}}