{"id":44073,"date":"2016-05-27T18:51:10","date_gmt":"2016-05-28T00:51:10","guid":{"rendered":"http:\/\/elcronistadigital.com\/?p=44073"},"modified":"2016-05-27T18:51:10","modified_gmt":"2016-05-28T00:51:10","slug":"vuelve-el-razr-v3-de-motorola","status":"publish","type":"post","link":"https:\/\/elcronistadigital.com\/?p=44073","title":{"rendered":"Vuelve el Razr V3 de Motorola"},"content":{"rendered":"<p><a href=\"https:\/\/elcronistadigital.com\/wp-content\/uploads\/2016\/05\/Motorola_RAZR_V3i_03.jpg\"><img loading=\"lazy\" decoding=\"async\" class=\"alignleft size-full wp-image-44074\" alt=\"Motorola_RAZR_V3i_03\" src=\"https:\/\/elcronistadigital.com\/wp-content\/uploads\/2016\/05\/Motorola_RAZR_V3i_03.jpg\" width=\"400\" height=\"300\" srcset=\"https:\/\/elcronistadigital.com\/wp-content\/uploads\/2016\/05\/Motorola_RAZR_V3i_03.jpg 400w, https:\/\/elcronistadigital.com\/wp-content\/uploads\/2016\/05\/Motorola_RAZR_V3i_03-300x225.jpg 300w, https:\/\/elcronistadigital.com\/wp-content\/uploads\/2016\/05\/Motorola_RAZR_V3i_03-342x256.jpg 342w, https:\/\/elcronistadigital.com\/wp-content\/uploads\/2016\/05\/Motorola_RAZR_V3i_03-60x45.jpg 60w, https:\/\/elcronistadigital.com\/wp-content\/uploads\/2016\/05\/Motorola_RAZR_V3i_03-150x113.jpg 150w, https:\/\/elcronistadigital.com\/wp-content\/uploads\/2016\/05\/Motorola_RAZR_V3i_03-269x201.jpg 269w\" sizes=\"auto, (max-width: 400px) 100vw, 400px\" \/><\/a>El recordado celular \u201cRazr\u201d de Motorola regresa, seg\u00fan confirm\u00f3 la marca de m\u00f3viles en su cuenta oficial de YouTube. El video ha sido halagado por los nost\u00e1lgicos que tuvieron este m\u00f3vil en el 2004.<\/p>\n<p>Este celular con tapa tuvo el mayor r\u00e9cord de ventas de Motorola. El ic\u00f3nico Razr V3 de Motorola vendi\u00f3 cerca de 130 millones de unidades en el mundo. Aunque todav\u00eda no es oficial, se especula que llevar\u00e1 un sistema operativo Android y que tendr\u00e1 pantalla t\u00e1ctil.<\/p>\n<p>Lenovo, actual propietario de Motorola, apela a la nostalgia de los que usaron este celular en su adolescencia y juventud. En la reproducci\u00f3n de YouTube, se aprecia a un grupo de adolescentes del 2000 usando este m\u00f3vil.<\/p>\n<p>En el mensaje final del video de YouTube se leen las letras \u201cTTYL\u201d (Talk to you later) una abreviatura que significa \u201chablamos luego\u201d.<\/p>\n<p>El video fue compartido el 19 de mayo en YouTube y ha recaudado casi dos millones de reproducciones. El m\u00f3vil ser\u00e1 lanzado el 9 de junio.<\/p>\n","protected":false},"excerpt":{"rendered":"<p>El recordado celular \u201cRazr\u201d de Motorola regresa, seg\u00fan confirm\u00f3 la marca de m\u00f3viles en su cuenta oficial de YouTube. El video ha sido halagado por los nost\u00e1lgicos que tuvieron este m\u00f3vil en el 2004. Este celular con tapa tuvo el mayor r\u00e9cord de ventas de Motorola. El ic\u00f3nico Razr V3 de Motorola vendi\u00f3 cerca de [&hellip;]<\/p>\n","protected":false},"author":1,"featured_media":44074,"comment_status":"open","ping_status":"open","sticky":false,"template":"","format":"standard","meta":{"om_disable_all_campaigns":false,"_monsterinsights_skip_tracking":false,"_monsterinsights_sitenote_active":false,"_monsterinsights_sitenote_note":"","_monsterinsights_sitenote_category":0,"footnotes":""},"categories":[4],"tags":[],"class_list":["post-44073","post","type-post","status-publish","format-standard","has-post-thumbnail","hentry","category-economia"],"aioseo_notices":[],"_links":{"self":[{"href":"https:\/\/elcronistadigital.com\/index.php?rest_route=\/wp\/v2\/posts\/44073","targetHints":{"allow":["GET"]}}],"collection":[{"href":"https:\/\/elcronistadigital.com\/index.php?rest_route=\/wp\/v2\/posts"}],"about":[{"href":"https:\/\/elcronistadigital.com\/index.php?rest_route=\/wp\/v2\/types\/post"}],"author":[{"embeddable":true,"href":"https:\/\/elcronistadigital.com\/index.php?rest_route=\/wp\/v2\/users\/1"}],"replies":[{"embeddable":true,"href":"https:\/\/elcronistadigital.com\/index.php?rest_route=%2Fwp%2Fv2%2Fcomments&post=44073"}],"version-history":[{"count":1,"href":"https:\/\/elcronistadigital.com\/index.php?rest_route=\/wp\/v2\/posts\/44073\/revisions"}],"predecessor-version":[{"id":44075,"href":"https:\/\/elcronistadigital.com\/index.php?rest_route=\/wp\/v2\/posts\/44073\/revisions\/44075"}],"wp:featuredmedia":[{"embeddable":true,"href":"https:\/\/elcronistadigital.com\/index.php?rest_route=\/wp\/v2\/media\/44074"}],"wp:attachment":[{"href":"https:\/\/elcronistadigital.com\/index.php?rest_route=%2Fwp%2Fv2%2Fmedia&parent=44073"}],"wp:term":[{"taxonomy":"category","embeddable":true,"href":"https:\/\/elcronistadigital.com\/index.php?rest_route=%2Fwp%2Fv2%2Fcategories&post=44073"},{"taxonomy":"post_tag","embeddable":true,"href":"https:\/\/elcronistadigital.com\/index.php?rest_route=%2Fwp%2Fv2%2Ftags&post=44073"}],"curies":[{"name":"wp","href":"https:\/\/api.w.org\/{rel}","templated":true}]}}