{"id":44082,"date":"2016-05-27T20:01:20","date_gmt":"2016-05-28T02:01:20","guid":{"rendered":"http:\/\/elcronistadigital.com\/?p=44082"},"modified":"2016-05-27T20:01:20","modified_gmt":"2016-05-28T02:01:20","slug":"el-comienzo-de-la-vida-se-transmitira-en-vivo-en-todo-el-planeta","status":"publish","type":"post","link":"https:\/\/elcronistadigital.com\/?p=44082","title":{"rendered":"El Comienzo de la Vida se transmitir\u00e1 en vivo en todo el planeta"},"content":{"rendered":"<p><a href=\"https:\/\/elcronistadigital.com\/wp-content\/uploads\/2016\/05\/bebes.jpg\"><img loading=\"lazy\" decoding=\"async\" class=\"alignleft size-full wp-image-44083\" alt=\"bebes\" src=\"https:\/\/elcronistadigital.com\/wp-content\/uploads\/2016\/05\/bebes.jpg\" width=\"450\" height=\"293\" srcset=\"https:\/\/elcronistadigital.com\/wp-content\/uploads\/2016\/05\/bebes.jpg 450w, https:\/\/elcronistadigital.com\/wp-content\/uploads\/2016\/05\/bebes-300x195.jpg 300w, https:\/\/elcronistadigital.com\/wp-content\/uploads\/2016\/05\/bebes-342x222.jpg 342w\" sizes=\"auto, (max-width: 450px) 100vw, 450px\" \/><\/a>Nueva York \u2013 El comienzo de la vida, un innovador largometraje documental que explora las repercusiones que tiene el entorno temprano del ni\u00f1o sobre su desarrollo cognitivo, social y emocional, se proyectar\u00e1 en todo el mundo en Netflix, iTunes y Google Play el 1 de junio de 2016.<\/p>\n<p>La pel\u00edcula, que recibe apoyo de UNICEF y en la que aparece la supermodelo Gisele B\u00fcndchen y el ganador del Premio Nobel de Ciencias Econ\u00f3micas, James Heckman, es una creaci\u00f3n de la Directora Estela Renner (Way Beyond Weight), y ha sido producida por Maria Farinha Filmes, con sede en Brasil.<\/p>\n<p>El documental, de 90 minutos de duraci\u00f3n, fue creado en respuesta a los avances en la neurociencia que permitieron descubrir el papel crucial que desempe\u00f1an los primeros a\u00f1os de vida de los ni\u00f1os a la hora de determinar su \u00e9xito en el futuro.<\/p>\n<p>Filmado en Argentina, Brasil, Canad\u00e1, China, Estados Unidos, Francia, Italia y Kenya, El principio de la vida documenta los primeros a\u00f1os de la vida de una serie de ni\u00f1os y ni\u00f1as, y de sus familias, y presenta entrevistas con especialistas en el campo del desarrollo en la primera infancia.<\/p>\n<p>\u201cUn desarrollo eficaz del ni\u00f1o en la primera infancia se produce cuando los ni\u00f1os sienten que les alientan, que les cuidan, que les protegen y que les aman. Cuando los ni\u00f1os reciben todos estos elementos fundamentales en los a\u00f1os de formaci\u00f3n de sus vidas, tienen las mejores oportunidades posibles de desarrollarse plenamente\u201d, dijo Pia Britto, Directora para el desarrollo en la primera infancia de UNICEF.<\/p>\n<p>\u201cEsta hermosa pel\u00edcula, que estamos tan orgullosos de apoyar, describe c\u00f3mo los entornos sociales son tan importantes como los factores gen\u00e9ticos para el desarrollo de los ni\u00f1os. Esta evidencia deber\u00eda obligar a los gobiernos y a los responsables pol\u00edticos a actuar ahora y a dar prioridad a la inversi\u00f3n en los primeros a\u00f1os de vida de los ni\u00f1os; es decir, desde la crianza hasta los programas de atenci\u00f3n y aprendizaje temprano para todos los ni\u00f1os\u201d, dijo Britto.<\/p>\n<p>Las familias que protagonizan la pel\u00edcula proceden de distintos or\u00edgenes culturales, \u00e9tnicos y sociales, e incluyen a la supermodelo Gisele B\u00fcndchen, de Brasil, y Phula, una ni\u00f1a que cuida ella sola de sus hermanos en la India. Temas como la licencia por maternidad, la funci\u00f3n del padre, la crianza conjunta de los hijos, la pobreza, los derechos del ni\u00f1o, la violencia y el abandono se exploran en esta pel\u00edcula, que ofrece una base y una forma original de comprender el desarrollo en la primera infancia.<\/p>\n<p>\u201cTanto para bien como para mal, los recuerdos emocionales tienen un peso mucho mayor durante este periodo, que es un tiempo de formaci\u00f3n, de creaci\u00f3n y de estructuraci\u00f3n de los individuos\u201d, dijo la directora de la pel\u00edcula Estela Renner.<\/p>\n<p>El ganador del Premio Nobel en Ciencias Econ\u00f3micas, James Heckman, ofrece su testimonio en la pel\u00edcula, diciendo que \u201ccuidar apropiadamente a nuestros beb\u00e9s es la mejor inversi\u00f3n que se puede hacer en favor de la humanidad\u201d.<\/p>\n<p>Adem\u00e1s de UNICEF, la pel\u00edcula tambi\u00e9n ha recibido apoyo de la Fundaci\u00f3n Maria Cec\u00edlia Souto Vidigal, la Fundaci\u00f3n Bernard Van Leer y el Instituto Alana. Ha sido doblada en seis idiomas y subtitulada en 21.<\/p>\n","protected":false},"excerpt":{"rendered":"<p>Nueva York \u2013 El comienzo de la vida, un innovador largometraje documental que explora las repercusiones que tiene el entorno temprano del ni\u00f1o sobre su desarrollo cognitivo, social y emocional, se proyectar\u00e1 en todo el mundo en Netflix, iTunes y Google Play el 1 de junio de 2016. La pel\u00edcula, que recibe apoyo de UNICEF [&hellip;]<\/p>\n","protected":false},"author":1,"featured_media":44083,"comment_status":"open","ping_status":"open","sticky":false,"template":"","format":"standard","meta":{"om_disable_all_campaigns":false,"_monsterinsights_skip_tracking":false,"_monsterinsights_sitenote_active":false,"_monsterinsights_sitenote_note":"","_monsterinsights_sitenote_category":0,"footnotes":""},"categories":[3524,13],"tags":[],"class_list":["post-44082","post","type-post","status-publish","format-standard","has-post-thumbnail","hentry","category-noticas","category-portada"],"aioseo_notices":[],"_links":{"self":[{"href":"https:\/\/elcronistadigital.com\/index.php?rest_route=\/wp\/v2\/posts\/44082","targetHints":{"allow":["GET"]}}],"collection":[{"href":"https:\/\/elcronistadigital.com\/index.php?rest_route=\/wp\/v2\/posts"}],"about":[{"href":"https:\/\/elcronistadigital.com\/index.php?rest_route=\/wp\/v2\/types\/post"}],"author":[{"embeddable":true,"href":"https:\/\/elcronistadigital.com\/index.php?rest_route=\/wp\/v2\/users\/1"}],"replies":[{"embeddable":true,"href":"https:\/\/elcronistadigital.com\/index.php?rest_route=%2Fwp%2Fv2%2Fcomments&post=44082"}],"version-history":[{"count":1,"href":"https:\/\/elcronistadigital.com\/index.php?rest_route=\/wp\/v2\/posts\/44082\/revisions"}],"predecessor-version":[{"id":44084,"href":"https:\/\/elcronistadigital.com\/index.php?rest_route=\/wp\/v2\/posts\/44082\/revisions\/44084"}],"wp:featuredmedia":[{"embeddable":true,"href":"https:\/\/elcronistadigital.com\/index.php?rest_route=\/wp\/v2\/media\/44083"}],"wp:attachment":[{"href":"https:\/\/elcronistadigital.com\/index.php?rest_route=%2Fwp%2Fv2%2Fmedia&parent=44082"}],"wp:term":[{"taxonomy":"category","embeddable":true,"href":"https:\/\/elcronistadigital.com\/index.php?rest_route=%2Fwp%2Fv2%2Fcategories&post=44082"},{"taxonomy":"post_tag","embeddable":true,"href":"https:\/\/elcronistadigital.com\/index.php?rest_route=%2Fwp%2Fv2%2Ftags&post=44082"}],"curies":[{"name":"wp","href":"https:\/\/api.w.org\/{rel}","templated":true}]}}