{"id":44092,"date":"2016-05-31T08:40:47","date_gmt":"2016-05-31T14:40:47","guid":{"rendered":"http:\/\/elcronistadigital.com\/?p=44092"},"modified":"2016-05-31T08:40:47","modified_gmt":"2016-05-31T14:40:47","slug":"1-057-ninas-y-ninos-de-bilwi-recibieron-acta-de-nacimiento","status":"publish","type":"post","link":"https:\/\/elcronistadigital.com\/?p=44092","title":{"rendered":"1.057 ni\u00f1as y ni\u00f1os de Bilwi recibieron acta de nacimiento"},"content":{"rendered":"<p><a href=\"https:\/\/elcronistadigital.com\/wp-content\/uploads\/2016\/05\/Bilwi.jpg\"><img loading=\"lazy\" decoding=\"async\" class=\"alignleft size-full wp-image-44093\" alt=\"Bilwi\" src=\"https:\/\/elcronistadigital.com\/wp-content\/uploads\/2016\/05\/Bilwi.jpg\" width=\"400\" height=\"350\" srcset=\"https:\/\/elcronistadigital.com\/wp-content\/uploads\/2016\/05\/Bilwi.jpg 400w, https:\/\/elcronistadigital.com\/wp-content\/uploads\/2016\/05\/Bilwi-300x262.jpg 300w, https:\/\/elcronistadigital.com\/wp-content\/uploads\/2016\/05\/Bilwi-342x299.jpg 342w\" sizes=\"auto, (max-width: 400px) 100vw, 400px\" \/><\/a>Puerto Cabezas.&#8211; Para garantizar el derecho a un nombre y una nacionalidad de ni\u00f1as y ni\u00f1os, entre 0 a 12 a\u00f1os de edad, que no estaban inscritos en el Registro del Estado Civil de las Personas, y disminuir las brechas de subregistro en comunidades alejadas, la Alcald\u00eda de Puerto Cabezas concluy\u00f3 el programa \u201cDerecho a un Nombre y una Nacionalidad\u201d, con la entrega de 1,057 partidas de nacimiento (541 ni\u00f1as y 516 ni\u00f1os), con el apoyo del Fondo de las Naciones Unidas para la Infancia, UNICEF.<\/p>\n<p>La jornada de entrega de certificados de nacimiento se realiz\u00f3 en 18 comunidades del municipio de Puerto Cabezas, en la Regi\u00f3n Aut\u00f3noma de la Costa Caribe Norte (RACCN).<\/p>\n<p>\u201cEl ni\u00f1o y la ni\u00f1a tienen derecho desde que nacen, a un nombre y a una nacionalidad de acuerdo a la Convenci\u00f3n sobre los Derechos del Ni\u00f1o, el C\u00f3digo de la Ni\u00f1ez y la Adolescencia y el C\u00f3digo de la Familia.<\/p>\n<p>\u201cEste derecho abre la puerta a otros derechos primordiales como la salud, la educaci\u00f3n y la protecci\u00f3n social\u201d, expres\u00f3 Rinko Kinoshita, Oficial a cargo de UNICEF en Nicaragua.<\/p>\n<p>\u00abAcompanar al esfuerzo del gobierno de Nicaragua en agilizar el registro universal de ni\u00f1as, ni\u00f1os y adolescentes en Nicaragua es clave para la reducci\u00f3n de brechas de disparidad, especialmente en comunidades lejanas de las cabeceras municipales\u00bb, agreg\u00f3 Kinoshita.<\/p>\n<p>Las 18 comunidades beneficiadas con el registro de nacimiento de la ni\u00f1ez no inscrito en esta \u00faltima etapa del programa, pertenecen al territorio de Llano Norte y Litoral Sur. Las comunidades son: Lapan, Sriklaya, Gula Wala, Sukatpin, Klingna, Yulo, Dakban, Bethel, Betania, Wawa Boom, Km 43, Km 51, Mani Watla, Karat\u00e1, Wawa Bar, Lamlaya, Tuapi y Krukira.<\/p>\n<p>La brigada m\u00f3vil de registro que particip\u00f3 en la entrega de partidas de nacimiento estuvo integrada por la vicealcaldesa de Bilwi, t\u00e9cnicos del \u00e1rea de Registro Civil de la alcald\u00eda municipal, la coordinadora del proyecto, concejales territoriales y funcionarios del departamento municipal de Estad\u00edstica del Ministerio de Salud.<\/p>\n<p>Censo de Registro Civil<\/p>\n<p>Previo a esta jornada de entrega de certificado de nacimiento, la Alcald\u00eda Municipal, en coordinaci\u00f3n con el Consejo Supremo Electoral Regional, realiz\u00f3 un censo para conocer el porcentaje de ni\u00f1as, ni\u00f1os y adolescentes sin inscripci\u00f3n en el municipio de Puerto Cabezas, y luego se realizaron jornadas de inscripci\u00f3n para disminuir las brechas de subregistro en estas mismas comunidades.<\/p>\n<p>La tasa nacional de registro de nacimiento de ni\u00f1os y ni\u00f1as menores de 6 a\u00f1os se sit\u00faa alrededor de un 85% . Sin embargo, la proporci\u00f3n de ni\u00f1as y ni\u00f1os registrados en las comunidades ind\u00edgenas y afrodescendientes m\u00e1s alejadas disminuye a 58%, por diversos factores, entre otros, la lejan\u00eda de las comunidades de cabeceras municipales donde se encuentran las Oficinas de Registro, la falta de recursos econ\u00f3micos de las familias, dificultades con el transporte, porque la mayor\u00eda son comunidades asentadas en la vera de los r\u00edos y monta\u00f1as.<\/p>\n<p>Brechas de subregistro en comunidades alejadas<\/p>\n<p>\u201cUna de las causas por la cual los padres y madres de familias no inscriben a sus hijos e hijas es porque viven en comunidades alejadas, y si lo hacen, no pueden regresar a la Oficina de Registro (en Bilwi) a retirar la partida de nacimiento porque implica muchos gastos econ\u00f3micos. Esto ha contribuido al subregistro de nacimiento, principalmente de ni\u00f1as y ni\u00f1os\u201d, manifest\u00f3 Anicia Matamoros, vicealcaldesa de Bilwi.<\/p>\n<p>\u201cEstamos felices por el trabajo que est\u00e1n realizando directamente en las comunidades, porque este es un gran beneficio, ahora nuestros ni\u00f1os tienen este documento que les ser\u00e1 \u00fatil para toda su vida\u201d, expres\u00f3 Juan Ram\u00f3n, padre de familia de la comunidad Km 51.<\/p>\n<p>Para la realizaci\u00f3n de las actividades de Registro Civil de ni\u00f1as y ni\u00f1os se invirtieron C$171,765.36. La alcald\u00eda municipal de Bilwi continuar\u00e1 con el proceso de entrega de partidas de nacimiento en las comunidades pendientes, en coordinaci\u00f3n con l\u00edderes comunitarios, pastores, brigadistas de salud y parteras, para garantizar que ninguna ni\u00f1a o ni\u00f1o se quede sin inscribir.<\/p>\n","protected":false},"excerpt":{"rendered":"<p>Puerto Cabezas.&#8211; Para garantizar el derecho a un nombre y una nacionalidad de ni\u00f1as y ni\u00f1os, entre 0 a 12 a\u00f1os de edad, que no estaban inscritos en el Registro del Estado Civil de las Personas, y disminuir las brechas de subregistro en comunidades alejadas, la Alcald\u00eda de Puerto Cabezas concluy\u00f3 el programa \u201cDerecho a [&hellip;]<\/p>\n","protected":false},"author":1,"featured_media":44093,"comment_status":"open","ping_status":"open","sticky":false,"template":"","format":"standard","meta":{"om_disable_all_campaigns":false,"_monsterinsights_skip_tracking":false,"_monsterinsights_sitenote_active":false,"_monsterinsights_sitenote_note":"","_monsterinsights_sitenote_category":0,"footnotes":""},"categories":[3524],"tags":[],"class_list":["post-44092","post","type-post","status-publish","format-standard","has-post-thumbnail","hentry","category-noticas"],"aioseo_notices":[],"_links":{"self":[{"href":"https:\/\/elcronistadigital.com\/index.php?rest_route=\/wp\/v2\/posts\/44092","targetHints":{"allow":["GET"]}}],"collection":[{"href":"https:\/\/elcronistadigital.com\/index.php?rest_route=\/wp\/v2\/posts"}],"about":[{"href":"https:\/\/elcronistadigital.com\/index.php?rest_route=\/wp\/v2\/types\/post"}],"author":[{"embeddable":true,"href":"https:\/\/elcronistadigital.com\/index.php?rest_route=\/wp\/v2\/users\/1"}],"replies":[{"embeddable":true,"href":"https:\/\/elcronistadigital.com\/index.php?rest_route=%2Fwp%2Fv2%2Fcomments&post=44092"}],"version-history":[{"count":1,"href":"https:\/\/elcronistadigital.com\/index.php?rest_route=\/wp\/v2\/posts\/44092\/revisions"}],"predecessor-version":[{"id":44094,"href":"https:\/\/elcronistadigital.com\/index.php?rest_route=\/wp\/v2\/posts\/44092\/revisions\/44094"}],"wp:featuredmedia":[{"embeddable":true,"href":"https:\/\/elcronistadigital.com\/index.php?rest_route=\/wp\/v2\/media\/44093"}],"wp:attachment":[{"href":"https:\/\/elcronistadigital.com\/index.php?rest_route=%2Fwp%2Fv2%2Fmedia&parent=44092"}],"wp:term":[{"taxonomy":"category","embeddable":true,"href":"https:\/\/elcronistadigital.com\/index.php?rest_route=%2Fwp%2Fv2%2Fcategories&post=44092"},{"taxonomy":"post_tag","embeddable":true,"href":"https:\/\/elcronistadigital.com\/index.php?rest_route=%2Fwp%2Fv2%2Ftags&post=44092"}],"curies":[{"name":"wp","href":"https:\/\/api.w.org\/{rel}","templated":true}]}}