{"id":44103,"date":"2016-05-31T11:40:24","date_gmt":"2016-05-31T17:40:24","guid":{"rendered":"http:\/\/elcronistadigital.com\/?p=44103"},"modified":"2016-05-31T11:40:24","modified_gmt":"2016-05-31T17:40:24","slug":"orden-de-isabel-la-catolica-para-ex-embajadora-nica-en-espana","status":"publish","type":"post","link":"https:\/\/elcronistadigital.com\/?p=44103","title":{"rendered":"Orden de Isabel la Cat\u00f3lica para ex embajadora nica en Espa\u00f1a"},"content":{"rendered":"<div id=\"attachment_44104\" style=\"width: 410px\" class=\"wp-caption alignleft\"><a href=\"https:\/\/elcronistadigital.com\/wp-content\/uploads\/2016\/05\/Vero.jpg\"><img loading=\"lazy\" decoding=\"async\" aria-describedby=\"caption-attachment-44104\" class=\"size-full wp-image-44104\" alt=\"Ver\u00f3nica Rojas al presentar cartas credenciales ante el ex rey de Espa\u00f1a, Juan Carlos.\" src=\"https:\/\/elcronistadigital.com\/wp-content\/uploads\/2016\/05\/Vero.jpg\" width=\"400\" height=\"239\" srcset=\"https:\/\/elcronistadigital.com\/wp-content\/uploads\/2016\/05\/Vero.jpg 400w, https:\/\/elcronistadigital.com\/wp-content\/uploads\/2016\/05\/Vero-300x179.jpg 300w, https:\/\/elcronistadigital.com\/wp-content\/uploads\/2016\/05\/Vero-342x204.jpg 342w\" sizes=\"auto, (max-width: 400px) 100vw, 400px\" \/><\/a><p id=\"caption-attachment-44104\" class=\"wp-caption-text\">Ver\u00f3nica Rojas al presentar cartas credenciales ante el ex rey de Espa\u00f1a, Juan Carlos.<\/p><\/div>\n<p>El Consejo de Ministros de Espa\u00f1a aprob\u00f3 el pasado viernes sendos reales decretos por los que se concede la Gran Cruz de la Orden de Isabel la Cat\u00f3lica a los ex embajadores de Nicaragua, Ver\u00f3nica Rojas Berr\u00edos, y de Italia, Pietro Sebastiani.<\/p>\n<p>La Real Orden de Isabel la Cat\u00f3lica, instituida por el rey Fernando VII en 1815, reconoce \u201caquellos comportamientos extraordinarios de car\u00e1cter civil, realizados por personas espa\u00f1olas y extranjeras, que redunden en beneficio de la Naci\u00f3n o que contribuyan, de modo relevante, a favorecer las relaciones de amistad y cooperaci\u00f3n de la Naci\u00f3n Espa\u00f1ola con el resto de la Comunidad Internacional\u201d.<\/p>\n<p>Se desconoce qui\u00e9n repuso a repondr\u00e1 a Rojas Berr\u00edos.<\/p>\n","protected":false},"excerpt":{"rendered":"<p>El Consejo de Ministros de Espa\u00f1a aprob\u00f3 el pasado viernes sendos reales decretos por los que se concede la Gran Cruz de la Orden de Isabel la Cat\u00f3lica a los ex embajadores de Nicaragua, Ver\u00f3nica Rojas Berr\u00edos, y de Italia, Pietro Sebastiani. La Real Orden de Isabel la Cat\u00f3lica, instituida por el rey Fernando VII [&hellip;]<\/p>\n","protected":false},"author":1,"featured_media":44104,"comment_status":"open","ping_status":"open","sticky":false,"template":"","format":"standard","meta":{"om_disable_all_campaigns":false,"_monsterinsights_skip_tracking":false,"_monsterinsights_sitenote_active":false,"_monsterinsights_sitenote_note":"","_monsterinsights_sitenote_category":0,"footnotes":""},"categories":[3524],"tags":[],"class_list":["post-44103","post","type-post","status-publish","format-standard","has-post-thumbnail","hentry","category-noticas"],"aioseo_notices":[],"_links":{"self":[{"href":"https:\/\/elcronistadigital.com\/index.php?rest_route=\/wp\/v2\/posts\/44103","targetHints":{"allow":["GET"]}}],"collection":[{"href":"https:\/\/elcronistadigital.com\/index.php?rest_route=\/wp\/v2\/posts"}],"about":[{"href":"https:\/\/elcronistadigital.com\/index.php?rest_route=\/wp\/v2\/types\/post"}],"author":[{"embeddable":true,"href":"https:\/\/elcronistadigital.com\/index.php?rest_route=\/wp\/v2\/users\/1"}],"replies":[{"embeddable":true,"href":"https:\/\/elcronistadigital.com\/index.php?rest_route=%2Fwp%2Fv2%2Fcomments&post=44103"}],"version-history":[{"count":1,"href":"https:\/\/elcronistadigital.com\/index.php?rest_route=\/wp\/v2\/posts\/44103\/revisions"}],"predecessor-version":[{"id":44105,"href":"https:\/\/elcronistadigital.com\/index.php?rest_route=\/wp\/v2\/posts\/44103\/revisions\/44105"}],"wp:featuredmedia":[{"embeddable":true,"href":"https:\/\/elcronistadigital.com\/index.php?rest_route=\/wp\/v2\/media\/44104"}],"wp:attachment":[{"href":"https:\/\/elcronistadigital.com\/index.php?rest_route=%2Fwp%2Fv2%2Fmedia&parent=44103"}],"wp:term":[{"taxonomy":"category","embeddable":true,"href":"https:\/\/elcronistadigital.com\/index.php?rest_route=%2Fwp%2Fv2%2Fcategories&post=44103"},{"taxonomy":"post_tag","embeddable":true,"href":"https:\/\/elcronistadigital.com\/index.php?rest_route=%2Fwp%2Fv2%2Ftags&post=44103"}],"curies":[{"name":"wp","href":"https:\/\/api.w.org\/{rel}","templated":true}]}}