{"id":44115,"date":"2016-05-31T14:41:51","date_gmt":"2016-05-31T20:41:51","guid":{"rendered":"http:\/\/elcronistadigital.com\/?p=44115"},"modified":"2016-05-31T14:41:51","modified_gmt":"2016-05-31T20:41:51","slug":"el-libro-mas-loco-y-mas-alegre-de-julio-cortazar","status":"publish","type":"post","link":"https:\/\/elcronistadigital.com\/?p=44115","title":{"rendered":"El libro m\u00e1s loco y m\u00e1s alegre de Julio Cort\u00e1zar"},"content":{"rendered":"<div id=\"attachment_44116\" style=\"width: 410px\" class=\"wp-caption alignleft\"><a href=\"https:\/\/elcronistadigital.com\/wp-content\/uploads\/2016\/05\/Julio-Cort\u00e1zar-y-Carol-Dunlop.jpg\"><img loading=\"lazy\" decoding=\"async\" aria-describedby=\"caption-attachment-44116\" class=\"size-full wp-image-44116\" alt=\"Julio Cort\u00e1zar y Carol Dunlop.\" src=\"https:\/\/elcronistadigital.com\/wp-content\/uploads\/2016\/05\/Julio-Cort\u00e1zar-y-Carol-Dunlop.jpg\" width=\"400\" height=\"288\" srcset=\"https:\/\/elcronistadigital.com\/wp-content\/uploads\/2016\/05\/Julio-Cort\u00e1zar-y-Carol-Dunlop.jpg 400w, https:\/\/elcronistadigital.com\/wp-content\/uploads\/2016\/05\/Julio-Cort\u00e1zar-y-Carol-Dunlop-300x216.jpg 300w, https:\/\/elcronistadigital.com\/wp-content\/uploads\/2016\/05\/Julio-Cort\u00e1zar-y-Carol-Dunlop-342x246.jpg 342w, https:\/\/elcronistadigital.com\/wp-content\/uploads\/2016\/05\/Julio-Cort\u00e1zar-y-Carol-Dunlop-90x65.jpg 90w\" sizes=\"auto, (max-width: 400px) 100vw, 400px\" \/><\/a><p id=\"caption-attachment-44116\" class=\"wp-caption-text\">Julio Cort\u00e1zar y Carol Dunlop.<\/p><\/div>\n<p><span style=\"color: #993300;\"><em><strong>* La reedici\u00f3n de \u2018Los autonautas de la cosmopista\u2019, \u00faltimo t\u00edtulo del autor de \u2018Rayuela\u2019, revive el viaje que este realiz\u00f3 con su compa\u00f1era Carol Dunlop, con quien estuvo en Nicaragua en los a\u00f1os 80. Poco despu\u00e9s ambos morir\u00edan por enfermedades parecidas.<\/strong><\/em><\/span><\/p>\n<p>El 12 de mayo de 1982, dos a\u00f1os antes de su muerte, Julio Cort\u00e1zar le escribi\u00f3 a su amigo el agente y editor Guillermo Shavelzon: \u201cTe conf\u00edo un plan completamente loco que vamos a poner en pr\u00e1ctica Carol y yo a partir del 23 de mayo y hasta el 27 de junio\u201d. De ese \u201cplan completamente loco\u201d surgi\u00f3 el libro m\u00e1s conmovedor y m\u00e1s alegre de Julio Cort\u00e1zar, Los autonautas de la cosmopista.<\/p>\n<p>Carol era Carol Dunlop, fot\u00f3grafa y escritora canadiense, el \u00faltimo gran amor de su vida. Ella muri\u00f3 seis meses despu\u00e9s de iniciado ese trayecto por la Autopista del Sur de Francia, que ya hab\u00eda sido referencia de uno de los cuentos m\u00e1s c\u00e9lebres de Julio, La autopista del sur.<\/p>\n<p>Ese libro fue firmado por los dos y era, dice su primer editor, el argentino Mario Muchnik \u201cuna carta de amor de Julio\u201d. Muchnik y Cort\u00e1zar fueron muy amigos; el editor hizo los que pueden considerarse sus \u00faltimos retratos, en el molino que los Muchnik (Mario y Nicole, pintora) tuvieron cerca de Segovia.<\/p>\n<p>A ese molino vino a reposar su tristeza Julio Cort\u00e1zar. Seis meses despu\u00e9s de cumplir aquel \u201cplan completamente loco\u201d, Carol muri\u00f3. Cort\u00e1zar se lo comunic\u00f3 as\u00ed a su familia en Buenos Aires (su madre viv\u00eda) el 10 de noviembre de 1982: \u201cTal vez lo sepan ya por Aurora [la primera mujer de Julio], que me dijo que iba a escribirles enseguida. Carol se me fue como un hilito de agua entre los dedos el martes dos de este mes. Se fue dulcemente, como era ella, y yo estuve a su lado hasta el fin, los dos solos en esa sala de hospital donde pas\u00f3 dos meses, donde todo result\u00f3 in\u00fatil\u201d.<\/p>\n<p>Esa desaparici\u00f3n convirti\u00f3 la aparici\u00f3n del libro (en Muchnik Editores, en 1983) en un homenaje p\u00f3stumo, \u201cen una carta de amor\u00bb de Julio a Carol. \u00c9l sobrevivi\u00f3 hasta el 12 de febrero de 1984, cuidado por Aurora Bern\u00e1rdez, que fue luego la heredera de los derechos de Cort\u00e1zar y que con tanta fe como lealtad cuid\u00f3 su persona y su obra.<\/p>\n<p>Esa historia de amor de Julio y Carol tiene su m\u00e1xima expresi\u00f3n en este libro delicado cuyo trayecto \u00e9l le explic\u00f3, antes de hacerlo, en aquella carta al citado Shavelzon: \u00abConsiste en embarcarnos en nuestra Volkswagen, que es como una casita con cama, cocina y todo lo necesario, y efectuar el viaje Par\u00eds-Marsella deteni\u00e9ndonos cada d\u00eda en dos parkings, sobre un total de unos 70\u00bb. Carol ten\u00eda 34 a\u00f1os. Julio ten\u00eda 68.<\/p>\n<p>El viaje es una conjunci\u00f3n de poemas, reflexiones, bromas y fotograf\u00edas; no hay ni un recodo, un \u00e1rbol, un personaje, una comida (la que ellos cocinaban, las que les llevaban sus devotos) que no tuviera reflejo en esta aventura tan especial, cuyo antecedente fue aquel cuento, La autopista del sur. Fue este relato c\u00e9lebre el que le abri\u00f3 la puerta para que Cort\u00e1zar reclamara apoyo a la autoridad de las autopistas francesas para realizar esta amorosa locura.<\/p>\n<p>El libro sali\u00f3 en 1983, ya sin Carol en este mundo. Lo celebr\u00f3 en Argentina, donde lo esper\u00f3 con la ansiedad de una carta retrasada. \u00c9l iba a emprender el pen\u00faltimo viaje de su viaje, a ver a \u00ablos nicas\u00bb que hab\u00edan tomado el poder en su querida Nicaragua, a la que dedic\u00f3 (tambi\u00e9n publicado por Muchnik) Nicaragua tan violentamente dulce. Le dijo a Muchnik, sobre el libro: \u00abMe muero de ganas de llev\u00e1rselo a los nicas (\u2026). Para ellos va a ser una buena cosa sobre todo en el plano moral\u00bb.<\/p>\n<p>De Nicaragua ya volvi\u00f3 enfermo Julio Cort\u00e1zar. Aquel con Carol, como le dijo Julio a Muchnik, iba a ser su \u00faltimo libro grande. Y fue su despedida, con Carol y para Carol. \u00bfC\u00f3mo era Cort\u00e1zar en el molino, c\u00f3mo lo dej\u00f3 esa p\u00e9rdida? Muchnik le hizo entonces fotograf\u00edas, y ah\u00ed se ve ese rostro ensombrecido por la incertidumbre y el dolor. Se levantaba al olor del caf\u00e9, se empe\u00f1aba en fregar los platos, segu\u00eda \u00abtan delicadamente como siempre\u00bb conversando y preocup\u00e1ndose de los otros. \u00abPero ya la vida era una pesadumbre\u00bb, como si adivinara un final del que no tuvo informaci\u00f3n sino casi cuando la ciencia pudo hacer mucho menos que nadie para levantarle la moral que hab\u00eda perdido.<\/p>\n<p>Ante la nueva edici\u00f3n de Alfaguara, Muchnik, su primer editor, los recuerda como \u00abdos enamoradores, d\u00e1ndose besos como pajaritos en el Drugstore de St Germain de Pres\u00bb. \u00abFue tan generoso Julio: me hab\u00edan echado de una de las editoriales en las que trabaj\u00e9, hab\u00eda montado la m\u00eda, y \u00e9l me dej\u00f3 tres libros, entre ellos Los autonautas\u2026 La gente lo quer\u00eda tanto, lo quisimos tanto. Unos argentinos lo abordaron en Barcelona, le quer\u00edan dar lo que ten\u00edan, unos bizcochitos\u2026 \u00c9l se resist\u00eda. Pero don Julio, con todo lo que nos ha dado, \u00bfc\u00f3mo no le vamos a dar lo que tenemos?\u00bb.<\/p>\n<p>Apesadumbrado \u00e9l mismo por la p\u00e9rdida de uno de sus admirados autores, Muchnick se qued\u00f3 pensando largamente cuando le pregunt\u00e9 por lo que Julio es hoy. Y despu\u00e9s de darle vueltas a las palabras dijo: \u00ab\u00bfSabes qu\u00e9 me pasa? Me pasa Cort\u00e1zar\u00bb.<\/p>\n<p>Dice Muchnik que Cort\u00e1zar ten\u00eda un sue\u00f1o recurrente: una ciudad que se agrandaba cada vez que volv\u00eda a so\u00f1ar. So\u00f1\u00f3 ese viaje con Carol como una locura y ese fue el \u00faltimo sue\u00f1o, su postrera locura.<\/p>\n<p>Fuente: El Pa\u00eds.<\/p>\n","protected":false},"excerpt":{"rendered":"<p>* La reedici\u00f3n de \u2018Los autonautas de la cosmopista\u2019, \u00faltimo t\u00edtulo del autor de \u2018Rayuela\u2019, revive el viaje que este realiz\u00f3 con su compa\u00f1era Carol Dunlop, con quien estuvo en Nicaragua en los a\u00f1os 80. Poco despu\u00e9s ambos morir\u00edan por enfermedades parecidas. El 12 de mayo de 1982, dos a\u00f1os antes de su muerte, Julio [&hellip;]<\/p>\n","protected":false},"author":1,"featured_media":44116,"comment_status":"open","ping_status":"open","sticky":false,"template":"","format":"standard","meta":{"om_disable_all_campaigns":false,"_monsterinsights_skip_tracking":false,"_monsterinsights_sitenote_active":false,"_monsterinsights_sitenote_note":"","_monsterinsights_sitenote_category":0,"footnotes":""},"categories":[10,3524],"tags":[],"class_list":["post-44115","post","type-post","status-publish","format-standard","has-post-thumbnail","hentry","category-cultura","category-noticas"],"aioseo_notices":[],"_links":{"self":[{"href":"https:\/\/elcronistadigital.com\/index.php?rest_route=\/wp\/v2\/posts\/44115","targetHints":{"allow":["GET"]}}],"collection":[{"href":"https:\/\/elcronistadigital.com\/index.php?rest_route=\/wp\/v2\/posts"}],"about":[{"href":"https:\/\/elcronistadigital.com\/index.php?rest_route=\/wp\/v2\/types\/post"}],"author":[{"embeddable":true,"href":"https:\/\/elcronistadigital.com\/index.php?rest_route=\/wp\/v2\/users\/1"}],"replies":[{"embeddable":true,"href":"https:\/\/elcronistadigital.com\/index.php?rest_route=%2Fwp%2Fv2%2Fcomments&post=44115"}],"version-history":[{"count":1,"href":"https:\/\/elcronistadigital.com\/index.php?rest_route=\/wp\/v2\/posts\/44115\/revisions"}],"predecessor-version":[{"id":44117,"href":"https:\/\/elcronistadigital.com\/index.php?rest_route=\/wp\/v2\/posts\/44115\/revisions\/44117"}],"wp:featuredmedia":[{"embeddable":true,"href":"https:\/\/elcronistadigital.com\/index.php?rest_route=\/wp\/v2\/media\/44116"}],"wp:attachment":[{"href":"https:\/\/elcronistadigital.com\/index.php?rest_route=%2Fwp%2Fv2%2Fmedia&parent=44115"}],"wp:term":[{"taxonomy":"category","embeddable":true,"href":"https:\/\/elcronistadigital.com\/index.php?rest_route=%2Fwp%2Fv2%2Fcategories&post=44115"},{"taxonomy":"post_tag","embeddable":true,"href":"https:\/\/elcronistadigital.com\/index.php?rest_route=%2Fwp%2Fv2%2Ftags&post=44115"}],"curies":[{"name":"wp","href":"https:\/\/api.w.org\/{rel}","templated":true}]}}