{"id":44118,"date":"2016-05-31T15:57:01","date_gmt":"2016-05-31T21:57:01","guid":{"rendered":"http:\/\/elcronistadigital.com\/?p=44118"},"modified":"2016-05-31T15:57:01","modified_gmt":"2016-05-31T21:57:01","slug":"asusta-sismo-de-3-4-a-apenas-4-6-km-de-profundidad","status":"publish","type":"post","link":"https:\/\/elcronistadigital.com\/?p=44118","title":{"rendered":"Asusta sismo de 3.4 a apenas 4.6 km de profundidad"},"content":{"rendered":"<p><a href=\"https:\/\/elcronistadigital.com\/wp-content\/uploads\/2016\/05\/sismo-falla.jpg\"><img loading=\"lazy\" decoding=\"async\" class=\"alignleft size-full wp-image-44120\" alt=\"sismo falla\" src=\"https:\/\/elcronistadigital.com\/wp-content\/uploads\/2016\/05\/sismo-falla.jpg\" width=\"450\" height=\"411\" srcset=\"https:\/\/elcronistadigital.com\/wp-content\/uploads\/2016\/05\/sismo-falla.jpg 450w, https:\/\/elcronistadigital.com\/wp-content\/uploads\/2016\/05\/sismo-falla-300x274.jpg 300w, https:\/\/elcronistadigital.com\/wp-content\/uploads\/2016\/05\/sismo-falla-342x312.jpg 342w\" sizes=\"auto, (max-width: 450px) 100vw, 450px\" \/><\/a>La falla Aeropuerto provoc\u00f3 a las 3:21 minutos de la tarde de este martes, un sismo de magnitud 3.4 grados en la escala de Richter, sin embargo, por su escasa profundidad de 4.6 km se sinti\u00f3 fuerte en sectores aleda\u00f1os a Las Colinas, Esquipulas, carretera a Masaya, La Fuente, Reparto Schick, Mercado de Mayoreo, Villa Reconciliaci\u00f3n y otros.<\/p>\n<p>Los lugares antes mencionados est\u00e1n bajo el \u00e1rea de influencia de la falla Aeropuerto, que seg\u00fan expertos en geolog\u00eda tarde o temprano provocar\u00e1 un violento terremoto en un sector comprendido entre Las Nubes, en El Crucero, y el Hotel Camino Real, cerca del lago Xolotl\u00e1n.<\/p>\n<p>La intensidad fue tan fuerte, que muchos pobladores salieron asustados de sus casas.<\/p>\n<p>En colegios e instituciones p\u00fablicas se aplicaron las medidas preventivas ante este tipo de fen\u00f3menos, seg\u00fan informan medios oficiales.<\/p>\n<p>El INETER se\u00f1ala que el sismo tuvo una intensidad de 3.4 grados, a una profundidad de 4.6 kil\u00f3metros, con epicentro entre Masaya, Nindir\u00ed y Ticuantepe.<\/p>\n<p>Este es el tercer sismo que se produce en esta zona durante este martes, aunque la actividad inici\u00f3 el pasado s\u00e1bado.<\/p>\n<p>De acuerdo al INETER, estos sismos tienen su origen en uno de los extremos de la Falla del Aeropuerto.<\/p>\n","protected":false},"excerpt":{"rendered":"<p>La falla Aeropuerto provoc\u00f3 a las 3:21 minutos de la tarde de este martes, un sismo de magnitud 3.4 grados en la escala de Richter, sin embargo, por su escasa profundidad de 4.6 km se sinti\u00f3 fuerte en sectores aleda\u00f1os a Las Colinas, Esquipulas, carretera a Masaya, La Fuente, Reparto Schick, Mercado de Mayoreo, Villa [&hellip;]<\/p>\n","protected":false},"author":1,"featured_media":44120,"comment_status":"open","ping_status":"open","sticky":false,"template":"","format":"standard","meta":{"om_disable_all_campaigns":false,"_monsterinsights_skip_tracking":false,"_monsterinsights_sitenote_active":false,"_monsterinsights_sitenote_note":"","_monsterinsights_sitenote_category":0,"footnotes":""},"categories":[3524,13],"tags":[],"class_list":["post-44118","post","type-post","status-publish","format-standard","has-post-thumbnail","hentry","category-noticas","category-portada"],"aioseo_notices":[],"_links":{"self":[{"href":"https:\/\/elcronistadigital.com\/index.php?rest_route=\/wp\/v2\/posts\/44118","targetHints":{"allow":["GET"]}}],"collection":[{"href":"https:\/\/elcronistadigital.com\/index.php?rest_route=\/wp\/v2\/posts"}],"about":[{"href":"https:\/\/elcronistadigital.com\/index.php?rest_route=\/wp\/v2\/types\/post"}],"author":[{"embeddable":true,"href":"https:\/\/elcronistadigital.com\/index.php?rest_route=\/wp\/v2\/users\/1"}],"replies":[{"embeddable":true,"href":"https:\/\/elcronistadigital.com\/index.php?rest_route=%2Fwp%2Fv2%2Fcomments&post=44118"}],"version-history":[{"count":1,"href":"https:\/\/elcronistadigital.com\/index.php?rest_route=\/wp\/v2\/posts\/44118\/revisions"}],"predecessor-version":[{"id":44121,"href":"https:\/\/elcronistadigital.com\/index.php?rest_route=\/wp\/v2\/posts\/44118\/revisions\/44121"}],"wp:featuredmedia":[{"embeddable":true,"href":"https:\/\/elcronistadigital.com\/index.php?rest_route=\/wp\/v2\/media\/44120"}],"wp:attachment":[{"href":"https:\/\/elcronistadigital.com\/index.php?rest_route=%2Fwp%2Fv2%2Fmedia&parent=44118"}],"wp:term":[{"taxonomy":"category","embeddable":true,"href":"https:\/\/elcronistadigital.com\/index.php?rest_route=%2Fwp%2Fv2%2Fcategories&post=44118"},{"taxonomy":"post_tag","embeddable":true,"href":"https:\/\/elcronistadigital.com\/index.php?rest_route=%2Fwp%2Fv2%2Ftags&post=44118"}],"curies":[{"name":"wp","href":"https:\/\/api.w.org\/{rel}","templated":true}]}}