{"id":44175,"date":"2016-06-06T08:58:42","date_gmt":"2016-06-06T14:58:42","guid":{"rendered":"http:\/\/elcronistadigital.com\/?p=44175"},"modified":"2016-06-06T08:58:42","modified_gmt":"2016-06-06T14:58:42","slug":"se-publica-por-primera-vez-facsimil-del-cuaderno-de-hule-de-ruben-dario","status":"publish","type":"post","link":"https:\/\/elcronistadigital.com\/?p=44175","title":{"rendered":"Se publica por primera vez facs\u00edmil del \u00abCuaderno de Hule\u00bb de Rub\u00e9n Dar\u00edo"},"content":{"rendered":"<div id=\"attachment_44176\" style=\"width: 360px\" class=\"wp-caption alignleft\"><a href=\"https:\/\/elcronistadigital.com\/wp-content\/uploads\/2016\/06\/cuaderno-de-hule-de-rub\u00e9n-dar\u00edo.jpg\"><img loading=\"lazy\" decoding=\"async\" aria-describedby=\"caption-attachment-44176\" class=\"size-full wp-image-44176\" alt=\"El famoso cuaderno de hule de Rub\u00e9n Dar\u00edo.\" src=\"https:\/\/elcronistadigital.com\/wp-content\/uploads\/2016\/06\/cuaderno-de-hule-de-rub\u00e9n-dar\u00edo.jpg\" width=\"350\" height=\"196\" srcset=\"https:\/\/elcronistadigital.com\/wp-content\/uploads\/2016\/06\/cuaderno-de-hule-de-rub\u00e9n-dar\u00edo.jpg 350w, https:\/\/elcronistadigital.com\/wp-content\/uploads\/2016\/06\/cuaderno-de-hule-de-rub\u00e9n-dar\u00edo-300x168.jpg 300w, https:\/\/elcronistadigital.com\/wp-content\/uploads\/2016\/06\/cuaderno-de-hule-de-rub\u00e9n-dar\u00edo-342x191.jpg 342w\" sizes=\"auto, (max-width: 350px) 100vw, 350px\" \/><\/a><p id=\"caption-attachment-44176\" class=\"wp-caption-text\">El famoso cuaderno de hule de Rub\u00e9n Dar\u00edo.<\/p><\/div>\n<p>Se trata de edici\u00f3n conmemorativa con motivo del centenario del fallecimiento del autor. Reproduce el cuaderno escolar, con tapas de hule, manuscrito que llev\u00f3 consigo el poeta nicarag\u00fcense durante su viaje a nuestro pa\u00eds de 1907 a 1908<\/p>\n<p>El poeta Rub\u00e9n Dar\u00edo llevaba un cuaderno escolar, con tapas de hule, en el viaje que hizo a Nicaragua entre 1907 y 1908 y en el que figuran poemas, algunos inacabados, y otras notas, un cuaderno que se edita por primera vez en facs\u00edmil con motivo del centenario de su muerte.<\/p>\n<p>Propiedad de la Biblioteca Hist\u00f3rica de la Universidad Complutense de Madrid, el original \u00abCuaderno de Hule\u00bb presenta tanto en sus tapas como en las p\u00e1ginas la acci\u00f3n del paso del tiempo, adem\u00e1s de la huella de otros usos, como el de servir de cuaderno de dibujo para su hijo, Rub\u00e9n Dar\u00edo S\u00e1nchez \u00abG\u00fcicho\u00bb a su regreso a Madrid. Por eso, hay dibujos infantiles, rayas y garabatos a l\u00e1piz en casi todas las p\u00e1ginas, incluso en la que contienen aut\u00f3grafos de Dar\u00edo.<\/p>\n<p>El sello editorial del Centro de Arte Moderno publica ahora, como homenaje al autor nicarag\u00fcense, una edici\u00f3n de 100 ejemplares y realizados de forma artesanal, ha informado hoy esta instituci\u00f3n.<\/p>\n<p>El cuaderno facs\u00edmil va incluido en una caja cubierta en tela y papel estampado a mano, en la que tambi\u00e9n se incluye un libro, encuadernado a la japonesa, con el texto que Roc\u00edo Oviedo, profesora de la Universidad Complutense de Madrid, escribi\u00f3 con la historia del cuaderno y el an\u00e1lisis literario de su contenido.<\/p>\n<p>En el original faltan cuatro hojas al principio, aunque las p\u00e1ginas han sido numeradas a posteriori. Las primeras 38 contienen una serie de composiciones po\u00e9ticas aut\u00f3grafas, completas e incompletas de Rub\u00e9n Dar\u00edo; varios poemas editados, algunos de ellos con variantes entre las versiones aut\u00f3grafas y las versiones impresas, y otros in\u00e9ditos. Entre ellos, destacan \u00abPoema de oto\u00f1o\u00bb (p\u00e1ginas 1-11), incompleto, y el manuscrito original del poema \u00abCanci\u00f3n oto\u00f1al\u00bb (p\u00e1ginas 13-14).<\/p>\n<p>Las \u00faltimas p\u00e1ginas del cuaderno contienen textos copiados por la compa\u00f1era del poeta desde 1899, Francisca S\u00e1nchez, a quien el propio Dar\u00edo y el autor Amado Nervo ense\u00f1aron a escribir.<\/p>\n","protected":false},"excerpt":{"rendered":"<p>Se trata de edici\u00f3n conmemorativa con motivo del centenario del fallecimiento del autor. Reproduce el cuaderno escolar, con tapas de hule, manuscrito que llev\u00f3 consigo el poeta nicarag\u00fcense durante su viaje a nuestro pa\u00eds de 1907 a 1908 El poeta Rub\u00e9n Dar\u00edo llevaba un cuaderno escolar, con tapas de hule, en el viaje que hizo [&hellip;]<\/p>\n","protected":false},"author":1,"featured_media":44176,"comment_status":"open","ping_status":"open","sticky":false,"template":"","format":"standard","meta":{"om_disable_all_campaigns":false,"_monsterinsights_skip_tracking":false,"_monsterinsights_sitenote_active":false,"_monsterinsights_sitenote_note":"","_monsterinsights_sitenote_category":0,"footnotes":""},"categories":[10,3524],"tags":[],"class_list":["post-44175","post","type-post","status-publish","format-standard","has-post-thumbnail","hentry","category-cultura","category-noticas"],"aioseo_notices":[],"_links":{"self":[{"href":"https:\/\/elcronistadigital.com\/index.php?rest_route=\/wp\/v2\/posts\/44175","targetHints":{"allow":["GET"]}}],"collection":[{"href":"https:\/\/elcronistadigital.com\/index.php?rest_route=\/wp\/v2\/posts"}],"about":[{"href":"https:\/\/elcronistadigital.com\/index.php?rest_route=\/wp\/v2\/types\/post"}],"author":[{"embeddable":true,"href":"https:\/\/elcronistadigital.com\/index.php?rest_route=\/wp\/v2\/users\/1"}],"replies":[{"embeddable":true,"href":"https:\/\/elcronistadigital.com\/index.php?rest_route=%2Fwp%2Fv2%2Fcomments&post=44175"}],"version-history":[{"count":1,"href":"https:\/\/elcronistadigital.com\/index.php?rest_route=\/wp\/v2\/posts\/44175\/revisions"}],"predecessor-version":[{"id":44177,"href":"https:\/\/elcronistadigital.com\/index.php?rest_route=\/wp\/v2\/posts\/44175\/revisions\/44177"}],"wp:featuredmedia":[{"embeddable":true,"href":"https:\/\/elcronistadigital.com\/index.php?rest_route=\/wp\/v2\/media\/44176"}],"wp:attachment":[{"href":"https:\/\/elcronistadigital.com\/index.php?rest_route=%2Fwp%2Fv2%2Fmedia&parent=44175"}],"wp:term":[{"taxonomy":"category","embeddable":true,"href":"https:\/\/elcronistadigital.com\/index.php?rest_route=%2Fwp%2Fv2%2Fcategories&post=44175"},{"taxonomy":"post_tag","embeddable":true,"href":"https:\/\/elcronistadigital.com\/index.php?rest_route=%2Fwp%2Fv2%2Ftags&post=44175"}],"curies":[{"name":"wp","href":"https:\/\/api.w.org\/{rel}","templated":true}]}}