{"id":44208,"date":"2016-06-10T13:09:40","date_gmt":"2016-06-10T19:09:40","guid":{"rendered":"http:\/\/elcronistadigital.com\/?p=44208"},"modified":"2016-06-10T13:10:34","modified_gmt":"2016-06-10T19:10:34","slug":"dario-tendra-una-estampilla-para-recordar-sus-dias-en-el-correo-de-argentina","status":"publish","type":"post","link":"https:\/\/elcronistadigital.com\/?p=44208","title":{"rendered":"Dar\u00edo tendr\u00e1 una estampilla para recordar sus d\u00edas en el Correo de Argentina"},"content":{"rendered":"<p><a href=\"https:\/\/elcronistadigital.com\/wp-content\/uploads\/2016\/06\/ruben1.jpg\"><img loading=\"lazy\" decoding=\"async\" class=\"alignleft size-medium wp-image-44209\" alt=\"ruben1\" src=\"https:\/\/elcronistadigital.com\/wp-content\/uploads\/2016\/06\/ruben1-300x228.jpg\" width=\"300\" height=\"228\" srcset=\"https:\/\/elcronistadigital.com\/wp-content\/uploads\/2016\/06\/ruben1-300x228.jpg 300w, https:\/\/elcronistadigital.com\/wp-content\/uploads\/2016\/06\/ruben1-342x259.jpg 342w, https:\/\/elcronistadigital.com\/wp-content\/uploads\/2016\/06\/ruben1-60x45.jpg 60w, https:\/\/elcronistadigital.com\/wp-content\/uploads\/2016\/06\/ruben1-150x113.jpg 150w, https:\/\/elcronistadigital.com\/wp-content\/uploads\/2016\/06\/ruben1.jpg 750w\" sizes=\"auto, (max-width: 300px) 100vw, 300px\" \/><\/a><span style=\"color: #993300;\"><em><strong>&#8211; A 100 a\u00f1os de la muerte del poeta nicarag\u00fcense, se presentar\u00f3 el jueves en Argentina un sello especial para conmemorar su pasi\u00f3n por las letras y su trabajo en esa oficina<\/strong><\/em><\/span><\/p>\n<p>Curiosa carta de presentaci\u00f3n la de un hombre con una imperiosa necesidad de mejorar su situaci\u00f3n econ\u00f3mica, pero poco interesado en el puesto, l\u00facido conocedor de su talento para otro oficio. Honesto, en la entrevista con quien ser\u00eda su futuro jefe, no prometi\u00f3 erudici\u00f3n en la materia ni preocupaci\u00f3n por el futuro de la empresa. S\u00ed destac\u00f3 una virtud, digna de la reflexi\u00f3n de todo experto en recursos humanos.<\/p>\n<p>\u00abTengo el don negativo del silencio\u00bb, confes\u00f3 con este ox\u00edmoron, un creador al que le brotaban las palabras, el d\u00eda que conoci\u00f3 a ese hombre poderoso. La prudencia le gan\u00f3 a la experiencia. Faltaban pocos d\u00edas para el inicio de 1896 y Rub\u00e9n Dar\u00edo, instalado en Buenos Aires, ingresaba, recomendado por varios amigos, a Correo y Tel\u00e9grafos.<\/p>\n<p>Durante algunos meses se desempe\u00f1ar\u00eda en una tarea kafkiana, como secretario privado del director de este establecimiento, pero con la alegr\u00eda de tener como compa\u00f1ero de oficina a otro inmenso poeta, Leopoldo Lugones, con quien trabar\u00eda una gran amistad.<\/p>\n<p>Lo anterior fue recordado el jueves durante la clausura de la jornada \u00abLa po\u00e9tica de Rub\u00e9n Dar\u00edo\u00bb que organiz\u00f3 la Biblioteca Nacional de Argentina, donde expusieron sus investigaciones tres especialistas en el poeta nicarag\u00fcense, el Correo Argentino hizo la presentaci\u00f3n oficial de un sello postal (con una tirada de 30.000 unidades) en homenaje a quien fue su tan ilustre empleado.<\/p>\n<p>Se trata de una obra de Julio Mart\u00ednez Castillo, perteneciente al Banco Central de Nicaragua, con dise\u00f1o de Mar\u00eda de los \u00c1ngeles Nores, que va acompa\u00f1ado de un verso del poema \u00abEl libro\u00bb, del nicarag\u00fcense, con un fondo de color azul, en claro homenaje al c\u00e9lebre poemario de Dar\u00edo. A su vez, la muestra que realiza la instituci\u00f3n, \u00abRub\u00e9n Dar\u00edo. El modernismo en Buenos Aires\u00bb, impulsada por el bisnieto del poeta, Mart\u00edn Katz Dar\u00edo, culmina el viernes.<\/p>\n<p>En el cap\u00edtulo XLV de su Autobiograf\u00eda, Rub\u00e9n Dar\u00edo cuenta que, instalado en Buenos Aires, no pod\u00eda subsistir econ\u00f3micamente solamente con sus art\u00edculos period\u00edsticos, as\u00ed que, preocupados por su situaci\u00f3n, sus amigos le consiguieron una entrevista con Carlos Carl\u00e9s, el director de Correos y Tel\u00e9grafos, quien lo design\u00f3 de inmediato para un puesto de extrema confianza.<\/p>\n<p>\u00abYo cumpl\u00eda cronom\u00e9tricamente con mis obligaciones, las cuales eran contestar una cantidad innumerable de cartas de recomendaci\u00f3n que llegaban de todas partes de la Rep\u00fablica, y luego recibir a un ej\u00e9rcito de solicitantes de empleos, que llevaban en personas (sic) sus cartas favorables. En las primeras no me faltaba el \u00abcon el mayor gusto&#8230;\u00bb y \u00aben la primera oportunidad&#8230;\u00bb o \u00aben cuanto haya alguna vacante&#8230;\u00bb. Y a los que llegaban, siempre les daba esperanzas: \u00abVuelva usted otro d\u00eda&#8230; Hablar\u00e9 con el director&#8230; Lo tendr\u00e9 muy presente&#8230; Creo que usted conseguir\u00e1 su puesto&#8230;\u00bb. Y as\u00ed la gente se iba contenta\u00bb, cuenta. A Carl\u00e9s lo visitaban en su despacho hombres poderosos de la Argentina, como Roque S\u00e1enz Pe\u00f1a, quien luego ser\u00eda presidente de la Naci\u00f3n.<\/p>\n<p>As\u00ed, entre las tertulias bohemias que se extend\u00edan hasta la madrugada y en la vida diurna de un bur\u00f3crata repart\u00eda Dar\u00edo su estancia porte\u00f1a. Pero esta tarea tan extravagante para un poeta cobra adem\u00e1s mayor magia dado que Dar\u00edo compart\u00eda sus d\u00edas de oficina con otro compa\u00f1ero, tambi\u00e9n dotado para los versos: el mism\u00edsimo Leopoldo Lugones (quien realizar\u00eda tareas como auxiliar, luego como jefe de archivo general de Correos y, finalmente, como jefe de Control de Inspecci\u00f3n).<\/p>\n<p>Junto a los dos bardos tambi\u00e9n se desempe\u00f1aba el neuquino ilustre Patricio Pi\u00f1eiro Sorondo, gran conocedor de asuntos teos\u00f3ficos. Dar\u00edo llama a este grupo \u00abun interesante tr\u00edo\u00bb y se refiere al compa\u00f1erismo y solidaridad que exist\u00eda en aquella oficina. \u00abCuando no contestaba yo cartas, escrib\u00eda versos o art\u00edculos. En las quemantes horas del verano nos regocijaba en la secretar\u00eda la presencia de un alegre y moreno portero que nos llevaba refrigerantes y ricas horchatas\u00bb, recuerda Dar\u00edo muchos a\u00f1os despu\u00e9s aquella tarea en su Autobiograf\u00eda.<\/p>\n<p>Dar\u00edo escribi\u00f3 en el diario LA NACION, fechado el 9 de abril de 1903, un p\u00edcaro art\u00edculo donde se refiere a las damas lectoras y admiradoras que le escrib\u00edan pidi\u00e9ndole un aut\u00f3grafo, hecho que sirve como musa inspiradora para que recuerde su experiencia en Correos y Tel\u00e9grafos. \u00abCuando vais en viaje, por un lejano pa\u00eds, muchas veces no os es f\u00e1cil el escribir una carta a tales \u00f3 cuales personas de vuestra afecci\u00f3n; y una \u00f3 dos palabras puestas en una tarjeta postal ilustrada que ech\u00e1is en el pr\u00f3ximo buz\u00f3n llevan vuestro recuerdo con la imagen del pa\u00eds \u00f3 del lugar en que escrib\u00eds.\u00bb<\/p>\n<p>Dar\u00edo se pregunta sobre el origen de las tarjetas postales -en su momento, a principio de siglo XX, muy a la moda- a las que llama \u00abcartoncitos rectangulares con gratos y pintorescos mensajeros\u00bb, toda una innovaci\u00f3n porque acompa\u00f1aba el escrito con una foto o ilustraci\u00f3n del lugar desde el cual se dirig\u00eda el remitente. Tambi\u00e9n se refiere a los coleccionistas de estampillas y a otras faunas de este universo manuscrito de la comunicaci\u00f3n. En todas las \u00e9pocas el contacto epistolar se ha visto seducido por la brevedad y, por eso, Dar\u00edo se lamenta de que las cartas hayan quedado en un segundo plano frente a la moda de las tarjetas postales.<\/p>\n<p>Dar\u00edo, explorador, viajero y errante pluma, quien escribi\u00f3 innumerables cartas que cruzaron el Atl\u00e1ntico y recorrieron Am\u00e9rica Latina, no podr\u00eda haber ejercido su labor sin las bondades del sistema postal. Por eso como antiguo empleado y tambi\u00e9n como usuario ilustre, el hoy llamado Correo Argentino le rinde este homenaje.<\/p>\n","protected":false},"excerpt":{"rendered":"<p>&#8211; A 100 a\u00f1os de la muerte del poeta nicarag\u00fcense, se presentar\u00f3 el jueves en Argentina un sello especial para conmemorar su pasi\u00f3n por las letras y su trabajo en esa oficina Curiosa carta de presentaci\u00f3n la de un hombre con una imperiosa necesidad de mejorar su situaci\u00f3n econ\u00f3mica, pero poco interesado en el puesto, [&hellip;]<\/p>\n","protected":false},"author":1,"featured_media":44209,"comment_status":"open","ping_status":"open","sticky":false,"template":"","format":"standard","meta":{"om_disable_all_campaigns":false,"_monsterinsights_skip_tracking":false,"_monsterinsights_sitenote_active":false,"_monsterinsights_sitenote_note":"","_monsterinsights_sitenote_category":0,"footnotes":""},"categories":[10,3524],"tags":[],"class_list":["post-44208","post","type-post","status-publish","format-standard","has-post-thumbnail","hentry","category-cultura","category-noticas"],"aioseo_notices":[],"_links":{"self":[{"href":"https:\/\/elcronistadigital.com\/index.php?rest_route=\/wp\/v2\/posts\/44208","targetHints":{"allow":["GET"]}}],"collection":[{"href":"https:\/\/elcronistadigital.com\/index.php?rest_route=\/wp\/v2\/posts"}],"about":[{"href":"https:\/\/elcronistadigital.com\/index.php?rest_route=\/wp\/v2\/types\/post"}],"author":[{"embeddable":true,"href":"https:\/\/elcronistadigital.com\/index.php?rest_route=\/wp\/v2\/users\/1"}],"replies":[{"embeddable":true,"href":"https:\/\/elcronistadigital.com\/index.php?rest_route=%2Fwp%2Fv2%2Fcomments&post=44208"}],"version-history":[{"count":3,"href":"https:\/\/elcronistadigital.com\/index.php?rest_route=\/wp\/v2\/posts\/44208\/revisions"}],"predecessor-version":[{"id":44212,"href":"https:\/\/elcronistadigital.com\/index.php?rest_route=\/wp\/v2\/posts\/44208\/revisions\/44212"}],"wp:featuredmedia":[{"embeddable":true,"href":"https:\/\/elcronistadigital.com\/index.php?rest_route=\/wp\/v2\/media\/44209"}],"wp:attachment":[{"href":"https:\/\/elcronistadigital.com\/index.php?rest_route=%2Fwp%2Fv2%2Fmedia&parent=44208"}],"wp:term":[{"taxonomy":"category","embeddable":true,"href":"https:\/\/elcronistadigital.com\/index.php?rest_route=%2Fwp%2Fv2%2Fcategories&post=44208"},{"taxonomy":"post_tag","embeddable":true,"href":"https:\/\/elcronistadigital.com\/index.php?rest_route=%2Fwp%2Fv2%2Ftags&post=44208"}],"curies":[{"name":"wp","href":"https:\/\/api.w.org\/{rel}","templated":true}]}}