{"id":44259,"date":"2016-06-16T14:50:44","date_gmt":"2016-06-16T20:50:44","guid":{"rendered":"http:\/\/elcronistadigital.com\/?p=44259"},"modified":"2016-06-16T14:50:44","modified_gmt":"2016-06-16T20:50:44","slug":"homenaje-a-ruben-dario-y-francisca-sanchez-en-navalsauz","status":"publish","type":"post","link":"https:\/\/elcronistadigital.com\/?p=44259","title":{"rendered":"Homenaje a Rub\u00e9n Dar\u00edo y Francisca S\u00e1nchez en Navals\u00e1uz"},"content":{"rendered":"<p><a href=\"https:\/\/elcronistadigital.com\/wp-content\/uploads\/2016\/06\/Ru-y-Fra.jpg\"><img loading=\"lazy\" decoding=\"async\" class=\"alignleft size-full wp-image-44260\" alt=\"Ru y Fra\" src=\"https:\/\/elcronistadigital.com\/wp-content\/uploads\/2016\/06\/Ru-y-Fra.jpg\" width=\"500\" height=\"375\" srcset=\"https:\/\/elcronistadigital.com\/wp-content\/uploads\/2016\/06\/Ru-y-Fra.jpg 500w, https:\/\/elcronistadigital.com\/wp-content\/uploads\/2016\/06\/Ru-y-Fra-300x225.jpg 300w, https:\/\/elcronistadigital.com\/wp-content\/uploads\/2016\/06\/Ru-y-Fra-342x256.jpg 342w, https:\/\/elcronistadigital.com\/wp-content\/uploads\/2016\/06\/Ru-y-Fra-60x45.jpg 60w, https:\/\/elcronistadigital.com\/wp-content\/uploads\/2016\/06\/Ru-y-Fra-150x113.jpg 150w, https:\/\/elcronistadigital.com\/wp-content\/uploads\/2016\/06\/Ru-y-Fra-269x201.jpg 269w\" sizes=\"auto, (max-width: 500px) 100vw, 500px\" \/><\/a>El s\u00e1bado celebrar\u00e1n en Navals\u00e1uz, \u00c1vila, en Espa\u00f1a, dentro de la programaci\u00f3n del Festival del Piorno en Flor de Gredos, un homenaje a Rub\u00e9n Dar\u00edo y Francisca S\u00e1nchez, en el marco del Centenario de la muerte del poeta en Le\u00f3n (Nicaragua).<\/p>\n<p>Francisca S\u00e1nchez, hija del pueblo de Navals\u00e1uz, fue compa\u00f1era, madre de sus hijos y heredera del legado del poeta iniciador del Modernismo Rub\u00e9n Dar\u00edo, uno de los escritores m\u00e1s importantes de las letras en lengua espa\u00f1ola.<\/p>\n<p>El acto se iniciar\u00e1 a las doce del mediod\u00eda en ficha localidad, previamente engalanada con decoraciones florales dirigidas por la florista Mar\u00eda \u00c1ngeles \u00c1lvarez, de Don Zoilo Flores, y por el artista de la naturaleza Carlos de Gredos. Estas decoraciones estar\u00e1n ejecutadas por los habitantes de Navals\u00e1uz y estar\u00e1n realizadas con la flor amarilla del piorno.<\/p>\n<p>El preg\u00f3n, a cargo de la periodista y nieta de Francisca S\u00e1nchez Rosa Villacast\u00edn, dar\u00e1 el pistoletazo de salida y el acto constar\u00e1 de diversos momentos literarios, hist\u00f3ricos y musicales en torno a Francisca S\u00e1nchez y Rub\u00e9n Dar\u00edo, con la presencia &#8211;en el papel de Rub\u00e9n Dar\u00edo&#8211; de Ram\u00f3n Langa, conductor del paseo por la localidad.<\/p>\n","protected":false},"excerpt":{"rendered":"<p>El s\u00e1bado celebrar\u00e1n en Navals\u00e1uz, \u00c1vila, en Espa\u00f1a, dentro de la programaci\u00f3n del Festival del Piorno en Flor de Gredos, un homenaje a Rub\u00e9n Dar\u00edo y Francisca S\u00e1nchez, en el marco del Centenario de la muerte del poeta en Le\u00f3n (Nicaragua). Francisca S\u00e1nchez, hija del pueblo de Navals\u00e1uz, fue compa\u00f1era, madre de sus hijos y [&hellip;]<\/p>\n","protected":false},"author":1,"featured_media":44260,"comment_status":"open","ping_status":"open","sticky":false,"template":"","format":"standard","meta":{"om_disable_all_campaigns":false,"_monsterinsights_skip_tracking":false,"_monsterinsights_sitenote_active":false,"_monsterinsights_sitenote_note":"","_monsterinsights_sitenote_category":0,"footnotes":""},"categories":[10,3524],"tags":[],"class_list":["post-44259","post","type-post","status-publish","format-standard","has-post-thumbnail","hentry","category-cultura","category-noticas"],"aioseo_notices":[],"_links":{"self":[{"href":"https:\/\/elcronistadigital.com\/index.php?rest_route=\/wp\/v2\/posts\/44259","targetHints":{"allow":["GET"]}}],"collection":[{"href":"https:\/\/elcronistadigital.com\/index.php?rest_route=\/wp\/v2\/posts"}],"about":[{"href":"https:\/\/elcronistadigital.com\/index.php?rest_route=\/wp\/v2\/types\/post"}],"author":[{"embeddable":true,"href":"https:\/\/elcronistadigital.com\/index.php?rest_route=\/wp\/v2\/users\/1"}],"replies":[{"embeddable":true,"href":"https:\/\/elcronistadigital.com\/index.php?rest_route=%2Fwp%2Fv2%2Fcomments&post=44259"}],"version-history":[{"count":2,"href":"https:\/\/elcronistadigital.com\/index.php?rest_route=\/wp\/v2\/posts\/44259\/revisions"}],"predecessor-version":[{"id":44262,"href":"https:\/\/elcronistadigital.com\/index.php?rest_route=\/wp\/v2\/posts\/44259\/revisions\/44262"}],"wp:featuredmedia":[{"embeddable":true,"href":"https:\/\/elcronistadigital.com\/index.php?rest_route=\/wp\/v2\/media\/44260"}],"wp:attachment":[{"href":"https:\/\/elcronistadigital.com\/index.php?rest_route=%2Fwp%2Fv2%2Fmedia&parent=44259"}],"wp:term":[{"taxonomy":"category","embeddable":true,"href":"https:\/\/elcronistadigital.com\/index.php?rest_route=%2Fwp%2Fv2%2Fcategories&post=44259"},{"taxonomy":"post_tag","embeddable":true,"href":"https:\/\/elcronistadigital.com\/index.php?rest_route=%2Fwp%2Fv2%2Ftags&post=44259"}],"curies":[{"name":"wp","href":"https:\/\/api.w.org\/{rel}","templated":true}]}}