{"id":44314,"date":"2016-06-24T07:22:39","date_gmt":"2016-06-24T13:22:39","guid":{"rendered":"http:\/\/elcronistadigital.com\/?p=44314"},"modified":"2016-06-24T07:22:39","modified_gmt":"2016-06-24T13:22:39","slug":"en-chiapas-roban-y-golpean-a-migrantes-de-nicaragua","status":"publish","type":"post","link":"https:\/\/elcronistadigital.com\/?p=44314","title":{"rendered":"En Chiapas roban y golpean a migrantes de Nicaragua"},"content":{"rendered":"<div id=\"attachment_44315\" style=\"width: 287px\" class=\"wp-caption alignleft\"><a href=\"https:\/\/elcronistadigital.com\/wp-content\/uploads\/2016\/06\/Namibia-Fuentes-Gonz\u00e1lez-1.jpg\"><img loading=\"lazy\" decoding=\"async\" aria-describedby=\"caption-attachment-44315\" class=\"size-medium wp-image-44315\" alt=\"Namibia Fuentes Gonz\u00e1lez, c\u00f3nsul de Nicaragua en Tapachula.\" src=\"https:\/\/elcronistadigital.com\/wp-content\/uploads\/2016\/06\/Namibia-Fuentes-Gonz\u00e1lez-1-277x300.jpg\" width=\"277\" height=\"300\" srcset=\"https:\/\/elcronistadigital.com\/wp-content\/uploads\/2016\/06\/Namibia-Fuentes-Gonz\u00e1lez-1-277x300.jpg 277w, https:\/\/elcronistadigital.com\/wp-content\/uploads\/2016\/06\/Namibia-Fuentes-Gonz\u00e1lez-1.jpg 300w\" sizes=\"auto, (max-width: 277px) 100vw, 277px\" \/><\/a><p id=\"caption-attachment-44315\" class=\"wp-caption-text\">Namibia Fuentes Gonz\u00e1lez, c\u00f3nsul de Nicaragua en Tapachula.<\/p><\/div>\n<p>Tapachula, Chis.-La c\u00f3nsul de Nicaragua en Tapachula, Namibia Fuentes Gonz\u00e1lez, denunci\u00f3 que se ha incrementado la violencia, los robos, asaltos y extorsiones contra sus connacionales, quienes al internarse a M\u00e9xico, de manera regular o irregular son v\u00edctimas de esos delitos.<\/p>\n<p>Expres\u00f3 que la delincuencia se dispar\u00f3 en este 2016, y de ocho casos registrados como m\u00e1ximo, ahora en el primer semestre de este a\u00f1o, se han registrado m\u00e1s de 23 denuncias de sus conciudadanos, quienes han sido v\u00edctimas de alg\u00fan delito, cometidos en Tapachula y Suchiate.<\/p>\n<p>\u00abLo que me llama la atenci\u00f3n a m\u00ed, como diplom\u00e1tica de Nicaragua, es que en estos seis meses llevo un \u00edndice mayor de v\u00edctimas, lo cual es alarmante, porque la delincuencia ha incrementado, y esto est\u00e1 afectando a mis connacionales, as\u00ed como al resto de los hermanos centroamericanos\u00bb, dijo.<\/p>\n<p>Y agreg\u00f3: \u00aben el 2014 lo m\u00e1s que he tenido de v\u00edctimas fueron ocho, y en estos seis meses de 2016, ya llevo 26 v\u00edctimas, a las que las golpean, les quitan todas sus pertenencias y realmente no puede estar pasando algo as\u00ed\u00bb, dijo.<\/p>\n<p>Fuentes Gonz\u00e1lez declar\u00f3 que \u00aben M\u00e9xico, en especial en Chiapas, las autoridades reciben las denuncias de sus connacionales, pero de ah\u00ed no sabemos qu\u00e9 m\u00e1s pasa\u00bb.<\/p>\n<p>Consider\u00f3 que su principal petici\u00f3n es garantizar la seguridad de sus connacionales, \u00abun aseguramiento para nuestros connacionales que van en tr\u00e1nsito, que sepan que est\u00e1n las autoridades, pero que no los vayan a detener o entregar a Migraci\u00f3n, porque las polic\u00edas no son los entes competentes para entregarlos en el Instituto Nacional de Migraci\u00f3n (INM).<\/p>\n<p>Sostuvo que \u00absus connacionales que son v\u00edctimas de un delito son personas que son golpeadas, agredidas violentamente y detall\u00f3 que se han hecho las denuncias pertinentes, pero hasta ahora no se ha logrado frenar la actividad delictiva, por lo que pidi\u00f3 que se active un plan de seguridad, porque no hab\u00eda v\u00edctimas de denuncias de delitos cometidos contra migrantes, en especial nicarag\u00fcenses.<\/p>\n<p>Por \u00faltimo, confi\u00f3 que las autoridades de Chiapas den soluci\u00f3n a la inseguridad que se vive en la frontera sur de la entidad.<\/p>\n","protected":false},"excerpt":{"rendered":"<p>Tapachula, Chis.-La c\u00f3nsul de Nicaragua en Tapachula, Namibia Fuentes Gonz\u00e1lez, denunci\u00f3 que se ha incrementado la violencia, los robos, asaltos y extorsiones contra sus connacionales, quienes al internarse a M\u00e9xico, de manera regular o irregular son v\u00edctimas de esos delitos. Expres\u00f3 que la delincuencia se dispar\u00f3 en este 2016, y de ocho casos registrados como [&hellip;]<\/p>\n","protected":false},"author":1,"featured_media":44315,"comment_status":"open","ping_status":"open","sticky":false,"template":"","format":"standard","meta":{"om_disable_all_campaigns":false,"_monsterinsights_skip_tracking":false,"_monsterinsights_sitenote_active":false,"_monsterinsights_sitenote_note":"","_monsterinsights_sitenote_category":0,"footnotes":""},"categories":[16,3524],"tags":[],"class_list":["post-44314","post","type-post","status-publish","format-standard","has-post-thumbnail","hentry","category-migrante","category-noticas"],"aioseo_notices":[],"_links":{"self":[{"href":"https:\/\/elcronistadigital.com\/index.php?rest_route=\/wp\/v2\/posts\/44314","targetHints":{"allow":["GET"]}}],"collection":[{"href":"https:\/\/elcronistadigital.com\/index.php?rest_route=\/wp\/v2\/posts"}],"about":[{"href":"https:\/\/elcronistadigital.com\/index.php?rest_route=\/wp\/v2\/types\/post"}],"author":[{"embeddable":true,"href":"https:\/\/elcronistadigital.com\/index.php?rest_route=\/wp\/v2\/users\/1"}],"replies":[{"embeddable":true,"href":"https:\/\/elcronistadigital.com\/index.php?rest_route=%2Fwp%2Fv2%2Fcomments&post=44314"}],"version-history":[{"count":1,"href":"https:\/\/elcronistadigital.com\/index.php?rest_route=\/wp\/v2\/posts\/44314\/revisions"}],"predecessor-version":[{"id":44316,"href":"https:\/\/elcronistadigital.com\/index.php?rest_route=\/wp\/v2\/posts\/44314\/revisions\/44316"}],"wp:featuredmedia":[{"embeddable":true,"href":"https:\/\/elcronistadigital.com\/index.php?rest_route=\/wp\/v2\/media\/44315"}],"wp:attachment":[{"href":"https:\/\/elcronistadigital.com\/index.php?rest_route=%2Fwp%2Fv2%2Fmedia&parent=44314"}],"wp:term":[{"taxonomy":"category","embeddable":true,"href":"https:\/\/elcronistadigital.com\/index.php?rest_route=%2Fwp%2Fv2%2Fcategories&post=44314"},{"taxonomy":"post_tag","embeddable":true,"href":"https:\/\/elcronistadigital.com\/index.php?rest_route=%2Fwp%2Fv2%2Ftags&post=44314"}],"curies":[{"name":"wp","href":"https:\/\/api.w.org\/{rel}","templated":true}]}}