{"id":44416,"date":"2016-07-04T11:36:42","date_gmt":"2016-07-04T17:36:42","guid":{"rendered":"http:\/\/elcronistadigital.com\/?p=44416"},"modified":"2016-07-04T11:36:42","modified_gmt":"2016-07-04T17:36:42","slug":"cien-anos-de-una-foto-perturbadora","status":"publish","type":"post","link":"https:\/\/elcronistadigital.com\/?p=44416","title":{"rendered":"Cien a\u00f1os de una foto perturbadora"},"content":{"rendered":"<p><a href=\"https:\/\/elcronistadigital.com\/wp-content\/uploads\/2016\/07\/Rub\u00e9n-Dar\u00edo-muerto.jpg\"><img loading=\"lazy\" decoding=\"async\" class=\"alignleft size-full wp-image-44417\" alt=\"Rub\u00e9n Dar\u00edo muerto\" src=\"https:\/\/elcronistadigital.com\/wp-content\/uploads\/2016\/07\/Rub\u00e9n-Dar\u00edo-muerto.jpg\" width=\"450\" height=\"299\" srcset=\"https:\/\/elcronistadigital.com\/wp-content\/uploads\/2016\/07\/Rub\u00e9n-Dar\u00edo-muerto.jpg 450w, https:\/\/elcronistadigital.com\/wp-content\/uploads\/2016\/07\/Rub\u00e9n-Dar\u00edo-muerto-300x199.jpg 300w, https:\/\/elcronistadigital.com\/wp-content\/uploads\/2016\/07\/Rub\u00e9n-Dar\u00edo-muerto-342x227.jpg 342w\" sizes=\"auto, (max-width: 450px) 100vw, 450px\" \/><\/a>Francisco Javier P\u00e9rez*<\/p>\n<p>Desde el 6 de febrero de 1916, la foto no ha dejado de causar angustia. Vemos en ella a Rub\u00e9n Dar\u00edo en su lecho de muerte. El intento por alcanzar una posici\u00f3n ritual (casi fetal) permite al poeta rodear su cabeza con sus brazos y sus manos, en un abrazo que es autoprotecci\u00f3n ya innecesaria y, s\u00ed, postrero saludo, previos el uno y el otro a la despedida de un mundo al que ya no pertenece. De un lado de la cabeza, entre esta y las almohadas, parecen sobresalir con timidez los dedos de una de las manos en un gesto de adi\u00f3s desanimado (est\u00e1 claro que all\u00ed no hay nadie para recibirlo). La boca del poeta permanece abierta como queriendo decir que el que ha muerto era el m\u00e1s grande de los cantores. La boca abierta del poeta acaba de decir: \u201cYa estoy a bordo, en compa\u00f1\u00eda de ella\u201d y confirma que la muerte es ya su \u00fanica compa\u00f1\u00eda. Es la muerte solitaria de un astro continental; la palabra muda del que exigi\u00f3 a la lengua para que hablara a todos por igual. Es la muerte pobre para el hispanoamericano m\u00e1s rico.<\/p>\n<p>La foto es an\u00f3nima y as\u00ed ten\u00eda que ser. Nadie nunca ha reclamado su autor\u00eda, pues nadie se atrever\u00eda a decir que estuvo presenciando un momento tan sagrado. Pertenece al Archivo Rub\u00e9n Dar\u00edo de la Biblioteca Hist\u00f3rica de la Universidad Complutense de Madrid. Ha sido rescatada espiritualmente para la exposici\u00f3n y libro El rostro de las letras. Escritores y fot\u00f3grafos en Espa\u00f1a, desde el Romanticismo hasta la Generaci\u00f3n del 14 (Comunidad de Madrid\/ Acci\u00f3n Cultural Espa\u00f1ola\/ Real Academia Espa\u00f1ola, 2014), por Pablo L\u00f3pez Mond\u00e9jar, el autor de una obra que confirma que los escritores tambi\u00e9n son humanos.<\/p>\n<p>La fotograf\u00eda mortuoria del poeta americano es acompa\u00f1ada por una cita de su amigo Alejandro Sawa que, por tantos aspectos certera, no hace sin aportar cuotas de dolor a la visi\u00f3n suficientemente dolorosa de la imagen: \u201c\u00a1Qu\u00e9 melancolizante visi\u00f3n la de Dar\u00edo, este joven p\u00e1lido, viudo de todos los amores, que hace de su casa una Trapa, permaneciendo en ellas largas horas sin salir, que prefiere la luz del gas a la gloria del sol, y el cinc de los mostradores venenosos al ancho panorama de los campos\u201d.<\/p>\n<p>L\u00f3pez Mond\u00e9jar, por su parte, ordena la materia y le ofrece cualidad como parte de una investigaci\u00f3n que busca propiciar afinidades electivas entre fot\u00f3grafos y escritores. La p\u00e1gina toda de su libro debe entenderse como agresi\u00f3n al perfilar el gesto macabro dado por el contraste entre las im\u00e1genes del Dar\u00edo esplendente engalanado de embajador de Nicaragua en Madrid y la del bardo en los albores del siglo XX, que ya ha triunfado o est\u00e1 por triunfar en sus torneos con la lengua (autor asido a la trilog\u00eda l\u00edrica m\u00e1s sagrada jam\u00e1s conocida: Azul, Prosas profanas y Cantos de vida y esperanza), a su llegada a Madrid:<\/p>\n<p>\u201cDe Rub\u00e9n Dar\u00edo sorprende que hayan quedado tan pocas fotograf\u00edas, ni de joven ni de viejo. En realidad, el poeta no fue nunca joven. Pas\u00f3 de puntillas desde la cuna a la edad adulta y consumi\u00f3 tiempo y alcoholes en la b\u00fasqueda in\u00fatil de aquella juventud que se le hab\u00eda ido sin sentir. Ya en sus primeros retratos le encontramos como un anciano prematuro, de ademanes lentos y precavidos. Se observa en su mirada ese gesto pagano, sensual y aindiado con el que le concedi\u00f3 Juan Ram\u00f3n Jim\u00e9nez, que tanto le apreciaba. El propio Rub\u00e9n proclam\u00f3 siempre su condici\u00f3n ind\u00edgena, a pesar de \u00abmis manos aristocr\u00e1ticas\u00bb\u201d.<\/p>\n<p>El estudioso de los rostros de las letras pasa, solemne y respetuoso, por la imagen mortuoria del poeta, como para no perturbar el sagrado descanso del dios en su ocaso de vida humana; justamente en el momento en que ya empieza a transitar su vida divina. Parece dejar para un despu\u00e9s que apenas se desarrolla, la referencia a la foto perturbadora. Prefiere, en cambio, la sentencia cr\u00edtica, tan cierta como reveladora sobre la leyenda del Dar\u00edo hombre que aporta poco en vinculaci\u00f3n con la del Dar\u00edo dios: \u201cAunque le retrataron grandes profesionales, como K\u00e1ulak, pocas fotograf\u00edas suyas est\u00e1n la altura de su talento\u201d.<\/p>\n<p>Quedamos, pues, en la antesala funeraria de su \u00faltima imagen; mudos y consternados ante ella, para referir los momentos previos a la muerte del poeta, ya de regreso en Nicaragua, en su casa de Le\u00f3n, en la calurosa y fresca situaci\u00f3n de un adi\u00f3s que ya llega irrenunciablemente, tambi\u00e9n, para los hombres inmortales.<\/p>\n<p>* El Nacional, Venezuela.<\/p>\n","protected":false},"excerpt":{"rendered":"<p>Francisco Javier P\u00e9rez* Desde el 6 de febrero de 1916, la foto no ha dejado de causar angustia. Vemos en ella a Rub\u00e9n Dar\u00edo en su lecho de muerte. El intento por alcanzar una posici\u00f3n ritual (casi fetal) permite al poeta rodear su cabeza con sus brazos y sus manos, en un abrazo que es [&hellip;]<\/p>\n","protected":false},"author":1,"featured_media":44417,"comment_status":"open","ping_status":"open","sticky":false,"template":"","format":"standard","meta":{"om_disable_all_campaigns":false,"_monsterinsights_skip_tracking":false,"_monsterinsights_sitenote_active":false,"_monsterinsights_sitenote_note":"","_monsterinsights_sitenote_category":0,"footnotes":""},"categories":[10,3524,13],"tags":[],"class_list":["post-44416","post","type-post","status-publish","format-standard","has-post-thumbnail","hentry","category-cultura","category-noticas","category-portada"],"aioseo_notices":[],"_links":{"self":[{"href":"https:\/\/elcronistadigital.com\/index.php?rest_route=\/wp\/v2\/posts\/44416","targetHints":{"allow":["GET"]}}],"collection":[{"href":"https:\/\/elcronistadigital.com\/index.php?rest_route=\/wp\/v2\/posts"}],"about":[{"href":"https:\/\/elcronistadigital.com\/index.php?rest_route=\/wp\/v2\/types\/post"}],"author":[{"embeddable":true,"href":"https:\/\/elcronistadigital.com\/index.php?rest_route=\/wp\/v2\/users\/1"}],"replies":[{"embeddable":true,"href":"https:\/\/elcronistadigital.com\/index.php?rest_route=%2Fwp%2Fv2%2Fcomments&post=44416"}],"version-history":[{"count":1,"href":"https:\/\/elcronistadigital.com\/index.php?rest_route=\/wp\/v2\/posts\/44416\/revisions"}],"predecessor-version":[{"id":44418,"href":"https:\/\/elcronistadigital.com\/index.php?rest_route=\/wp\/v2\/posts\/44416\/revisions\/44418"}],"wp:featuredmedia":[{"embeddable":true,"href":"https:\/\/elcronistadigital.com\/index.php?rest_route=\/wp\/v2\/media\/44417"}],"wp:attachment":[{"href":"https:\/\/elcronistadigital.com\/index.php?rest_route=%2Fwp%2Fv2%2Fmedia&parent=44416"}],"wp:term":[{"taxonomy":"category","embeddable":true,"href":"https:\/\/elcronistadigital.com\/index.php?rest_route=%2Fwp%2Fv2%2Fcategories&post=44416"},{"taxonomy":"post_tag","embeddable":true,"href":"https:\/\/elcronistadigital.com\/index.php?rest_route=%2Fwp%2Fv2%2Ftags&post=44416"}],"curies":[{"name":"wp","href":"https:\/\/api.w.org\/{rel}","templated":true}]}}