{"id":44457,"date":"2016-07-06T07:03:44","date_gmt":"2016-07-06T13:03:44","guid":{"rendered":"http:\/\/elcronistadigital.com\/?p=44457"},"modified":"2016-07-06T07:04:19","modified_gmt":"2016-07-06T13:04:19","slug":"modernismo-que-mantiene-su-belleza-y-su-fuerza","status":"publish","type":"post","link":"https:\/\/elcronistadigital.com\/?p=44457","title":{"rendered":"Modernismo que mantiene su belleza y su fuerza"},"content":{"rendered":"<p><a href=\"https:\/\/elcronistadigital.com\/wp-content\/uploads\/2016\/07\/Ruben-libro.jpg\"><img loading=\"lazy\" decoding=\"async\" class=\"alignleft size-medium wp-image-44458\" alt=\"Ruben libro\" src=\"https:\/\/elcronistadigital.com\/wp-content\/uploads\/2016\/07\/Ruben-libro-300x200.jpg\" width=\"300\" height=\"200\" srcset=\"https:\/\/elcronistadigital.com\/wp-content\/uploads\/2016\/07\/Ruben-libro-300x200.jpg 300w, https:\/\/elcronistadigital.com\/wp-content\/uploads\/2016\/07\/Ruben-libro-342x228.jpg 342w, https:\/\/elcronistadigital.com\/wp-content\/uploads\/2016\/07\/Ruben-libro.jpg 750w\" sizes=\"auto, (max-width: 300px) 100vw, 300px\" \/><\/a>Fern\u00e1n Cisnero<\/p>\n<p>Este a\u00f1o se celebraron los 100 a\u00f1os de la muerte de Rub\u00e9n Dar\u00edo, y la Asociaci\u00f3n de Academias de la Lengua Espa\u00f1ola public\u00f3 una edici\u00f3n conmemorativa del gran poeta modernista nicarag\u00fcense.<\/p>\n<p>Es una obra selecta reunida, en tapa dura, bajo el t\u00edtulo Rub\u00e9n Dar\u00edo. Del s\u00edmbolo a la realidad (Alfaguara).<\/p>\n<p>Es un volumen imprescindible para entender la vigencia de Dar\u00edo como poeta. Para eso, una buena parte del libro est\u00e1 destinada a textos introductorios a cargo de gente como Sergio Ram\u00edrez y Jos\u00e9 Emilio Pacheco, quienes consiguen poner en su lugar a este nicarag\u00fcense que sintetiz\u00f3 en su obra las inquietudes de una \u00e9poca.<\/p>\n<p>Para entenderlo m\u00e1s directamente se incluyen buena parte de su obra. Entre ella est\u00e1, claro, Prosas profanas y Cantos de vida y esperanza, dos de sus libros fundamentales.<\/p>\n<p>Los modernistas fueron unos verdaderos revolucionarios y all\u00ed hab\u00eda gente como Jos\u00e9 Mart\u00ed. Los un\u00eda cierto sentimiento antiimperialista, un preciosismo literario y una b\u00fasqueda de libertad que, en su momento, fue revolucionaria.<\/p>\n<p>Lo sigue siendo. Y este volumen muy bonito de la obra de Dar\u00edo, est\u00e1 ah\u00ed para record\u00e1rnoslo.<\/p>\n","protected":false},"excerpt":{"rendered":"<p>Fern\u00e1n Cisnero Este a\u00f1o se celebraron los 100 a\u00f1os de la muerte de Rub\u00e9n Dar\u00edo, y la Asociaci\u00f3n de Academias de la Lengua Espa\u00f1ola public\u00f3 una edici\u00f3n conmemorativa del gran poeta modernista nicarag\u00fcense. Es una obra selecta reunida, en tapa dura, bajo el t\u00edtulo Rub\u00e9n Dar\u00edo. Del s\u00edmbolo a la realidad (Alfaguara). Es un volumen [&hellip;]<\/p>\n","protected":false},"author":1,"featured_media":44458,"comment_status":"open","ping_status":"open","sticky":false,"template":"","format":"standard","meta":{"om_disable_all_campaigns":false,"_monsterinsights_skip_tracking":false,"_monsterinsights_sitenote_active":false,"_monsterinsights_sitenote_note":"","_monsterinsights_sitenote_category":0,"footnotes":""},"categories":[10,3524],"tags":[],"class_list":["post-44457","post","type-post","status-publish","format-standard","has-post-thumbnail","hentry","category-cultura","category-noticas"],"aioseo_notices":[],"_links":{"self":[{"href":"https:\/\/elcronistadigital.com\/index.php?rest_route=\/wp\/v2\/posts\/44457","targetHints":{"allow":["GET"]}}],"collection":[{"href":"https:\/\/elcronistadigital.com\/index.php?rest_route=\/wp\/v2\/posts"}],"about":[{"href":"https:\/\/elcronistadigital.com\/index.php?rest_route=\/wp\/v2\/types\/post"}],"author":[{"embeddable":true,"href":"https:\/\/elcronistadigital.com\/index.php?rest_route=\/wp\/v2\/users\/1"}],"replies":[{"embeddable":true,"href":"https:\/\/elcronistadigital.com\/index.php?rest_route=%2Fwp%2Fv2%2Fcomments&post=44457"}],"version-history":[{"count":2,"href":"https:\/\/elcronistadigital.com\/index.php?rest_route=\/wp\/v2\/posts\/44457\/revisions"}],"predecessor-version":[{"id":44460,"href":"https:\/\/elcronistadigital.com\/index.php?rest_route=\/wp\/v2\/posts\/44457\/revisions\/44460"}],"wp:featuredmedia":[{"embeddable":true,"href":"https:\/\/elcronistadigital.com\/index.php?rest_route=\/wp\/v2\/media\/44458"}],"wp:attachment":[{"href":"https:\/\/elcronistadigital.com\/index.php?rest_route=%2Fwp%2Fv2%2Fmedia&parent=44457"}],"wp:term":[{"taxonomy":"category","embeddable":true,"href":"https:\/\/elcronistadigital.com\/index.php?rest_route=%2Fwp%2Fv2%2Fcategories&post=44457"},{"taxonomy":"post_tag","embeddable":true,"href":"https:\/\/elcronistadigital.com\/index.php?rest_route=%2Fwp%2Fv2%2Ftags&post=44457"}],"curies":[{"name":"wp","href":"https:\/\/api.w.org\/{rel}","templated":true}]}}