{"id":44541,"date":"2016-07-13T08:09:32","date_gmt":"2016-07-13T14:09:32","guid":{"rendered":"http:\/\/elcronistadigital.com\/?p=44541"},"modified":"2016-07-13T08:09:32","modified_gmt":"2016-07-13T14:09:32","slug":"los-ejercitos-en-nicaragua","status":"publish","type":"post","link":"https:\/\/elcronistadigital.com\/?p=44541","title":{"rendered":"\u00bfLos ej\u00e9rcitos en Nicaragua?"},"content":{"rendered":"<p><a href=\"https:\/\/elcronistadigital.com\/wp-content\/uploads\/2016\/07\/ej\u00e9rcito-ni.jpg\"><img loading=\"lazy\" decoding=\"async\" class=\"alignleft size-full wp-image-44543\" alt=\"ej\u00e9rcito ni\" src=\"https:\/\/elcronistadigital.com\/wp-content\/uploads\/2016\/07\/ej\u00e9rcito-ni.jpg\" width=\"450\" height=\"220\" srcset=\"https:\/\/elcronistadigital.com\/wp-content\/uploads\/2016\/07\/ej\u00e9rcito-ni.jpg 450w, https:\/\/elcronistadigital.com\/wp-content\/uploads\/2016\/07\/ej\u00e9rcito-ni-300x146.jpg 300w, https:\/\/elcronistadigital.com\/wp-content\/uploads\/2016\/07\/ej\u00e9rcito-ni-342x167.jpg 342w\" sizes=\"auto, (max-width: 450px) 100vw, 450px\" \/><\/a>Alberto Cabezas Villalobos*<\/p>\n<p>La expresidenta de Costa Rica hablaba de defender la soberan\u00eda nacional, mientras que no estamos en guerra con nadie y ya se ha comprobado esto. Ahorra Luis Guillermo Sol\u00eds retoma el tema y argumenta que el ej\u00e9rcito de Nicaragua no deber\u00eda fortalecerse. El mismo Daniel Ortega manifest\u00f3 en su toma de posesi\u00f3n en la que estuve presente que \u00e9l est\u00e1 a favor de la paz y no busca la guerra.<\/p>\n<p>La filosof\u00eda de nuestra fundaci\u00f3n es que cada ser humano puede vivir como lo desee y tomar las decisiones en su vida como le plazca siempre y cuando no le haga da\u00f1o a nadie.<\/p>\n<p>Las tendencias pol\u00edticas globales nos han impuesto a la mayor\u00eda de los (as) costarricenses c\u00f3mo debemos vestir, sentir, vivir, incluso con qui\u00e9nes nos tenemos que acostar. Diferente a lo impuesto por la sociedad que nos ha ense\u00f1ado a discriminar, aislar y rechazar.<\/p>\n<p>Siendo Costa Rica un pa\u00eds donde no existe ej\u00e9rcito, creemos culturalmente que debemos rechazar a los pa\u00edses que tienen ej\u00e9rcito, o a ver el ej\u00e9rcito como algo \u201cdiab\u00f3lico\u201d. Por lo que algunos (as) creen que Nicaragua es el pa\u00eds m\u00e1s b\u00e9lico, ya que es el pa\u00eds m\u00e1s cercano donde hay ej\u00e9rcito y quiz\u00e1 m\u00e1s cercano porque en nuestras tierras viven miles de nicarag\u00fcenses y no tanto colombianos o paname\u00f1os.<\/p>\n<p>Muchos (as) nicarag\u00fcenses justifican los ej\u00e9rcitos hasta en la Biblia, ya que Jehov\u00e1 es el Dios de los ej\u00e9rcitos, \u00e9l promov\u00eda la creaci\u00f3n de ej\u00e9rcitos para la defensa de Israel.<\/p>\n<p>La mayor\u00eda de los (as) nicarag\u00fcenses no creen que son el pa\u00eds m\u00e1s b\u00e9lico, sino que all\u00ed quieren trabajo, amor y paz, cantan en las calles y en los lugares de fiestas todo un himno al respecto.<\/p>\n<p>A lo que no estamos acostumbrados los (as) costarricenses es a escuchar de los militares es que a veces son maltratados por el mismo pueblo e incluso algunas veces hasta asesinados, porque ellos est\u00e1n llamados a trabajar pac\u00edficamente y no mediante la fuerza.<\/p>\n<p>No nos atrevemos a conocer algo diferente como es Nicaragua para quitarnos todo ese tab\u00fa y estereotipos que tenemos de ellos (as).<\/p>\n<p>La revoluci\u00f3n (defensa de Nicaragua) entonces no es de guerra, sino de la dignidad humana. Actualmente la paz es la raz\u00f3n social del pueblo de Nicaragua. Por lo tanto, el ej\u00e9rcito de Nicaragua no reprime al pueblo. Incluso tienen una Comisar\u00eda de la Mujer.<\/p>\n<p>* Costarricense.<br \/>\nalbertocabezas@fundaciondejamevivirenpaz.org<\/p>\n","protected":false},"excerpt":{"rendered":"<p>Alberto Cabezas Villalobos* La expresidenta de Costa Rica hablaba de defender la soberan\u00eda nacional, mientras que no estamos en guerra con nadie y ya se ha comprobado esto. Ahorra Luis Guillermo Sol\u00eds retoma el tema y argumenta que el ej\u00e9rcito de Nicaragua no deber\u00eda fortalecerse. El mismo Daniel Ortega manifest\u00f3 en su toma de posesi\u00f3n [&hellip;]<\/p>\n","protected":false},"author":1,"featured_media":44543,"comment_status":"open","ping_status":"open","sticky":false,"template":"","format":"standard","meta":{"om_disable_all_campaigns":false,"_monsterinsights_skip_tracking":false,"_monsterinsights_sitenote_active":false,"_monsterinsights_sitenote_note":"","_monsterinsights_sitenote_category":0,"footnotes":""},"categories":[12,3524],"tags":[],"class_list":["post-44541","post","type-post","status-publish","format-standard","has-post-thumbnail","hentry","category-blugs","category-noticas"],"aioseo_notices":[],"_links":{"self":[{"href":"https:\/\/elcronistadigital.com\/index.php?rest_route=\/wp\/v2\/posts\/44541","targetHints":{"allow":["GET"]}}],"collection":[{"href":"https:\/\/elcronistadigital.com\/index.php?rest_route=\/wp\/v2\/posts"}],"about":[{"href":"https:\/\/elcronistadigital.com\/index.php?rest_route=\/wp\/v2\/types\/post"}],"author":[{"embeddable":true,"href":"https:\/\/elcronistadigital.com\/index.php?rest_route=\/wp\/v2\/users\/1"}],"replies":[{"embeddable":true,"href":"https:\/\/elcronistadigital.com\/index.php?rest_route=%2Fwp%2Fv2%2Fcomments&post=44541"}],"version-history":[{"count":1,"href":"https:\/\/elcronistadigital.com\/index.php?rest_route=\/wp\/v2\/posts\/44541\/revisions"}],"predecessor-version":[{"id":44544,"href":"https:\/\/elcronistadigital.com\/index.php?rest_route=\/wp\/v2\/posts\/44541\/revisions\/44544"}],"wp:featuredmedia":[{"embeddable":true,"href":"https:\/\/elcronistadigital.com\/index.php?rest_route=\/wp\/v2\/media\/44543"}],"wp:attachment":[{"href":"https:\/\/elcronistadigital.com\/index.php?rest_route=%2Fwp%2Fv2%2Fmedia&parent=44541"}],"wp:term":[{"taxonomy":"category","embeddable":true,"href":"https:\/\/elcronistadigital.com\/index.php?rest_route=%2Fwp%2Fv2%2Fcategories&post=44541"},{"taxonomy":"post_tag","embeddable":true,"href":"https:\/\/elcronistadigital.com\/index.php?rest_route=%2Fwp%2Fv2%2Ftags&post=44541"}],"curies":[{"name":"wp","href":"https:\/\/api.w.org\/{rel}","templated":true}]}}