{"id":448,"date":"2011-01-20T22:30:01","date_gmt":"2011-01-20T22:30:01","guid":{"rendered":"http:\/\/elcronistadigital.com\/?p=448"},"modified":"2011-06-01T22:31:46","modified_gmt":"2011-06-01T22:31:46","slug":"intur-presente-en-conferencia-iberoamericana-de-ministros-y-empresarios","status":"publish","type":"post","link":"https:\/\/elcronistadigital.com\/?p=448","title":{"rendered":"INTUR presente en Conferencia Iberoamericana de Ministros y Empresarios"},"content":{"rendered":"<p><span><a href=\"https:\/\/elcronistadigital.com\/wp-content\/uploads\/2011\/06\/cimet.jpg\"><img loading=\"lazy\" decoding=\"async\" class=\"alignleft size-medium wp-image-449\" title=\"cimet\" src=\"https:\/\/elcronistadigital.com\/wp-content\/uploads\/2011\/06\/cimet-264x300.jpg\" alt=\"\" width=\"264\" height=\"300\" srcset=\"https:\/\/elcronistadigital.com\/wp-content\/uploads\/2011\/06\/cimet-264x300.jpg 264w, https:\/\/elcronistadigital.com\/wp-content\/uploads\/2011\/06\/cimet.jpg 300w\" sizes=\"auto, (max-width: 264px) 100vw, 264px\" \/><\/a>\u00a0<\/span><\/p>\n<p style=\"text-align: justify;\">Doce pa\u00edses entre ellos Nicaragua, Guatemala, Cuba, M\u00e9xico, Puerto Rico, Espa\u00f1a y de Suram\u00e9rica que participaron en Madrid, Espa\u00f1a en la XIV Conferencia Iberoamericana de Ministros y Empresarios (CIMET), expresaron ayer su solidaridad con Brasil, tras las lluvias que azotaron la zona de Serrana del estado de Rio Janeiro, y que provocaron m\u00e1s de 300 muertos y serios da\u00f1os en la infraestructura del pa\u00eds suramericano.<\/p>\n<p style=\"text-align: justify;\">En la D\u00e9cimo Cuarta Conferencia Iberoamericana los Ministros de Turismo y Empresarios abogaron por seguir reforzando los lazos con Espa\u00f1a, que representa el 14 por ciento del turismo mundial, para fortalecer el sector e impulsar la comercializaci\u00f3n de los destinos latinoamericanos en el mercado ib\u00e9rico.<\/p>\n<p style=\"text-align: justify;\">Guatemala, Honduras, Costa Rica, El Salvador, Belice, Nicaragua y Panam\u00e1, hicieron su presentaci\u00f3n de la marca Centroamericana \u00abTan Peque\u00f1a, Tan Grande \u00ab.<\/p>\n<p style=\"text-align: justify;\">En la presentaci\u00f3n de la marca Centroam\u00e9rica, los pa\u00edses de la regi\u00f3n destacaron la importancia de trabajar en una promoci\u00f3n conjunta, al margen de los planes nacionales que tiene cada pa\u00eds, y aseguraron que la regi\u00f3n se posesiona en los mercados europeos como un destino preferencial para aquellos que disfrutan de unas vacaciones de calidad y un entorno natural \u00ab\u00fanico, y original\u00bb, con una oferta hist\u00f3rica y cultural.<\/p>\n","protected":false},"excerpt":{"rendered":"<p>\u00a0 Doce pa\u00edses entre ellos Nicaragua, Guatemala, Cuba, M\u00e9xico, Puerto Rico, Espa\u00f1a y de Suram\u00e9rica que participaron en Madrid, Espa\u00f1a en la XIV Conferencia Iberoamericana de Ministros y Empresarios (CIMET), expresaron ayer su solidaridad con Brasil, tras las lluvias que azotaron la zona de Serrana del estado de Rio Janeiro, y que provocaron m\u00e1s de [&hellip;]<\/p>\n","protected":false},"author":1,"featured_media":449,"comment_status":"open","ping_status":"open","sticky":false,"template":"","format":"standard","meta":{"om_disable_all_campaigns":false,"_monsterinsights_skip_tracking":false,"_monsterinsights_sitenote_active":false,"_monsterinsights_sitenote_note":"","_monsterinsights_sitenote_category":0,"footnotes":""},"categories":[3],"tags":[],"class_list":["post-448","post","type-post","status-publish","format-standard","has-post-thumbnail","hentry","category-nacionales"],"aioseo_notices":[],"_links":{"self":[{"href":"https:\/\/elcronistadigital.com\/index.php?rest_route=\/wp\/v2\/posts\/448","targetHints":{"allow":["GET"]}}],"collection":[{"href":"https:\/\/elcronistadigital.com\/index.php?rest_route=\/wp\/v2\/posts"}],"about":[{"href":"https:\/\/elcronistadigital.com\/index.php?rest_route=\/wp\/v2\/types\/post"}],"author":[{"embeddable":true,"href":"https:\/\/elcronistadigital.com\/index.php?rest_route=\/wp\/v2\/users\/1"}],"replies":[{"embeddable":true,"href":"https:\/\/elcronistadigital.com\/index.php?rest_route=%2Fwp%2Fv2%2Fcomments&post=448"}],"version-history":[{"count":4,"href":"https:\/\/elcronistadigital.com\/index.php?rest_route=\/wp\/v2\/posts\/448\/revisions"}],"predecessor-version":[{"id":452,"href":"https:\/\/elcronistadigital.com\/index.php?rest_route=\/wp\/v2\/posts\/448\/revisions\/452"}],"wp:featuredmedia":[{"embeddable":true,"href":"https:\/\/elcronistadigital.com\/index.php?rest_route=\/wp\/v2\/media\/449"}],"wp:attachment":[{"href":"https:\/\/elcronistadigital.com\/index.php?rest_route=%2Fwp%2Fv2%2Fmedia&parent=448"}],"wp:term":[{"taxonomy":"category","embeddable":true,"href":"https:\/\/elcronistadigital.com\/index.php?rest_route=%2Fwp%2Fv2%2Fcategories&post=448"},{"taxonomy":"post_tag","embeddable":true,"href":"https:\/\/elcronistadigital.com\/index.php?rest_route=%2Fwp%2Fv2%2Ftags&post=448"}],"curies":[{"name":"wp","href":"https:\/\/api.w.org\/{rel}","templated":true}]}}