{"id":4505,"date":"2011-11-26T18:18:04","date_gmt":"2011-11-27T00:18:04","guid":{"rendered":"http:\/\/elcronistadigital.com\/?p=4505"},"modified":"2011-11-26T18:18:04","modified_gmt":"2011-11-27T00:18:04","slug":"600-mil-nicas-padecen-diabetes","status":"publish","type":"post","link":"https:\/\/elcronistadigital.com\/?p=4505","title":{"rendered":"600 mil nicas padecen diabetes"},"content":{"rendered":"<p>La diabetes es una enfermedad que afecta en Nicaragua a casi 600.000 personas, un poco m\u00e1s del diez por ciento de la poblaci\u00f3n, alert\u00f3 este s\u00e1bado la Asociaci\u00f3n Nicarag\u00fcense de Diabetolog\u00eda (Anidiab).<\/p>\n<p>En Nicaragua se estima que hay alrededor de 400.000 personas diagnosticadas con diabetes y otras 150.000 a 200.000 personas padecen la enfermedad, pero lo ignoran, dijo a Efe el presidente de Anidiab, Luis Alem\u00e1n.<\/p>\n<p>El especialista advirti\u00f3 que la diabetes, considerada por muchos como \u00abla epidemia del siglo XXI\u00bb, es uno de los mayores problemas de salud p\u00fablica que enfrenta Nicaragua.<\/p>\n<p>La diabetes afecta principalmente a obesos y a las mujeres en este pa\u00eds, agreg\u00f3.<\/p>\n<p>Alem\u00e1n dio a conocer estas cifras tras el lanzamiento de una p\u00e1gina web (www.anidiab.com) a trav\u00e9s de la cual buscan apoyar a la poblaci\u00f3n con informaci\u00f3n relacionada a esa enfermedad, considerada cr\u00f3nica.<\/p>\n<p><a rel=\"attachment wp-att-4506\" href=\"https:\/\/elcronistadigital.com\/?attachment_id=4506\"><img loading=\"lazy\" decoding=\"async\" class=\"alignright size-medium wp-image-4506\" title=\"diabetes-mellitus\" src=\"https:\/\/elcronistadigital.com\/wp-content\/uploads\/2011\/11\/diabetes-mellitus-300x225.jpg\" alt=\"\" width=\"300\" height=\"225\" srcset=\"https:\/\/elcronistadigital.com\/wp-content\/uploads\/2011\/11\/diabetes-mellitus-300x225.jpg 300w, https:\/\/elcronistadigital.com\/wp-content\/uploads\/2011\/11\/diabetes-mellitus-342x256.jpg 342w, https:\/\/elcronistadigital.com\/wp-content\/uploads\/2011\/11\/diabetes-mellitus-60x45.jpg 60w, https:\/\/elcronistadigital.com\/wp-content\/uploads\/2011\/11\/diabetes-mellitus-150x113.jpg 150w, https:\/\/elcronistadigital.com\/wp-content\/uploads\/2011\/11\/diabetes-mellitus-269x201.jpg 269w, https:\/\/elcronistadigital.com\/wp-content\/uploads\/2011\/11\/diabetes-mellitus.jpg 400w\" sizes=\"auto, (max-width: 300px) 100vw, 300px\" \/><\/a>M\u00e1s de 200 millones de personas en el mundo padecen diabetes y alrededor de un mill\u00f3n muere cada a\u00f1o debido a esta enfermedad, una cifra que se podr\u00eda duplicar en la pr\u00f3xima d\u00e9cada si no se act\u00faa de forma urgente, seg\u00fan la Organizaci\u00f3n Mundial de la Salud (OMS).<\/p>\n","protected":false},"excerpt":{"rendered":"<p>La diabetes es una enfermedad que afecta en Nicaragua a casi 600.000 personas, un poco m\u00e1s del diez por ciento de la poblaci\u00f3n, alert\u00f3 este s\u00e1bado la Asociaci\u00f3n Nicarag\u00fcense de Diabetolog\u00eda (Anidiab). En Nicaragua se estima que hay alrededor de 400.000 personas diagnosticadas con diabetes y otras 150.000 a 200.000 personas padecen la enfermedad, pero [&hellip;]<\/p>\n","protected":false},"author":1,"featured_media":4506,"comment_status":"open","ping_status":"open","sticky":false,"template":"","format":"standard","meta":{"om_disable_all_campaigns":false,"_monsterinsights_skip_tracking":false,"_monsterinsights_sitenote_active":false,"_monsterinsights_sitenote_note":"","_monsterinsights_sitenote_category":0,"footnotes":""},"categories":[3,13],"tags":[],"class_list":["post-4505","post","type-post","status-publish","format-standard","has-post-thumbnail","hentry","category-nacionales","category-portada"],"aioseo_notices":[],"_links":{"self":[{"href":"https:\/\/elcronistadigital.com\/index.php?rest_route=\/wp\/v2\/posts\/4505","targetHints":{"allow":["GET"]}}],"collection":[{"href":"https:\/\/elcronistadigital.com\/index.php?rest_route=\/wp\/v2\/posts"}],"about":[{"href":"https:\/\/elcronistadigital.com\/index.php?rest_route=\/wp\/v2\/types\/post"}],"author":[{"embeddable":true,"href":"https:\/\/elcronistadigital.com\/index.php?rest_route=\/wp\/v2\/users\/1"}],"replies":[{"embeddable":true,"href":"https:\/\/elcronistadigital.com\/index.php?rest_route=%2Fwp%2Fv2%2Fcomments&post=4505"}],"version-history":[{"count":3,"href":"https:\/\/elcronistadigital.com\/index.php?rest_route=\/wp\/v2\/posts\/4505\/revisions"}],"predecessor-version":[{"id":4509,"href":"https:\/\/elcronistadigital.com\/index.php?rest_route=\/wp\/v2\/posts\/4505\/revisions\/4509"}],"wp:featuredmedia":[{"embeddable":true,"href":"https:\/\/elcronistadigital.com\/index.php?rest_route=\/wp\/v2\/media\/4506"}],"wp:attachment":[{"href":"https:\/\/elcronistadigital.com\/index.php?rest_route=%2Fwp%2Fv2%2Fmedia&parent=4505"}],"wp:term":[{"taxonomy":"category","embeddable":true,"href":"https:\/\/elcronistadigital.com\/index.php?rest_route=%2Fwp%2Fv2%2Fcategories&post=4505"},{"taxonomy":"post_tag","embeddable":true,"href":"https:\/\/elcronistadigital.com\/index.php?rest_route=%2Fwp%2Fv2%2Ftags&post=4505"}],"curies":[{"name":"wp","href":"https:\/\/api.w.org\/{rel}","templated":true}]}}