{"id":4521,"date":"2011-11-28T16:10:21","date_gmt":"2011-11-28T22:10:21","guid":{"rendered":"http:\/\/elcronistadigital.com\/?p=4521"},"modified":"2011-11-28T16:10:21","modified_gmt":"2011-11-28T22:10:21","slug":"culturalmente-desconocidos","status":"publish","type":"post","link":"https:\/\/elcronistadigital.com\/?p=4521","title":{"rendered":"Culturalmente desconocidos"},"content":{"rendered":"<p>Guadalajara (M\u00e9xico).- Centroam\u00e9rica \u00abes una regi\u00f3n cultural desconocida\u00bb, que enfrenta el enorme reto de estrechar los v\u00ednculos entre sus seis pa\u00edses y proyectarse junta hacia el exterior, dijo este lunes a Efe el escritor nicarag\u00fcense Sergio Ram\u00edrez.<\/p>\n<p>\u00abEn Centroam\u00e9rica, los Gobiernos a la cultura no le dan preeminencia. Siempre la cenicienta, cuando se habla de recortar presupuestos, lo primero que cortan es la cultura, que ya es exigua\u00bb, agreg\u00f3 el exvicepresidente de Nicaragua.<\/p>\n<p>Por primera vez este a\u00f1o, en el marco de la XXV edici\u00f3n de la Feria Internacional del Libro de Guadalajara (FIL), los seis pa\u00edses de Centroam\u00e9rica (Guatemala, El Salvador, Honduras, Costa Rica, Panam\u00e1 y Nicaragua) cuentan con un pabell\u00f3n regional propio montado con el apoyo del Fondo de Cultura Econ\u00f3mica (FCE).<\/p>\n<p>Adem\u00e1s, se van a presentar ma\u00f1ana dos antolog\u00edas, una de cuentistas y otra de poetas, para tratar de proyectar mejor internacionalmente a esos autores.<\/p>\n<p>\u00abEra una necesidad (&#8230;) Solo son autores vivos. Esto le da cierto l\u00edmite, si no ser\u00edan infinitas, y le da m\u00e1s peso a los j\u00f3venes\u00bb, apunt\u00f3 Ram\u00edrez.<\/p>\n<p>Las antolog\u00edas tienen m\u00e1s de 600 p\u00e1ginas cada una y presentan obras de unos 50 autores, varios de los cuales han sido invitados a la FIL 2011 con motivo de sus 25 a\u00f1os de existencia.<\/p>\n<p>Entre ellos est\u00e1n el costarricense Carlos Cort\u00e9s, la salvadore\u00f1a Jacinta Escudos, el nicarag\u00fcense Ulises Ju\u00e1rez, el guatemalteco Javier Mosquera o la hondure\u00f1a Mar\u00eda Eugenia Ramos, y el paname\u00f1o Carlos Wynter Melo.<\/p>\n<p>Sergio Ram\u00edrez lament\u00f3 que los Estados centroamericanos juntos no puedan \u00abaspirar a ser pa\u00eds invitado (en la FIL) porque hay muchos problemas para lograrlo, cuesta mucho dinero, mucha inversi\u00f3n, y poner de acuerdo a seis pa\u00edses no es tan f\u00e1cil\u00bb.<\/p>\n<p>Este a\u00f1o el invitado es Alemania, que se ha convertido en el primer pa\u00eds de lengua no latina en estar presente en Guadalajara.<\/p>\n<p>Para explicar las dificultades de la promoci\u00f3n cultural en Centroam\u00e9rica, Ram\u00edrez puso como ejemplo a Nicaragua, un pa\u00eds cuyo presupuesto cultural anual es de dos millones de d\u00f3lares, muy exiguo \u00abpara sostener todo: bibliotecas, archivos, escuelas de arte\u00bb, entre otras iniciativas.<\/p>\n<p>A medio plazo el autor nicarag\u00fcense consider\u00f3 necesario que los seis pa\u00edses centroamericanos traten de \u00abcomunicarse culturalmente\u00bb mejor que ahora, cuando lo que sucede en uno de ellos es desconocido en los dem\u00e1s.<\/p>\n<p>\u00abDeber\u00eda ser parte del esfuerzo sostener la identidad de los pa\u00edses centroamericanos. Esta identidad est\u00e1 en sus expresiones culturales, en su historia, en sus escritores\u00bb y \u00aben sus artistas\u00bb, ha agregado.<\/p>\n<p>Ram\u00edrez sugiere trabajar en proyectos concretos como el de lanzar una televisi\u00f3n regional com\u00fan, o un \u00abportal cultural centroamericano\u00bb, quiz\u00e1s \u00abuna editorial centroamericana que publicara a autores de todos los pa\u00edses\u00bb para fomentar una mayor integraci\u00f3n cultural.<\/p>\n<p>El exl\u00edder sandinista no se ve liderando un proyecto de esa naturaleza en el futuro, aunque s\u00ed acompa\u00f1\u00e1ndolo.<\/p>\n<div id=\"attachment_4522\" style=\"width: 228px\" class=\"wp-caption alignright\"><a rel=\"attachment wp-att-4522\" href=\"https:\/\/elcronistadigital.com\/?attachment_id=4522\"><img loading=\"lazy\" decoding=\"async\" aria-describedby=\"caption-attachment-4522\" class=\"size-medium wp-image-4522\" title=\"sergioramirez\" src=\"https:\/\/elcronistadigital.com\/wp-content\/uploads\/2011\/11\/sergioramirez-218x300.jpg\" alt=\"\" width=\"218\" height=\"300\" srcset=\"https:\/\/elcronistadigital.com\/wp-content\/uploads\/2011\/11\/sergioramirez-218x300.jpg 218w, https:\/\/elcronistadigital.com\/wp-content\/uploads\/2011\/11\/sergioramirez.jpg 300w\" sizes=\"auto, (max-width: 218px) 100vw, 218px\" \/><\/a><p id=\"caption-attachment-4522\" class=\"wp-caption-text\">Sergio Ram\u00edrez Mercado.<\/p><\/div>\n<p>\u00abSi me piden consejo, yo lo doy con mucho gusto, me paso un mes reunido con los j\u00f3venes que tienen que hacer esto. Pero mi tarea ejecutiva es escribir\u00bb, ha referido.<\/p>\n","protected":false},"excerpt":{"rendered":"<p>Guadalajara (M\u00e9xico).- Centroam\u00e9rica \u00abes una regi\u00f3n cultural desconocida\u00bb, que enfrenta el enorme reto de estrechar los v\u00ednculos entre sus seis pa\u00edses y proyectarse junta hacia el exterior, dijo este lunes a Efe el escritor nicarag\u00fcense Sergio Ram\u00edrez. \u00abEn Centroam\u00e9rica, los Gobiernos a la cultura no le dan preeminencia. Siempre la cenicienta, cuando se habla de [&hellip;]<\/p>\n","protected":false},"author":1,"featured_media":4522,"comment_status":"open","ping_status":"open","sticky":false,"template":"","format":"standard","meta":{"om_disable_all_campaigns":false,"_monsterinsights_skip_tracking":false,"_monsterinsights_sitenote_active":false,"_monsterinsights_sitenote_note":"","_monsterinsights_sitenote_category":0,"footnotes":""},"categories":[3,13],"tags":[],"class_list":["post-4521","post","type-post","status-publish","format-standard","has-post-thumbnail","hentry","category-nacionales","category-portada"],"aioseo_notices":[],"_links":{"self":[{"href":"https:\/\/elcronistadigital.com\/index.php?rest_route=\/wp\/v2\/posts\/4521","targetHints":{"allow":["GET"]}}],"collection":[{"href":"https:\/\/elcronistadigital.com\/index.php?rest_route=\/wp\/v2\/posts"}],"about":[{"href":"https:\/\/elcronistadigital.com\/index.php?rest_route=\/wp\/v2\/types\/post"}],"author":[{"embeddable":true,"href":"https:\/\/elcronistadigital.com\/index.php?rest_route=\/wp\/v2\/users\/1"}],"replies":[{"embeddable":true,"href":"https:\/\/elcronistadigital.com\/index.php?rest_route=%2Fwp%2Fv2%2Fcomments&post=4521"}],"version-history":[{"count":3,"href":"https:\/\/elcronistadigital.com\/index.php?rest_route=\/wp\/v2\/posts\/4521\/revisions"}],"predecessor-version":[{"id":4525,"href":"https:\/\/elcronistadigital.com\/index.php?rest_route=\/wp\/v2\/posts\/4521\/revisions\/4525"}],"wp:featuredmedia":[{"embeddable":true,"href":"https:\/\/elcronistadigital.com\/index.php?rest_route=\/wp\/v2\/media\/4522"}],"wp:attachment":[{"href":"https:\/\/elcronistadigital.com\/index.php?rest_route=%2Fwp%2Fv2%2Fmedia&parent=4521"}],"wp:term":[{"taxonomy":"category","embeddable":true,"href":"https:\/\/elcronistadigital.com\/index.php?rest_route=%2Fwp%2Fv2%2Fcategories&post=4521"},{"taxonomy":"post_tag","embeddable":true,"href":"https:\/\/elcronistadigital.com\/index.php?rest_route=%2Fwp%2Fv2%2Ftags&post=4521"}],"curies":[{"name":"wp","href":"https:\/\/api.w.org\/{rel}","templated":true}]}}