{"id":4526,"date":"2011-11-28T16:24:16","date_gmt":"2011-11-28T22:24:16","guid":{"rendered":"http:\/\/elcronistadigital.com\/?p=4526"},"modified":"2011-11-28T16:24:16","modified_gmt":"2011-11-28T22:24:16","slug":"%c2%bfamnistia-internacional-en-campana-contra-nicaragua","status":"publish","type":"post","link":"https:\/\/elcronistadigital.com\/?p=4526","title":{"rendered":"\u00bfAmnist\u00eda Internacional en campa\u00f1a contra Nicaragua?"},"content":{"rendered":"<p>En El Salvador matan 300 mujeres por a\u00f1o s\u00f3lo en la capital, mientras en Nicaragua 179 en diez a\u00f1os, lo que demuestra el origen pol\u00edtico de la campa\u00f1a, afirma la doctora Alba Luz Ramos Vanegas.<\/p>\n<p>La presidenta de la Corte Suprema de Justicia, magistrada Alba Luz Ramos Vanegas, denunci\u00f3 la existencia de una campa\u00f1a nacional e internacional para desprestigiar a Nicaragua y condenar a nuestro pa\u00eds como un Estado violador de los derechos humanos.<\/p>\n<p>\u201cHay una campa\u00f1a de algunos organismos nacionales que usan la bandera de los derechos humanos como arma pol\u00edtica, e incluso de Amnist\u00eda Internacional, en la que andan diciendo que Nicaragua es el pa\u00eds donde m\u00e1s violaciones a los derechos humanos se cometen\u201d, dijo la presidenta del Poder Judicial, Ramos Vanegas.<\/p>\n<p>\u201c\u00bfC\u00f3mo insisten en sostener esa campa\u00f1a cuando en El Salvador s\u00f3lo en el a\u00f1o 2010 en la capital se reportaron 300 mujeres muertas de forma violenta por el hecho de ser mujeres, mientras que en Nicaragua en los \u00faltimos diez a\u00f1os han sido 179 casos en todo el pa\u00eds, que equivale a 17. 9 mujeres por a\u00f1o?\u201d, pregunt\u00f3 la magistrada presidenta de la CSJ.<\/p>\n<p>Al pregunt\u00e1rsele si la Corte emprender\u00e1 acciones contra la juez Primero de Ejecuci\u00f3n de Sentencia y Vigilancia Penitenciaria doctora Roxana Zapata, por otorgar al prisionero Farinton Reyes el beneficio de la suspensi\u00f3n de la pena, la magistrada Ramos Vanegas asegur\u00f3 que \u00e9ste es un caso que se politiz\u00f3. \u201cNo es un caso pol\u00edtico como pretenden hacer creer a la poblaci\u00f3n organismos de la sociedad civil que dicen que protegen a las mujeres y los derechos humanos\u201d, dijo.<\/p>\n<p>Record\u00f3 que los organismos en cuesti\u00f3n que protestaron ante la CSJ \u201clo que vinieron a hacer fue a colgar sostenes y calzones, a golpear, abofetear y a tirar cerveza al personal de seguridad de la instituci\u00f3n que no ten\u00eda ninguna injerencia sobre las decisiones judiciales, queriendo hacer una manifestaci\u00f3n pol\u00edtica de un caso jur\u00eddico\u201d.<\/p>\n<p>Caso Strauss-Kahn<\/p>\n<p>\u201cYo les pregunto, cuando el tribunal de Nueva York absolvi\u00f3 a Dominique Strauss-Kahn, director gerente del FMI acusado de violaci\u00f3n, \u00bflos movimientos feministas llegaron all\u00e1 a colgar calzones y sostenes?, \u00bfno sucedi\u00f3, verdad?, pues aqu\u00ed lo hicieron porque este es en un a\u00f1o electoral y todo lo que haga la Corte Suprema o cualquier instituci\u00f3n del Estado lo politizan\u201d, manifest\u00f3 Ramos.<\/p>\n<p>\u201cA m\u00ed me alegra saber que la gente se preocupa por temas tan sensibles como este, pero no estoy de acuerdo en que su preocupaci\u00f3n sea de forma sesgada y que todo sea constantemente politizado\u201d, agreg\u00f3 la magistrada.<\/p>\n<p>La presidenta del Poder Judicial expres\u00f3 que espera que en el a\u00f1o 2012 se apruebe la Ley integral contra la violencia hacia las mujeres, \u201csin embargo, parece que no todos queremos detener esta pandemia mediante una ley de protecci\u00f3n\u201d, agreg\u00f3.<\/p>\n<p>En ese sentido, la magistrada Ramos Vanegas sostuvo que el abogado Manuel Urbina Lara utiliz\u00f3 el caso Farinton Reyes para \u201crobar c\u00e1maras\u201d despu\u00e9s de una pobre defensa del caso de F\u00e1tima Hern\u00e1ndez en las audiencias ante la Sala Penal, mientras que ciertos organismos en pro de los derechos de las mujeres \u201cpolitizaron un caso jur\u00eddico\u201d para crear ruido en un a\u00f1o electoral.<\/p>\n<p>\u201cA\u00fan no me explico c\u00f3mo una persona que defendi\u00f3 de forma efusiva ante los medios de comunicaci\u00f3n a F\u00e1tima Hern\u00e1ndez, no fue efusivo tambi\u00e9n en su defensa ante la Corte y ese mismo abogado defensor declar\u00f3 en un programa televisivo que no estaba de acuerdo con la ley, que ni siquiera la conoc\u00eda, ni le interesaba conocerla por una cuesti\u00f3n de principios; y yo me pregunto: pero \u00bfprincipios de qu\u00e9?, de misoginia y de machismo\u201d, sostuvo la doctora Ramos.<\/p>\n<p>Ambas actitudes \u2013se\u00f1al\u00f3- son \u201ctotalmente inconsecuentes; \u00bfqu\u00e9 andaba haciendo defendiendo a una mujer si no le interesa que tengamos una ley que defienda a las mujeres?, ese es un ejemplo de que las mujeres tambi\u00e9n somos un instrumento para robar c\u00e1maras y para hacer pol\u00edtica\u201d, manifest\u00f3 la funcionaria.<\/p>\n<p>Ramos Vanegas sostuvo que la Corte Suprema emiti\u00f3 una sentencia y fundament\u00f3 su fallo y ahora, quien decidi\u00f3 dar casa por c\u00e1rcel fue una jueza de ejecuci\u00f3n de sentencias.<\/p>\n<p>\u201cMe est\u00e1n preguntando que si sancionaremos a la jueza que dict\u00f3 casa por c\u00e1rcel en el caso de Farinton Reyes, yo les contesto que no, a menos que el juez haya actuado en contra de ley expresa, de lo contrario \u00bfpor qu\u00e9 habr\u00edamos de sancionarla?\u201d, se pregunt\u00f3, agregando que \u201clos jueces son independientes en sus funciones jurisdiccionales\u201d.<\/p>\n<p>&nbsp;<\/p>\n<p>Mar\u00eda Elsa Baca<\/p>\n<p>&nbsp;<\/p>\n<p>&nbsp;<\/p>\n<p>&nbsp;<\/p>\n<div id=\"attachment_4527\" style=\"width: 180px\" class=\"wp-caption alignright\"><a rel=\"attachment wp-att-4527\" href=\"https:\/\/elcronistadigital.com\/?attachment_id=4527\"><img loading=\"lazy\" decoding=\"async\" aria-describedby=\"caption-attachment-4527\" class=\"size-full wp-image-4527\" title=\"Magistrada Alba Luz Ramos1\" src=\"https:\/\/elcronistadigital.com\/wp-content\/uploads\/2011\/11\/Magistrada-Alba-Luz-Ramos1.jpg\" alt=\"\" width=\"170\" height=\"208\" \/><\/a><p id=\"caption-attachment-4527\" class=\"wp-caption-text\">Magistrada Alba Luz Ramos Vanegas, presidenta de la Corte Suprema de Justicia. Foto: Francisco Escobar.   <\/p><\/div>\n","protected":false},"excerpt":{"rendered":"<p>En El Salvador matan 300 mujeres por a\u00f1o s\u00f3lo en la capital, mientras en Nicaragua 179 en diez a\u00f1os, lo que demuestra el origen pol\u00edtico de la campa\u00f1a, afirma la doctora Alba Luz Ramos Vanegas. La presidenta de la Corte Suprema de Justicia, magistrada Alba Luz Ramos Vanegas, denunci\u00f3 la existencia de una campa\u00f1a nacional [&hellip;]<\/p>\n","protected":false},"author":1,"featured_media":4527,"comment_status":"open","ping_status":"open","sticky":false,"template":"","format":"standard","meta":{"om_disable_all_campaigns":false,"_monsterinsights_skip_tracking":false,"_monsterinsights_sitenote_active":false,"_monsterinsights_sitenote_note":"","_monsterinsights_sitenote_category":0,"footnotes":""},"categories":[3,13],"tags":[],"class_list":["post-4526","post","type-post","status-publish","format-standard","has-post-thumbnail","hentry","category-nacionales","category-portada"],"aioseo_notices":[],"_links":{"self":[{"href":"https:\/\/elcronistadigital.com\/index.php?rest_route=\/wp\/v2\/posts\/4526","targetHints":{"allow":["GET"]}}],"collection":[{"href":"https:\/\/elcronistadigital.com\/index.php?rest_route=\/wp\/v2\/posts"}],"about":[{"href":"https:\/\/elcronistadigital.com\/index.php?rest_route=\/wp\/v2\/types\/post"}],"author":[{"embeddable":true,"href":"https:\/\/elcronistadigital.com\/index.php?rest_route=\/wp\/v2\/users\/1"}],"replies":[{"embeddable":true,"href":"https:\/\/elcronistadigital.com\/index.php?rest_route=%2Fwp%2Fv2%2Fcomments&post=4526"}],"version-history":[{"count":3,"href":"https:\/\/elcronistadigital.com\/index.php?rest_route=\/wp\/v2\/posts\/4526\/revisions"}],"predecessor-version":[{"id":4530,"href":"https:\/\/elcronistadigital.com\/index.php?rest_route=\/wp\/v2\/posts\/4526\/revisions\/4530"}],"wp:featuredmedia":[{"embeddable":true,"href":"https:\/\/elcronistadigital.com\/index.php?rest_route=\/wp\/v2\/media\/4527"}],"wp:attachment":[{"href":"https:\/\/elcronistadigital.com\/index.php?rest_route=%2Fwp%2Fv2%2Fmedia&parent=4526"}],"wp:term":[{"taxonomy":"category","embeddable":true,"href":"https:\/\/elcronistadigital.com\/index.php?rest_route=%2Fwp%2Fv2%2Fcategories&post=4526"},{"taxonomy":"post_tag","embeddable":true,"href":"https:\/\/elcronistadigital.com\/index.php?rest_route=%2Fwp%2Fv2%2Ftags&post=4526"}],"curies":[{"name":"wp","href":"https:\/\/api.w.org\/{rel}","templated":true}]}}