{"id":45361,"date":"2016-10-24T09:38:39","date_gmt":"2016-10-24T15:38:39","guid":{"rendered":"http:\/\/elcronistadigital.com\/?p=45361"},"modified":"2016-10-24T09:38:39","modified_gmt":"2016-10-24T15:38:39","slug":"el-dominio-yanqui-europeo-se-resquebraja-en-otra-latitud","status":"publish","type":"post","link":"https:\/\/elcronistadigital.com\/?p=45361","title":{"rendered":"\u00abEl dominio yanqui-europeo se resquebraja en otra latitud\u00bb"},"content":{"rendered":"<div id=\"attachment_45362\" style=\"width: 288px\" class=\"wp-caption alignleft\"><a href=\"https:\/\/elcronistadigital.com\/wp-content\/uploads\/2016\/10\/Manuel-Moncada.jpg\"><img loading=\"lazy\" decoding=\"async\" aria-describedby=\"caption-attachment-45362\" class=\"size-full wp-image-45362\" alt=\"Manuel Moncada Fonseca, historiador nicarag\u00fcense.\" src=\"https:\/\/elcronistadigital.com\/wp-content\/uploads\/2016\/10\/Manuel-Moncada.jpg\" width=\"278\" height=\"370\" srcset=\"https:\/\/elcronistadigital.com\/wp-content\/uploads\/2016\/10\/Manuel-Moncada.jpg 278w, https:\/\/elcronistadigital.com\/wp-content\/uploads\/2016\/10\/Manuel-Moncada-225x300.jpg 225w\" sizes=\"auto, (max-width: 278px) 100vw, 278px\" \/><\/a><p id=\"caption-attachment-45362\" class=\"wp-caption-text\">Manuel Moncada Fonseca, historiador nicarag\u00fcense.<\/p><\/div>\n<p>Maximiliano Pedranzini*<\/p>\n<p>Nicaragua afrontar\u00e1 en pocas semanas un nuevo proceso electoral que pondr\u00e1 a prueba, desde las urnas, la continuidad del proyecto sandinista conducido por el actual presidente y l\u00edder hist\u00f3rico del Frente Sandinista de Liberaci\u00f3n Nacional (FSLN) Daniel Ortega, quien intentar\u00e1 ir por la reelecci\u00f3n tras dos mandatos consecutivos al frente del gobierno desde que fue nuevamente elegido en 2007, haciendo retornar al sandinismo luego de una d\u00e9cada y media de gobiernos de corte neoliberal y alineados religiosamente a la pol\u00edtica exterior norteamericana.<\/p>\n<p>Esta elecci\u00f3n sin duda representa un nuevo desaf\u00edo, tanto para Ortega como para el FSLN que buscar\u00e1n darle continuidad al proceso iniciado en 2007 ante el fantasma de la restauraci\u00f3n conservadora que asecha a lo largo y ancho de la regi\u00f3n.<\/p>\n<p>Una oposici\u00f3n que busca presionar al mandatario para que suspenda las elecciones, intentando hacer lo propio con la OEA como maniobra desesperada y que, pese a estos intentos, no est\u00e1 logrando torcerle el brazo a un gobierno que ha sentado las bases de estabilidad institucional y pol\u00edtica que lo mantienen en pie, demostrado -seg\u00fan los \u00faltimos sondeos- no tener la fuerza suficiente para vencer al oficialismo.<\/p>\n<p>Una contienda electoral que, sin embargo, en el actual contexto continental donde tambi\u00e9n se define el cambio de mando en la Casa Blanca dos d\u00edas m\u00e1s tarde, marcar\u00e1 el curso, no solo de la naci\u00f3n centroamericana, sino de toda Am\u00e9rica Latina en esta pugna de poder con la derecha que viene avanzando peligrosamente.<\/p>\n<p>Para conocer m\u00e1s en profundidad este escenario, dialogamos con Manuel Moncada Fonseca, historiador nicarag\u00fcense por la Universidad Rusa de la Amistad de los Pueblos \u201cPatricio Lumumba\u201d (RUDN) en Rusia, mag\u00edster en Historia por la Universidad Nacional Aut\u00f3noma de Nicaragua (UNAN-Managua) y profesor de Historia en la Universidad Nacional Agraria de Nicaragua (UNA) por m\u00e1s de 20 a\u00f1os.<\/p>\n<p>\u201cLas elecciones est\u00e1n a la vuelta de la esquina. Sin ser triunfalista, se puede constatar, f\u00e1cilmente, que el FSLN las ganar\u00e1 sobradamente.\u201d, afirma el historiador, quien considera que el actual mandatario se impondr\u00e1 sin muchas dificultades.<\/p>\n<p>Al mismo tiempo, analiza la situaci\u00f3n pol\u00edtica de la regi\u00f3n despu\u00e9s de los acontecimientos de este \u00faltimo a\u00f1o y considera que el avance de la derecha no afectar\u00e1 el proceso electoral, aunque observa con atenci\u00f3n lo ocurrido en Argentina y Brasil, donde se desplomaron las transformaciones progresistas, haciendo ruido en el pa\u00eds.<\/p>\n<p>No obstante, le resta importancia de cara a los comicios de noviembre. \u201cNinguna fuerza pol\u00edtica ha hecho tanto por la poblaci\u00f3n como lo ha venido haciendo el sandinismo desde que surgi\u00f3 en 1961 hasta el presente. Su naturaleza popular ha multiplicado los frutos que benefician a los m\u00e1s despose\u00eddos\u201d, sostuvo Moncada.<\/p>\n<p>\u00bfC\u00f3mo observas el escenario pol\u00edtico rumbo a las elecciones del pr\u00f3ximo 6 de noviembre? Las elecciones est\u00e1n a la vuelta de la esquina. Sin ser triunfalista, se puede constatar, f\u00e1cilmente, que el FSLN las ganar\u00e1 sobradamente. Es deseable en todo sentido que as\u00ed sea. Ninguna fuerza pol\u00edtica ha hecho tanto por la poblaci\u00f3n como lo ha venido haciendo el Sandinismo desde que surgi\u00f3 en 1961 hasta el presente.<\/p>\n<p>Su naturaleza popular ha multiplicado los frutos que benefician a los m\u00e1s despose\u00eddos. Sin llegar a lo que Sandino llamaba que las cosas llegaran a su punto, para los empobrecidos existe un sinn\u00famero de logros alcanzables dentro de las condiciones prevalecientes. Ellos poseen cada vez m\u00e1s casas, techos, parques, hospitales, atenci\u00f3n m\u00e9dica, carreteras, energ\u00eda el\u00e9ctrica (que est\u00e1 llegando al 90 % de cobertura), infraestructura, t\u00edtulos de propiedad, prevenci\u00f3n de desastres y epidemias de diversa naturaleza; gozan de programas como el Bono Productivo, Usura Cero, etc.<\/p>\n<p>Todo ello es una muestra palpable de la preocupaci\u00f3n que, por el bienestar de la ciudadan\u00eda, tiene el Gobierno Sandinista. Las mejoras de los municipios son cada vez m\u00e1s notables, la ornamentaci\u00f3n de sus ciudades, la multiplicaci\u00f3n de los peque\u00f1os negocios, la instalaci\u00f3n de internet gratuito en lugares p\u00fablicos, como los parques y otros centros de diversi\u00f3n sana, etc.<\/p>\n<p>No menos importante es la pol\u00edtica exterior independiente que permite ampliar cada vez los m\u00e1s lazos internacionales, mismos que propician mayores beneficios para la ciudadan\u00eda. La solidaridad con las naciones del mundo, el rechazo a la injerencia extranjera en los asuntos internos no s\u00f3lo del pa\u00eds, sino de cualquier territorio o pa\u00eds del orbe; el antiimperialismo como principio y pr\u00e1ctica es parte consustancial de los valores que ahora cultiva el pa\u00eds. Y que, sin lugar a dudas, se han de expresar en los resultados electorales.<\/p>\n<p>&#8211; \u00bfQu\u00e9 representar\u00eda un triunfo de la derecha? \u00bfEs un retroceso para el pa\u00eds o tambi\u00e9n para la regi\u00f3n en su conjunto? \u00bfC\u00f3mo lo ves?<\/p>\n<p>La oposici\u00f3n nicarag\u00fcense, particularmente la representada por el grupo Movimiento de Renovaci\u00f3n Sandinista (MRS), a cuyos miembros el diario La Prensa (vocero indiscutible de las consignas imperiales) y otros medios en manos de la derecha local e internacional promocionan a lo grande, se han dado a la tarea de desprestigiar ante EE.UU. al Gobierno de Daniel Ortega.<\/p>\n<p>Se oponen abiertamente al proyecto canalero; se desatan en canallescas declaraciones en contra de las elecciones y su transparencia. Todo porque desean, como en Bolivia los opositores al gobierno de Evo Morales, que pelagatos sin base real puedan constituirse en partidos pol\u00edticos, lo que significar\u00eda erogaciones innecesarias del erario p\u00fablico.<\/p>\n<p>Las encuestas todas, nacionales e internacionales, dan por sentado, con ampl\u00edsimo margen, el triunfo sandinista; lo mismo se observa en lo atingente al proyecto canalero: la mayor\u00eda aplastante de la poblaci\u00f3n da su visto bueno al mismo. Respecto a lo que significar\u00eda un hipot\u00e9tico rev\u00e9s electoral, evidentemente har\u00eda retroceder de manera pasmosa las conquistas democr\u00e1ticas de las que gozan los pobladores y pobladoras de la patria de Rub\u00e9n Dar\u00edo y del Padre de la Revoluci\u00f3n Nicarag\u00fcense, Augusto C. Sandino; y afianzar\u00eda la ofensiva neoliberal sobre toda Nuestra Am\u00e9rica.<\/p>\n<p>&#8211; \u00bfC\u00f3mo impactar\u00eda en el ALBA-TCP un posible gobierno conducido por la derecha?<\/p>\n<p>Como expresamos arriba, si en Nicaragua la derecha se lograra imponer en las elecciones del 6 de noviembre, estar\u00edamos ante un hecho que fortalecer\u00eda los planes estadounidenses de retornar a Nuestra Am\u00e9rica a la condici\u00f3n de patio trasero en la que las pol\u00edticas yanquis quieren mantener a la regi\u00f3n para siempre.<\/p>\n<p>Aunque ello a lo inmediato golpear\u00eda a los pa\u00edses del ALBA-TCP, lo cierto es que todo el continente se ver\u00eda mucho m\u00e1s atenazado por las garras de EE.UU. De suyo se comprende que ello implicar\u00eda el retiro de Nicaragua del ALBA, como ocurri\u00f3 en Honduras con el golpe de Estado a Manuel Zelaya en el 2009. Aunque tambi\u00e9n, con una estrategia de gobierno desde abajo, ello podr\u00eda evitarse.<\/p>\n<p>&#8211; \u00bfLa derechizaci\u00f3n que atraviesan los pa\u00edses de Am\u00e9rica Latina es un fen\u00f3meno solo regional o es una cuesti\u00f3n de orden m\u00e1s global? \u00bfQu\u00e9 opini\u00f3n tienes al respecto?<\/p>\n<p>Visto a vuelo de p\u00e1jaro, me da la impresi\u00f3n que es m\u00e1s un fen\u00f3meno de nuestro continente que del resto del mundo. La resistencia al dominio yanqui-europeo, est\u00e1 resquebraj\u00e1ndose en otras latitudes. Ponemos por caso, Oriente Medio, pero igualmente el ascenso vertiginoso de Rusia, China, Ir\u00e1n y Corea del Norte, como factores de gran contrapeso a la hegemon\u00eda estadunidense. Bueno, tambi\u00e9n en la mayor parte de Europa Occidental se observa un ascenso ruidoso de la extrema derecha.<\/p>\n<p>&#8211; \u00bfCrees que Nicaragua virar\u00e1 hacia el Acuerdo Transpac\u00edfico? \u00bfQu\u00e9 significar\u00eda para el pa\u00eds este posible escenario?<\/p>\n<p>No creo que Nicaragua se incorpore a este nefasto acuerdo. Ni siquiera en el caso que la derecha ocupara nuevamente lo que Sandino llamara el taburete presidencial. El Sandinismo no perder\u00eda su voluntad pol\u00edtica de gobernar desde abajo y desde arriba, y resistir\u00eda todo aquello que afectara a las grandes mayor\u00edas. Por lo dem\u00e1s, parece poco probable que dicho tratado se vaya a ratificar\u2026<\/p>\n<p>&#8211; \u00bfC\u00f3mo est\u00e1s viendo al gobierno de Daniel Ortega tras nueve a\u00f1os de mandato ininterrumpido? \u00bfQu\u00e9 importancia tiene el proyecto del canal en este balance de gobierno?<\/p>\n<p>El Presidente Ortega es un hombre de principios firmes. Pero no confunde lo deseable con lo posible. Es un hombre pr\u00e1ctico. No pocos partidarios del sandinismo desean que Nicaragua emprenda el mismo tipo de medidas que Bolivia, Ecuador o Venezuela, pero nuestro pa\u00eds carece de los recursos petroleros, gas\u00edferos y otros que han permitido a estos pa\u00edses hermanos ser m\u00e1s independientes del comercio estadounidense que representa, con mucho, el grueso del comercio con el nuestro y la principal fuente de pr\u00e9stamos que provienen del exterior.<\/p>\n<p>Las pol\u00edticas que impulsa el Presidente Ortega, parten, pues, de esta realidad insoslayable, como tambi\u00e9n de la necesidad de impedir que Nicaragua se vea nuevamente aislada por sus m\u00e1s cercanos vecinos: particularmente de Honduras y Costa Rica, pa\u00edses cuyos gobernantes pusieron sus territorios en funci\u00f3n de que la Contrarrevoluci\u00f3n, concebida, dirigida y financiada por la CIA, torpedeara militarmente los esfuerzos que el Sandinismo emprend\u00eda en los ochenta (y emprende hoy) en aras de la transformaci\u00f3n radical del pa\u00eds.<\/p>\n<p>Pero perm\u00edteme que me extienda un poco m\u00e1s en este aspecto: La gran apuesta del proyecto sandinista tiene que ver con la posici\u00f3n geogr\u00e1fica que posee nuestro territorio. Se trata de que Centroam\u00e9rica es la \u00fanica regi\u00f3n de la tierra con una posici\u00f3n, a la vez, intercontinental e interoce\u00e1nica. El inter\u00e9s de EE.UU. por la misma est\u00e1 dado por lo vital que ella resulta para la circulaci\u00f3n interna y externa de sus mercanc\u00edas, y por la vecindad que la misma tiene con su territorio. EE.UU. asume, pues, que ella es parte de su poder a escala internacional.<\/p>\n<p>Adem\u00e1s de su colocaci\u00f3n entre los oc\u00e9anos Atl\u00e1ntico y Pac\u00edfico, Nicaragua posee otra ventaja: la que le proporciona la existencia de una comunicaci\u00f3n natural entre el Lago de Nicaragua (Cocibolca) y el r\u00edo San Juan. Gracias a ello, posee un gran potencial canalero del que se hab\u00edan querido apoderar, primero potencias coloniales, luego, potencias capitalistas; hasta que EE.UU., en 1914, a trav\u00e9s del Tratado Chamorro-Bryan, se apoder\u00f3 de \u00e9l para asegurar la defensa del Canal de Panam\u00e1.<\/p>\n<p>Para obtenerlo, debi\u00f3 antes librarse del r\u00e9gimen burgu\u00e9s nacionalista que encabezaron consecutivamente, Jos\u00e9 Santos Zelaya y Jos\u00e9 Madriz (1893-1910), contra los cuales EE.UU. aplic\u00f3 la \u201cdiplomacia del d\u00f3lar\u201d. Dichosamente, hoy en d\u00eda, bajo un marco internacional m\u00e1s favorable, el canal como proyecto, s\u00ed podr\u00e1, significar, ya en marcha, la adquisici\u00f3n de recursos que elevar\u00e1n gradual, pero sensible y significativamente, la riqueza de nuestro pa\u00eds, al tiempo que reducir\u00e1n su dependencia externa, particularmente en el plano comercial y financiero.<\/p>\n<p>Mas, mientras este proyecto no se materialice, Nicaragua se mantiene, forzosamente, dentro de la dependencia del neoliberalismo. Corresponde a su gobierno y a la fuerza sandinista de conjunto, administrar de la forma m\u00e1s beneficiosa posible para las mayor\u00edas de la poblaci\u00f3n, las contradicciones entre opresores y oprimidos.<\/p>\n<p>&#8211; \u00bfEstamos frente a la aparici\u00f3n de una nueva derecha a escala regional?<\/p>\n<p>No pienso que estemos frente a una nueva derecha, creo m\u00e1s bien que estamos ante una derecha hoy m\u00e1s comprometida que nunca con un mundo unipolar, con un nuevo orden mundial en el que el capital termine de someter a los pueblos a escala global. La resistencia global al sistema no permitir\u00e1 que semejante desprop\u00f3sito se imponga.<\/p>\n<p>&#8211; \u00bfQu\u00e9 evaluaci\u00f3n haces de la oposici\u00f3n frente a este contexto electoral? \u00bfC\u00f3mo evaluar\u00edas su rol en esta coyuntura trascendente para el pa\u00eds?<\/p>\n<p>Ya atr\u00e1s dec\u00eda que la extrema derecha nicarag\u00fcense es por completo ap\u00e1trida. Est\u00e1 clamando ante Washington para que retire todo pr\u00e9stamo al pa\u00eds. Por otra parte, la misma sirve de puntal para atacar la construcci\u00f3n del canal interoce\u00e1nico, lo cual es indefectiblemente un mandato yanqui.<\/p>\n<p>&#8211; Despu\u00e9s de lo ocurrido en las elecciones presidenciales en Argentina y Per\u00fa con la vuelta al poder del neoliberalismo: \u00bfc\u00f3mo ves el presente del Frente Sandinista de Liberaci\u00f3n Nacional? \u00bfEstos \u00e9xitos electorales renuevan las expectativas de la derecha nicarag\u00fcense de cara a las elecciones nacionales?<\/p>\n<p>No creo que lo ocurrido en Per\u00fa pueda afectar al proceso electoral en Nicaragua, porque, de hecho, en esta naci\u00f3n sudamericana las pol\u00edticas neoliberales no han dejado de avanzar probablemente desde Fujimori para ac\u00e1. No ha aportado Per\u00fa m\u00e1s que obediencia obcecada a los dictados del Coloso. Distintos son los casos de Argentina y Brasil, donde s\u00ed se desplomaron las transformaciones progresistas. Estas s\u00ed pueden provocar bulla en Nicaragua; mas, pienso que no pueden provocar un impacto decisivo sobre las pr\u00f3ximas elecciones en Nicaragua.<\/p>\n<p>Distinto ser\u00eda si Cuba, Bolivia, Ecuador y Venezuela, pa\u00edses del ALBA, pudieran descarrilarse al estilo de Argentina y Brasil.<\/p>\n<p>&#8211; Ya que en este punto mencionas a Brasil: \u00bfconsideras que el golpe de Estado parlamentario del pasado 31 de agosto es algo que pueda darse en Nicaragua como \u00faltima carta de la oligarqu\u00eda y el imperialismo contra el gobierno popular conducido por Ortega ante la estabilidad institucional del pa\u00eds demostrada hasta ahora?<\/p>\n<p>No veo factible que en Nicaragua se pueda dar un golpe de Estado como el del Brasil porque la mayor\u00eda de las fuerzas parlamentarias est\u00e1n bajo el control del Sandinismo. El Ej\u00e9rcito de Nicaragua es fruto directo de la Revoluci\u00f3n Popular Sandinista. La \u00fanica salida que tendr\u00edan las fuerzas pro-imperialistas del pa\u00eds s\u00f3lo podr\u00eda ser por medio de la v\u00eda electoral.<\/p>\n<p>&#8211; \u00bfC\u00f3mo ves al sandinismo en este marco electoral? \u00bfPodr\u00e1 resistir est\u00e1 avanzada que parece ir en franco ascenso?<\/p>\n<p>Reitero que el Sandinismo, est\u00e1 siempre preparado para cualquier escenario; tiene toda la capacidad, experiencia, determinaci\u00f3n y voluntad pol\u00edtica para hacerle frente con \u00e9xito a cualquier embestida enemiga.<\/p>\n<p>&#8211; Digamos de otro modo el asunto, dar una opini\u00f3n a la pitonisa, no es posible en un mundo en el que las cosas pueden cambiar de la noche a la ma\u00f1ana, pero por la v\u00edspera se saca el d\u00eda, todo apunta a una victoria muy s\u00f3lida del Sandinismo\u2026 En este escenario electoral: \u00bfcu\u00e1l es tu perspectiva sobre los sectores populares en Nicaragua? \u00bfSon la garant\u00eda para la continuidad del proyecto encabezado por el presidente Ortega?<\/p>\n<p>Es indiscutible que los electores son los que deciden los resultados electorales en cualquier rinc\u00f3n del mundo, excepto all\u00ed donde los que deciden todo son los grandes capitales. Pero en Nicaragua el pueblo no s\u00f3lo es beneficiario de los procesos de cambio, es por sobre todo, su principal protagonista.<\/p>\n<p>&#8211; \u00bfC\u00f3mo observas al gobierno de Ortega en estas elecciones frente a los cuestionamientos sucintados tras conocerse la f\u00f3rmula que representar\u00e1 al oficialismo en estos comicios?<\/p>\n<p>La Constituci\u00f3n del pa\u00eds no establece ninguna prohibici\u00f3n para que la primera dama, aspire a la Vicepresidencia del pa\u00eds, acompa\u00f1ando en f\u00f3rmula a su esposo, el aspirante a reelegirse en la Presidencia. Por ello, ning\u00fan poder del estado ha levantado su mano para oponerse al asunto. Y, lo m\u00e1s importante, el apoyo a la f\u00f3rmula es aplastantemente aceptada entre la poblaci\u00f3n votante. Sin embargo, la min\u00fascula oposici\u00f3n, en este campo vuelve nuevamente a ser \u201cDon Me Opongo\u201d.<\/p>\n<p>&#8211; \u00bfQu\u00e9 an\u00e1lisis haces del actual contexto pol\u00edtico latinoamericano? \u00bfQu\u00e9 reflexi\u00f3n debemos hacer para comprender lo que est\u00e1 sucediendo en la regi\u00f3n?<\/p>\n<p>Creo que este asunto es multifac\u00e9tico. Muchos estudiosos de esta problem\u00e1tica, se\u00f1alan el fen\u00f3meno de que el crecimiento de las clase media en pa\u00edses como Argentina, Brasil y Bolivia, por ejemplo, sin desearlo, despu\u00e9s de aplicar pol\u00edticas que sacaron de la pobreza a millones de personas, ahora ven volcada a esta gente que aspira a m\u00e1s y m\u00e1s, en contra de los gobiernos progresistas.<\/p>\n<p>Ello se observa en menor medida en Bolivia, pero igual, pone en guardia al Gobierno de Evo Morales. Un segundo factor de peso para explicar lo que algunos estudiosos llaman, indebidamente, el fin del ciclo del progresismo en nuestra regi\u00f3n, es el poco inter\u00e9s que han puesto los gobernantes de acompa\u00f1ar su gesti\u00f3n en favor de las mayor\u00edas, en educar a \u00e9stas pol\u00edtica e ideol\u00f3gicamente, tal como sostiene Frei Betto.<\/p>\n<p>Y el tercer factor tiene que ver con la corrupci\u00f3n que, en mayor o menor medida, abarca a todas nuestras naciones. Los procesos revolucionarias son ante todo procesos humanos, no pueden escapar a los errores, mayores o menores. Lo importante es que sepan superarlos cada vez que asomen la cabeza.<\/p>\n<p>Una vez, el entonces presidente de Argentina, Marcelo Torcuato de Alvear (1922-1928), demostrando ser bastante conservador pese a la fuerza pol\u00edtica de la que proven\u00eda, dijo en 1926, cuando Sandino se encontraba defendiendo la soberan\u00eda nicarag\u00fcense de la intervenci\u00f3n imperialista estadounidense, la siguiente frase: \u201cNicaragua est\u00e1 demasiado lejos para que los argentinos nos preocupemos por su destino\u201d.<\/p>\n<p>&#8211; \u00bfEsta concepci\u00f3n colonial, propia de las oligarqu\u00edas de nuestro continente que siempre han mirado con devoci\u00f3n hacia el Atl\u00e1ntico, desde\u00f1ando de la Am\u00e9rica Latina profunda -y ense\u00f1ando a su vez a ignorarla-, se renueva con esta nueva oleada conservadora que vuelve a poner la vista sobre EE.UU. y Europa? \u00bfQu\u00e9 reflexi\u00f3n haces al respecto?<\/p>\n<p>En cuanto a lo que plante\u00f3 Marcelo Torcuato de Alvear sobre la lucha antiimperialista de Sandino, pienso que estamos ante una visi\u00f3n retr\u00f3grada, propia de los oligarcas de cualquier rinc\u00f3n del planeta, acostumbrados a hablar su idioma respectivo, pero pensando siempre en ingl\u00e9s, como dice la canci\u00f3n de Carlos Mej\u00eda Godoy que habla de Pinochet, uniendo en un todo este nombre con el de Pinocho, bajo este concepto Pinocho-Pinochet.<\/p>\n<p>En contraposici\u00f3n a palabras semejantes, Sandino increp\u00f3 a los gobernantes de Latinoam\u00e9rica que permit\u00edan que Nicaragua estuviera siendo intervenida sin preocuparse, siquiera, por la perspectiva de sufrir la misma suerte de no tenderle la mano a un pa\u00eds hermano, llamando a que, en vez de ello, se constituyera una s\u00f3lida unidad entre todas las naciones de nuestra regi\u00f3n, resumiendo su propuesta con estas palabras: \u201cUnidos venceremos, separados nos someter\u00e1n\u201d o siendo m\u00e1s preciso acotaba: \u201cHoy hablo con los pueblos del continente. Los oligarcas no representan a las naciones\u201d.<\/p>\n<p>* Ensayista argentino<\/p>\n","protected":false},"excerpt":{"rendered":"<p>Maximiliano Pedranzini* Nicaragua afrontar\u00e1 en pocas semanas un nuevo proceso electoral que pondr\u00e1 a prueba, desde las urnas, la continuidad del proyecto sandinista conducido por el actual presidente y l\u00edder hist\u00f3rico del Frente Sandinista de Liberaci\u00f3n Nacional (FSLN) Daniel Ortega, quien intentar\u00e1 ir por la reelecci\u00f3n tras dos mandatos consecutivos al frente del gobierno desde [&hellip;]<\/p>\n","protected":false},"author":1,"featured_media":45362,"comment_status":"open","ping_status":"open","sticky":false,"template":"","format":"standard","meta":{"om_disable_all_campaigns":false,"_monsterinsights_skip_tracking":false,"_monsterinsights_sitenote_active":false,"_monsterinsights_sitenote_note":"","_monsterinsights_sitenote_category":0,"footnotes":""},"categories":[15,3524],"tags":[],"class_list":["post-45361","post","type-post","status-publish","format-standard","has-post-thumbnail","hentry","category-politca","category-noticas"],"aioseo_notices":[],"_links":{"self":[{"href":"https:\/\/elcronistadigital.com\/index.php?rest_route=\/wp\/v2\/posts\/45361","targetHints":{"allow":["GET"]}}],"collection":[{"href":"https:\/\/elcronistadigital.com\/index.php?rest_route=\/wp\/v2\/posts"}],"about":[{"href":"https:\/\/elcronistadigital.com\/index.php?rest_route=\/wp\/v2\/types\/post"}],"author":[{"embeddable":true,"href":"https:\/\/elcronistadigital.com\/index.php?rest_route=\/wp\/v2\/users\/1"}],"replies":[{"embeddable":true,"href":"https:\/\/elcronistadigital.com\/index.php?rest_route=%2Fwp%2Fv2%2Fcomments&post=45361"}],"version-history":[{"count":1,"href":"https:\/\/elcronistadigital.com\/index.php?rest_route=\/wp\/v2\/posts\/45361\/revisions"}],"predecessor-version":[{"id":45363,"href":"https:\/\/elcronistadigital.com\/index.php?rest_route=\/wp\/v2\/posts\/45361\/revisions\/45363"}],"wp:featuredmedia":[{"embeddable":true,"href":"https:\/\/elcronistadigital.com\/index.php?rest_route=\/wp\/v2\/media\/45362"}],"wp:attachment":[{"href":"https:\/\/elcronistadigital.com\/index.php?rest_route=%2Fwp%2Fv2%2Fmedia&parent=45361"}],"wp:term":[{"taxonomy":"category","embeddable":true,"href":"https:\/\/elcronistadigital.com\/index.php?rest_route=%2Fwp%2Fv2%2Fcategories&post=45361"},{"taxonomy":"post_tag","embeddable":true,"href":"https:\/\/elcronistadigital.com\/index.php?rest_route=%2Fwp%2Fv2%2Ftags&post=45361"}],"curies":[{"name":"wp","href":"https:\/\/api.w.org\/{rel}","templated":true}]}}