{"id":45574,"date":"2016-11-27T11:38:34","date_gmt":"2016-11-27T17:38:34","guid":{"rendered":"http:\/\/elcronistadigital.com\/?p=45574"},"modified":"2016-11-27T11:38:34","modified_gmt":"2016-11-27T17:38:34","slug":"el-fidel-que-conoci","status":"publish","type":"post","link":"https:\/\/elcronistadigital.com\/?p=45574","title":{"rendered":"El Fidel que conoc\u00ed"},"content":{"rendered":"<div id=\"attachment_45575\" style=\"width: 310px\" class=\"wp-caption alignleft\"><a href=\"https:\/\/elcronistadigital.com\/wp-content\/uploads\/2016\/11\/Fidel-Castro-1.jpg\"><img loading=\"lazy\" decoding=\"async\" aria-describedby=\"caption-attachment-45575\" class=\"size-medium wp-image-45575\" alt=\"Fidel Castro, el gran l\u00edder cubano.\" src=\"https:\/\/elcronistadigital.com\/wp-content\/uploads\/2016\/11\/Fidel-Castro-1-300x248.jpg\" width=\"300\" height=\"248\" srcset=\"https:\/\/elcronistadigital.com\/wp-content\/uploads\/2016\/11\/Fidel-Castro-1-300x248.jpg 300w, https:\/\/elcronistadigital.com\/wp-content\/uploads\/2016\/11\/Fidel-Castro-1-342x282.jpg 342w, https:\/\/elcronistadigital.com\/wp-content\/uploads\/2016\/11\/Fidel-Castro-1.jpg 450w\" sizes=\"auto, (max-width: 300px) 100vw, 300px\" \/><\/a><p id=\"caption-attachment-45575\" class=\"wp-caption-text\">Fidel Castro, el gran l\u00edder cubano.<\/p><\/div>\n<p>Ignacio Ramonet<\/p>\n<p><span style=\"color: #993300;\"><em><strong>* Bajo su direcci\u00f3n, su peque\u00f1o pa\u00eds pudo conducir una pol\u00edtica de gran potencia a escala mundial, echando hasta un pulso con Estados Unidos cuyos dirigentes no consiguieron derribarlo, ni eliminarlo, ni siquiera modificar el rumbo de la Revoluci\u00f3n cubana. Y finalmente, en diciembre de 2014, tuvieron que admitir el fracaso de sus pol\u00edticas anticubanas\u2026<\/strong><\/em><\/span><\/p>\n<p>Fidel ha muerto, pero es inmortal. Pocos hombres conocieron la gloria de entrar vivos en la leyenda y en la historia. Fidel es uno de ellos. Perteneci\u00f3 a esa generaci\u00f3n de insurgentes m\u00edticos \u2013 Nelson Mandela, Patrice Lumumba, Amilcar Cabral, Che Guevara, Camilo Torres, Turcios Lima, Ahmed Ben Barka \u2013 que, persiguiendo un ideal de justicia, se lanzaron, en los a\u00f1os 1950, a la acci\u00f3n pol\u00edtica con la ambici\u00f3n y la esperanza de cambiar un mundo de desigualdades y de discriminaciones, marcado por el comienzo de la guerra fr\u00eda entre la Uni\u00f3n Sovi\u00e9tica y Estados Unidos.<\/p>\n<p>En aquella \u00e9poca, en m\u00e1s de la mitad del planeta, en Vietnam, en Argelia, en Guinea-Bissau, los pueblos oprimidos se sublevaban. La humanidad a\u00fan estaba entonces, en gran parte, sometida a la infamia de la colonizaci\u00f3n. Casi toda \u00c1frica y buena porci\u00f3n de Asia se encontraban todav\u00eda dominadas, avasalladas por los viejos imperios occidentales. Mientras las naciones de Am\u00e9rica Latina, independientes en teor\u00eda desde hac\u00eda siglo y medio, segu\u00edan explotadas por privilegiadas minor\u00edas, sometidas a la discriminaci\u00f3n social y \u00e9tnica, y a menudo marcadas por dictaduras cruentas, amparadas por Washington.<\/p>\n<p>Fidel soport\u00f3 la embestida de nada menos que diez presidentes estadounidenses (Eisenhower, Kennedy, Johnson, Nixon, Ford, Carter, Reagan, Bush padre, Clinton y Bush hijo). Tuvo relaciones con los principales l\u00edderes que marcaron el mundo despu\u00e9s de la Segunda Guerra mundial (Nehru, Nasser, Tito, Jrushov, Olaf Palme, Ben Bella, Boumedienne, Arafat, Indira Gandhi, Salvador Allende, Brezhnev, Gorbachov, Fran\u00e7ois Mitterrand, Juan Pablo II, el rey Juan Carlos, etc.). Y conoci\u00f3 a algunos de los principales intelectuales y artistas de su tiempo (Jean-Paul Sartre, Simone de Beauvoir, Arthur Miller, Pablo Neruda, Jorge Amado, Rafael Alberti, Guayasam\u00edn, Cartier-Bresson, Jos\u00e9 Saramago, Gabriel Garc\u00eda M\u00e1rquez, Eduardo Galeano, Noam Chomsky, etc.).<\/p>\n<p>Bajo su direcci\u00f3n, su peque\u00f1o pa\u00eds (100 000 km2, 11 millones de habitantes) pudo conducir una pol\u00edtica de gran potencia a escala mundial, echando hasta un pulso con Estados Unidos cuyos dirigentes no consiguieron derribarlo, ni eliminarlo, ni siquiera modificar el rumbo de la Revoluci\u00f3n cubana. Y finalmente, en diciembre de 2014, tuvieron que admitir el fracaso de sus pol\u00edticas anticubanas, su derrota diplom\u00e1tica e iniciar un proceso de normalizaci\u00f3n que implicaba el respeto del sistema pol\u00edtico cubano.<\/p>\n<p>En octubre de 1962, la Tercera Guerra Mundial estuvo a punto de estallar a causa de la actitud del gobierno de Estados Unidos que protestaba contra la instalaci\u00f3n de misiles nucleares sovi\u00e9ticos en Cuba. Cuya funci\u00f3n era, sobre todo, impedir otro desembarco militar como el de Playa Gir\u00f3n (bah\u00eda de Cochinos) u otro directamente realizado por las fuerzas armadas estadounidenses para derrocar a la revoluci\u00f3n cubana.<\/p>\n<p>Desde hace m\u00e1s de 50 a\u00f1os, Washington (a pesar del restablecimiento de relaciones diplom\u00e1ticas) le impone a Cuba un devastador embargo comercial -reforzado en los a\u00f1os 1990 por las leyes Helms-Burton y Torricelli- que obstaculiza su desarrollo econ\u00f3mico normal. Con consecuencias tr\u00e1gicas para sus habitantes. Washington sigue conduciendo adem\u00e1s una guerra ideol\u00f3gica y medi\u00e1tica permanente contra La Habana a trav\u00e9s de las potentes Radio \u201cMart\u00ed\u201d y TV \u201cMart\u00ed\u201d, instaladas en La Florida para inundar a Cuba de propaganda como en los peores tiempos de la guerra fr\u00eda.<\/p>\n<p>Por otra parte, varias organizaciones terroristas \u2013 Alpha 66 y Omega 7 \u2013 hostiles al r\u00e9gimen cubano, tienen su sede en La Florida donde poseen campos de entrenamiento, y desde donde enviaron regularmente, con la complicidad pasiva de las autoridades estadounidenses, comandos armados para cometer atentados. Cuba es uno de los pa\u00edses que m\u00e1s v\u00edctimas ha tenido (unos 3 500 muertos) y que m\u00e1s ha sufrido del terrorismo en los \u00faltimos 60 a\u00f1os.<\/p>\n<p>Ante tanto y tan permanente ataque, las autoridades cubanas han preconizado, en el \u00e1mbito interior, la uni\u00f3n a ultranza. Y han aplicado a su manera el viejo lema de San Ignacio de Loyola: \u201cEn una fortaleza asediada, toda disidencia es traici\u00f3n.\u201d Pero nunca hubo, hasta la muerte de Fidel, ning\u00fan culto de la personalidad. Ni retrato oficial, ni estatua, ni sello, ni moneda, ni calle, ni edificio, ni monumento con el nombre o la figura de Fidel, ni de ninguno de los l\u00edderes vivos de la Revoluci\u00f3n.<\/p>\n<p>Cuba, peque\u00f1o pa\u00eds apegado a su soberan\u00eda, obtuvo bajo la direcci\u00f3n de Fidel Castro, a pesar del hostigamiento exterior permanente, resultados excepcionales en materia de desarrollo humano: abolici\u00f3n del racismo, emancipaci\u00f3n de la mujer, erradicaci\u00f3n del analfabetismo, reducci\u00f3n dr\u00e1stica de la mortalidad infantil, elevaci\u00f3n del nivel cultural general\u2026 En cuesti\u00f3n de educaci\u00f3n, de salud, de investigaci\u00f3n m\u00e9dica y de deporte, Cuba ha obtenido niveles que la sit\u00faan en el grupo de naciones m\u00e1s eficientes.<\/p>\n<p>Su diplomacia sigue siendo una de las m\u00e1s activas del mundo. La Habana, en los a\u00f1os 1960 y 1970, apoy\u00f3 el combate de las guerrillas en muchos pa\u00edses de Am\u00e9rica Central (El Salvador, Guatemala, Nicaragua) y del Sur (Colombia, Venezuela, Bolivia, Argentina). Las fuerzas armadas cubanas han participado en campa\u00f1as militares de gran envergadura, en particular en las guerras de Etiopia y de Angola. Su intervenci\u00f3n en este \u00faltimo pa\u00eds se tradujo por la derrota de las divisiones de \u00e9lite de la Republica de \u00c1frica del Sur, lo cual aceler\u00f3 de manera indiscutible la ca\u00edda del r\u00e9gimen racista del apartheid.<\/p>\n<p>La Revoluci\u00f3n cubana, de la cual Fidel Castro era el inspirador, el te\u00f3rico y el l\u00edder, sigue siendo hoy, gracias a sus \u00e9xitos y a pesar de sus carencias, una referencia importante para millones de desheredados del planeta. Aqu\u00ed o all\u00e1, en Am\u00e9rica Latina y en otras partes del mundo, mujeres y hombres protestan, luchan y a veces mueren para intentar establecer reg\u00edmenes inspirados por el modelo cubano.<\/p>\n<p>La ca\u00edda del muro de Berl\u00edn en 1989, la desaparici\u00f3n de la Uni\u00f3n Sovi\u00e9tica en 1991 y el fracaso hist\u00f3rico del socialismo de Estado no modificaron el sue\u00f1o de Fidel Castro de instaurar en Cuba una sociedad de nuevo tipo, m\u00e1s justa, m\u00e1s sana, mejor educada, sin privatizaciones ni discriminaciones de ning\u00fan tipo, y con una cultura global total.<\/p>\n<p>Hasta la v\u00edspera de su fallecimiento a los 90 a\u00f1os, segu\u00eda movilizado en defensa de la ecolog\u00eda y del medio ambiente, y contra la globalizaci\u00f3n neoliberal, segu\u00eda en la trinchera, en primera l\u00ednea, conduciendo la batalla por las ideas en las que cre\u00eda y a las cuales nada ni nadie le hizo renunciar.<\/p>\n<p>En el pante\u00f3n mundial consagrado a aquellos que con m\u00e1s empe\u00f1o lucharon por la justicia social y que m\u00e1s solidaridad derrocharon en favor de los oprimidos de la Tierra, Fidel Castro &#8211; le guste o no a sus detractores &#8211; tiene un lugar reservado.<\/p>\n<p>Lo conoc\u00ed en 1975 y convers\u00e9 con \u00e9l en m\u00faltiples ocasiones, pero, durante mucho tiempo, en circunstancias siempre muy profesionales y muy precisas, con ocasi\u00f3n de reportajes en la isla o la participaci\u00f3n en alg\u00fan congreso o alg\u00fan evento. Cuando decidimos hacer el libro \u201cFidel Castro. Biograf\u00eda a dos voces\u201d (o \u201cCien horas con Fidel\u201d), me invit\u00f3 a acompa\u00f1arlo durante d\u00edas en diversos recorridos. Tanto por Cuba (Santiago, Holgu\u00edn, La Habana) como por el extranjero (Ecuador). En coche, en avi\u00f3n, caminando, almorzando o cenando, conversamos largo. Sin grabadora. De todos los temas posibles, de las noticias del d\u00eda, de sus experiencias pasadas y de sus preocupaciones presentes. Que yo reconstru\u00eda luego, de memoria, en mis cuadernos. Luego, durante tres a\u00f1os, nos vimos muy frecuentemente, al menos varios d\u00edas, una vez por trimestre.<\/p>\n<p>Descubr\u00ed as\u00ed un Fidel \u00edntimo. Casi t\u00edmido. Muy educado. Escuchando con atenci\u00f3n a cada interlocutor. Siempre atento a los dem\u00e1s, y en particular a sus colaboradores. Nunca le o\u00ed una palabra m\u00e1s alta que la otra. Nunca una orden. Con modales y gestos de una cortes\u00eda de anta\u00f1o. Todo un caballero. Con un alto sentido del pundonor. Que vive, por lo que pude apreciar, de manera espartana. Mobiliario austero, comida sana y frugal. Modo de vida de monje-soldado.<\/p>\n<p>Su jornada de trabajo se sol\u00eda terminar a las seis o las siete de la madrugada, cuando despuntaba el d\u00eda. M\u00e1s de una vez interrumpi\u00f3 nuestra conversaci\u00f3n a las dos o las tres de la madrugada porque a\u00fan deb\u00eda participar en unas \u201creuniones importantes\u201d\u2026Dorm\u00eda s\u00f3lo cuatro horas, m\u00e1s, de vez en cuando, una o dos horas en cualquier momento del d\u00eda.<\/p>\n<p>Pero era tambi\u00e9n un gran madrugador. E incansable. Viajes, desplazamientos, reuniones se encadenaban sin tregua. A un ritmo ins\u00f3lito. Sus asistentes \u2013 todos j\u00f3venes y brillantes de unos 30 a\u00f1os \u2013 estaban, al final del d\u00eda, exhaustos. Se dorm\u00edan de pie. Agotados. Incapaces de seguir el ritmo de ese infatigable gigante.<\/p>\n<p>Fidel reclamaba notas, informes, cables, noticias, estad\u00edsticas, res\u00famenes de emisiones de televisi\u00f3n o de radio, llamadas telef\u00f3nicas&#8230; No paraba de pensar, de cavilar. Siempre alerta, siempre en acci\u00f3n, siempre a la cabeza de un peque\u00f1o Estado mayor \u2013 el que constitu\u00edan sus asistentes y ayudantes \u2013 librando una batalla nueva. Siempre con ideas. Pensando lo impensable. Imaginando lo inimaginable. Con un atrevimiento mental espectacular.<\/p>\n<p>Una vez definido un proyecto. Ning\u00fan obst\u00e1culo lo deten\u00eda. Su realizaci\u00f3n iba de s\u00ed. \u201cLa intendencia seguir\u00e1\u201d dec\u00eda Napole\u00f3n. Fidel igual. Su entusiasmo arrastraba la adhesi\u00f3n. Levantaba las voluntades. Como un fen\u00f3meno casi de magia, se ve\u00edan las ideas materializarse, hacerse hechos palpables, cosas, acontecimientos.<\/p>\n<p>Su capacidad ret\u00f3rica, tantas veces descrita, era prodigiosa. Fenomenal. No hablo de sus discursos p\u00fablicos, bien conocidos. Sino de una simple conversaci\u00f3n de sobremesa. Fidel era un torrente de palabras. Una avalancha. Que acompa\u00f1aba la prodigiosa gestualidad de sus finas manos.<\/p>\n<p>Le gustaba la precisi\u00f3n, la exactitud, la puntualidad. Con \u00e9l, nada de aproximaciones. Una memoria portentosa, de una precisi\u00f3n ins\u00f3lita. Apabullante. Tan rica que hasta parec\u00eda a veces impedirle pensar de manera sint\u00e9tica. Su pensamiento era arborescente. Todo se encadenaba. Todo ten\u00eda que ver con todo. Digresiones constantes. Par\u00e9ntesis permanentes. El desarrollo de un tema le conduc\u00eda, por asociaci\u00f3n, por recuerdo de tal detalle, de tal situaci\u00f3n o de tal personaje, a evocar un tema paralelo, y otro, y otro, y otro. Alej\u00e1ndose as\u00ed del tema central. A tal punto que el interlocutor tem\u00eda, un instante, que hubiese perdido el hilo. Pero desandaba luego lo andado, y volv\u00eda a retomar, con sorprendente soltura, la idea principal.<\/p>\n<p>En ning\u00fan momento, a lo largo de m\u00e1s de cien horas de conversaciones, Fidel puso un l\u00edmite cualquiera a las cuestiones a abordar. Como intelectual que era, y de un calibre considerable, no le tem\u00eda al debate. Al contrario, lo requer\u00eda, lo estimulaba. Siempre dispuesto a litigar con quien sea. Con mucho respeto hacia el otro. Con mucho cuidado. Y era un discutidor y un polemista temible. Con argumentos a espuertas. A quien solo repugnaban la mala fe y el odio.<\/p>\n<p>&#8211; Ignacio Ramonet es Director de \u00abLe Monde diplomatique en espa\u00f1ol\u00bb, autor de Fidel Castro: biograf\u00eda a dos voces.<\/p>\n<p>URL de este art\u00edculo: http:\/\/www.alainet.org\/es\/articulo\/181964<\/p>\n","protected":false},"excerpt":{"rendered":"<p>Ignacio Ramonet * Bajo su direcci\u00f3n, su peque\u00f1o pa\u00eds pudo conducir una pol\u00edtica de gran potencia a escala mundial, echando hasta un pulso con Estados Unidos cuyos dirigentes no consiguieron derribarlo, ni eliminarlo, ni siquiera modificar el rumbo de la Revoluci\u00f3n cubana. Y finalmente, en diciembre de 2014, tuvieron que admitir el fracaso de sus [&hellip;]<\/p>\n","protected":false},"author":1,"featured_media":45575,"comment_status":"open","ping_status":"open","sticky":false,"template":"","format":"standard","meta":{"om_disable_all_campaigns":false,"_monsterinsights_skip_tracking":false,"_monsterinsights_sitenote_active":false,"_monsterinsights_sitenote_note":"","_monsterinsights_sitenote_category":0,"footnotes":""},"categories":[12,3524],"tags":[],"class_list":["post-45574","post","type-post","status-publish","format-standard","has-post-thumbnail","hentry","category-blugs","category-noticas"],"aioseo_notices":[],"_links":{"self":[{"href":"https:\/\/elcronistadigital.com\/index.php?rest_route=\/wp\/v2\/posts\/45574","targetHints":{"allow":["GET"]}}],"collection":[{"href":"https:\/\/elcronistadigital.com\/index.php?rest_route=\/wp\/v2\/posts"}],"about":[{"href":"https:\/\/elcronistadigital.com\/index.php?rest_route=\/wp\/v2\/types\/post"}],"author":[{"embeddable":true,"href":"https:\/\/elcronistadigital.com\/index.php?rest_route=\/wp\/v2\/users\/1"}],"replies":[{"embeddable":true,"href":"https:\/\/elcronistadigital.com\/index.php?rest_route=%2Fwp%2Fv2%2Fcomments&post=45574"}],"version-history":[{"count":1,"href":"https:\/\/elcronistadigital.com\/index.php?rest_route=\/wp\/v2\/posts\/45574\/revisions"}],"predecessor-version":[{"id":45576,"href":"https:\/\/elcronistadigital.com\/index.php?rest_route=\/wp\/v2\/posts\/45574\/revisions\/45576"}],"wp:featuredmedia":[{"embeddable":true,"href":"https:\/\/elcronistadigital.com\/index.php?rest_route=\/wp\/v2\/media\/45575"}],"wp:attachment":[{"href":"https:\/\/elcronistadigital.com\/index.php?rest_route=%2Fwp%2Fv2%2Fmedia&parent=45574"}],"wp:term":[{"taxonomy":"category","embeddable":true,"href":"https:\/\/elcronistadigital.com\/index.php?rest_route=%2Fwp%2Fv2%2Fcategories&post=45574"},{"taxonomy":"post_tag","embeddable":true,"href":"https:\/\/elcronistadigital.com\/index.php?rest_route=%2Fwp%2Fv2%2Ftags&post=45574"}],"curies":[{"name":"wp","href":"https:\/\/api.w.org\/{rel}","templated":true}]}}