{"id":45593,"date":"2016-12-01T12:11:12","date_gmt":"2016-12-01T18:11:12","guid":{"rendered":"http:\/\/elcronistadigital.com\/?p=45593"},"modified":"2016-12-01T12:11:12","modified_gmt":"2016-12-01T18:11:12","slug":"vih-es-aun-grave-amenaza-para-adolescentes","status":"publish","type":"post","link":"https:\/\/elcronistadigital.com\/?p=45593","title":{"rendered":"VIH es a\u00fan grave amenaza para adolescentes"},"content":{"rendered":"<p><a href=\"https:\/\/elcronistadigital.com\/wp-content\/uploads\/2016\/12\/vih2.jpg\"><img loading=\"lazy\" decoding=\"async\" class=\"alignleft size-full wp-image-45594\" alt=\"vih2\" src=\"https:\/\/elcronistadigital.com\/wp-content\/uploads\/2016\/12\/vih2.jpg\" width=\"450\" height=\"321\" srcset=\"https:\/\/elcronistadigital.com\/wp-content\/uploads\/2016\/12\/vih2.jpg 450w, https:\/\/elcronistadigital.com\/wp-content\/uploads\/2016\/12\/vih2-300x214.jpg 300w, https:\/\/elcronistadigital.com\/wp-content\/uploads\/2016\/12\/vih2-342x243.jpg 342w, https:\/\/elcronistadigital.com\/wp-content\/uploads\/2016\/12\/vih2-90x65.jpg 90w\" sizes=\"auto, (max-width: 450px) 100vw, 450px\" \/><\/a>Nueva York\/Johannesburgo.- Un nuevo informe publicado el mi\u00e9rcoles por UNICEF indica que, seg\u00fan las proyecciones, las nuevas infecciones por el VIH entre los adolescentes podr\u00edan aumentar anualmente desde 250.000 en 2015 a casi 400.000 en 2030, si se estancan los progresos para llegar a este grupo de edad.<\/p>\n<p>\u201cEl mundo ha logrado enormes progresos en los esfuerzos mundiales para poner fin al sida, pero la lucha est\u00e1 lejos de haber terminado, especialmente para los ni\u00f1os y los adolescentes\u201d, dijo el Director Ejecutivo de UNICEF, Anthony Lake.<\/p>\n<p>\u201cCada dos minutos, otro adolescente \u2013lo m\u00e1s probable, una ni\u00f1a\u2013 contraer\u00e1 el VIH. Si queremos poner fin al sida, necesitamos recuperar el sentimiento de urgencia que esta cuesti\u00f3n merece, y redoblar nuestros esfuerzos para llegar a cada ni\u00f1o y cada adolescente\u201d.<\/p>\n<p>El sida sigue siendo la principal causa de muerte entre los adolescentes, ya que cost\u00f3 las vidas de 41.000 ni\u00f1os de 10 a 19 a\u00f1os en 2015, seg\u00fan el s\u00e9ptimo inventario de la situaci\u00f3n sobre los ni\u00f1os y el sida: For Every Child: End AIDS.<\/p>\n<p>El informe propone estrategias para acelerar los progresos en la prevenci\u00f3n del VIH entre los adolescentes y el tratamiento de las personas ya infectadas. Estos incluyen:<\/p>\n<p>\u2022 Invertir en innovaci\u00f3n, incluidas las soluciones locales.<\/p>\n<p>\u2022 Reforzar la recolecci\u00f3n de datos.<\/p>\n<p>\u2022 Poner fin a la discriminaci\u00f3n de g\u00e9nero, incluidas la violencia de g\u00e9nero y la lucha contra el estigma.<\/p>\n<p>\u2022 Priorizar los esfuerzos para abordar las vulnerabilidades de los adolescentes proporcion\u00e1ndoles actividades combinadas de prevenci\u00f3n como la profilaxis antes de la exposici\u00f3n, transferencias en efectivo y una educaci\u00f3n sexual integral.<\/p>\n<p>A nivel mundial hab\u00eda cerca de 2 millones de adolescentes de 10 a 19 a\u00f1os que viv\u00edan con el VIH en 2015. En \u00c1frica subsahariana, la regi\u00f3n m\u00e1s afectada por el VIH, las ni\u00f1as representaron tres de cada cuatro nuevas infecciones entre los adolescentes de 15 a 19 a\u00f1os.<\/p>\n<p>Otras conclusiones del informe incluyen:<\/p>\n<p>\u2022 Notables progresos en la prevenci\u00f3n de la transmisi\u00f3n de madre a hijo del VIH. En todo el mundo se evitaron 1,6 millones de nuevas infecciones entre los ni\u00f1os entre 2000 y 2015.<\/p>\n<p>\u2022 1,1 millones de ni\u00f1os, adolescentes y mujeres contrajeron el virus en 2015.<\/p>\n<p>\u2022 Los ni\u00f1os de 0 a 4 a\u00f1os que viven con el VIH corren el mayor riesgo de morir de causas relacionadas con el sida, en comparaci\u00f3n con los otros grupos de edad, y a menudo su diagn\u00f3stico y tratamiento llega demasiado tarde. S\u00f3lo la mitad de los beb\u00e9s nacidos de madres que viven con el VIH son sometidos a una prueba de VIH en sus dos primeros meses, y la edad promedio en que comienza el tratamiento entre los ni\u00f1os que han contra\u00eddo verticalmente el VIH en \u00c1frica subsahariana es de 4 a\u00f1os.<\/p>\n<p>A pesar de los avances para evitar nuevas infecciones y reducir las muertes, la financiaci\u00f3n para la respuesta al sida ha disminuido desde 2014, dijo UNICEF.<\/p>\n","protected":false},"excerpt":{"rendered":"<p>Nueva York\/Johannesburgo.- Un nuevo informe publicado el mi\u00e9rcoles por UNICEF indica que, seg\u00fan las proyecciones, las nuevas infecciones por el VIH entre los adolescentes podr\u00edan aumentar anualmente desde 250.000 en 2015 a casi 400.000 en 2030, si se estancan los progresos para llegar a este grupo de edad. \u201cEl mundo ha logrado enormes progresos en [&hellip;]<\/p>\n","protected":false},"author":1,"featured_media":45594,"comment_status":"open","ping_status":"open","sticky":false,"template":"","format":"standard","meta":{"om_disable_all_campaigns":false,"_monsterinsights_skip_tracking":false,"_monsterinsights_sitenote_active":false,"_monsterinsights_sitenote_note":"","_monsterinsights_sitenote_category":0,"footnotes":""},"categories":[7,3524],"tags":[],"class_list":["post-45593","post","type-post","status-publish","format-standard","has-post-thumbnail","hentry","category-salud-y-belleza","category-noticas"],"aioseo_notices":[],"_links":{"self":[{"href":"https:\/\/elcronistadigital.com\/index.php?rest_route=\/wp\/v2\/posts\/45593","targetHints":{"allow":["GET"]}}],"collection":[{"href":"https:\/\/elcronistadigital.com\/index.php?rest_route=\/wp\/v2\/posts"}],"about":[{"href":"https:\/\/elcronistadigital.com\/index.php?rest_route=\/wp\/v2\/types\/post"}],"author":[{"embeddable":true,"href":"https:\/\/elcronistadigital.com\/index.php?rest_route=\/wp\/v2\/users\/1"}],"replies":[{"embeddable":true,"href":"https:\/\/elcronistadigital.com\/index.php?rest_route=%2Fwp%2Fv2%2Fcomments&post=45593"}],"version-history":[{"count":1,"href":"https:\/\/elcronistadigital.com\/index.php?rest_route=\/wp\/v2\/posts\/45593\/revisions"}],"predecessor-version":[{"id":45595,"href":"https:\/\/elcronistadigital.com\/index.php?rest_route=\/wp\/v2\/posts\/45593\/revisions\/45595"}],"wp:featuredmedia":[{"embeddable":true,"href":"https:\/\/elcronistadigital.com\/index.php?rest_route=\/wp\/v2\/media\/45594"}],"wp:attachment":[{"href":"https:\/\/elcronistadigital.com\/index.php?rest_route=%2Fwp%2Fv2%2Fmedia&parent=45593"}],"wp:term":[{"taxonomy":"category","embeddable":true,"href":"https:\/\/elcronistadigital.com\/index.php?rest_route=%2Fwp%2Fv2%2Fcategories&post=45593"},{"taxonomy":"post_tag","embeddable":true,"href":"https:\/\/elcronistadigital.com\/index.php?rest_route=%2Fwp%2Fv2%2Ftags&post=45593"}],"curies":[{"name":"wp","href":"https:\/\/api.w.org\/{rel}","templated":true}]}}