{"id":45607,"date":"2016-12-06T08:20:08","date_gmt":"2016-12-06T14:20:08","guid":{"rendered":"http:\/\/elcronistadigital.com\/?p=45607"},"modified":"2016-12-06T08:20:29","modified_gmt":"2016-12-06T14:20:29","slug":"morales-carazo-fuimos-utilizados-por-ee-uu","status":"publish","type":"post","link":"https:\/\/elcronistadigital.com\/?p=45607","title":{"rendered":"Morales Carazo: \u00abFuimos utilizados por EE.UU.\u00bb"},"content":{"rendered":"<div id=\"attachment_45608\" style=\"width: 360px\" class=\"wp-caption alignleft\"><a href=\"https:\/\/elcronistadigital.com\/wp-content\/uploads\/2016\/12\/Jaime-Morales-Carazo.jpg\"><img loading=\"lazy\" decoding=\"async\" aria-describedby=\"caption-attachment-45608\" class=\"size-full wp-image-45608\" alt=\"Jaime Morales Carazo, exjefe de la Contra y exvicepresidente de Nicaragua.\" src=\"https:\/\/elcronistadigital.com\/wp-content\/uploads\/2016\/12\/Jaime-Morales-Carazo.jpg\" width=\"350\" height=\"312\" srcset=\"https:\/\/elcronistadigital.com\/wp-content\/uploads\/2016\/12\/Jaime-Morales-Carazo.jpg 350w, https:\/\/elcronistadigital.com\/wp-content\/uploads\/2016\/12\/Jaime-Morales-Carazo-300x267.jpg 300w, https:\/\/elcronistadigital.com\/wp-content\/uploads\/2016\/12\/Jaime-Morales-Carazo-342x304.jpg 342w\" sizes=\"auto, (max-width: 350px) 100vw, 350px\" \/><\/a><p id=\"caption-attachment-45608\" class=\"wp-caption-text\">Jaime Morales Carazo, exjefe de la Contra y exvicepresidente de Nicaragua.<\/p><\/div>\n<p><span style=\"color: #993300;\"><em><strong>* Reagan form\u00f3 el ej\u00e9rcito denominado FDN o Contras, \u00abpara tratar de impedir, aunque nos dimos cuenta tarde, que la Revoluci\u00f3n Sandinista se trasladara a El Salvador y llegara a ocurrir all\u00ed lo mismo que en Nicaragua\u00bb, se\u00f1ala.<\/strong><\/em><\/span><\/p>\n<p>Hasta que sonaron las campanas de la paz en Nicaragua tuvo que correr mucha sangre por sus calles. El 19 de julio de 1979, los nicarag\u00fcenses celebraron en las calles el fin de la dictadura somocista: algunos pensaban que el triunfo de los sandinistas traer\u00eda la paz, pero en realidad no fue m\u00e1s que el inicio de una cruenta guerra civil provocada por la intervenci\u00f3n del Gobierno estadounidense.<\/p>\n<p>La agresi\u00f3n contra Nicaragua<\/p>\n<p>\u00abTodo empieza con Ronald Reagan, que decide ir frontalmente contra la Uni\u00f3n Sovi\u00e9tica. \u00c9l es el creador de la tesis de que la Revoluci\u00f3n Popular Sandinista era una expresi\u00f3n de la confrontaci\u00f3n este-oeste. Desde esa \u00f3ptica, en la que los sandinistas \u00e9ramos un producto de la intervenci\u00f3n sovi\u00e9tica en Am\u00e9rica Latina, empieza a dise\u00f1ar una agresi\u00f3n contra Nicaragua\u00bb, afirma el historiador Aldo D\u00edaz Lacayo.<\/p>\n<p>Para derrotar a los sandinistas, EE.UU. organiz\u00f3 un grupo armado conocido como la Contra, cuyo financiamiento proven\u00eda de la venta de armas que la Administraci\u00f3n Reagan hac\u00eda al Gobierno iran\u00ed cuando este se encontraba inmerso en una guerra contra Irak.<\/p>\n<p>A la agresi\u00f3n militar y diplom\u00e1tica se sum\u00f3 al bloqueo econ\u00f3mico y comercial que impuso Reagan en 1981, afectando al 90% de la infraestructura productiva de ese pa\u00eds. \u00abLo m\u00e1s espantoso fue que nos dejaron literalmente en la calle, sin ninguna posibilidad de desarrollo econ\u00f3mico\u00bb, critica Lacayo.<\/p>\n<p>\u00abFuimos utilizados por EE.UU.\u00bb<\/p>\n<p>Jaime Morales Carazo, excomandante de la Contra, denuncia que fueron utilizados por los intereses norteamericanos \u00abpara tratar de impedir, aunque nos dimos cuenta tarde, que la Revoluci\u00f3n Sandinista se trasladara a El Salvador y llegara a ocurrir all\u00ed lo mismo que en Nicaragua\u00bb.<\/p>\n<p>Sin embargo, la historia cambi\u00f3 su rumbo cuando la Contra, seg\u00fan cuentan sus miembros, se sinti\u00f3 utilizada por el Gobierno estadounidense. Morales Carazo recuerda lo que le contestaron en una reuni\u00f3n con la plana mayor de EE.UU. en v\u00edspera de los \u00faltimos procesos de negociaci\u00f3n: \u00ables pregunt\u00e9: &#8216;\u00bfqu\u00e9 podemos esperar nosotros, los de la Contra, de nuestro aliado, que son ustedes? La respuesta fue muy cruda: &#8216;est\u00e1n abandonados a su propia suerte'\u00bb.<\/p>\n<p>\u00abEvitar volver a desembocar en esa barbarie\u00bb<\/p>\n<p>Si bien en un momento se dec\u00eda que los sandinistas y los Contras no pod\u00edan estar en un mismo lugar respirando el mismo aire, lo cierto es que tras un largo proceso de reconciliaci\u00f3n ambos bandos aprendieron a convivir en paz e incluso a estrechar alianzas para trabajar por el bien del pa\u00eds.<\/p>\n<p>Cuando en el a\u00f1o 2006 Ortega se postula nuevamente como Presidente, elige a Jaime Morales Carazo, ex jefe de la Contra, como su candidato a la vicepresidencia. \u00abAcept\u00e9 ser compa\u00f1ero de f\u00f3rmula de Ortega para evitar que volvi\u00e9ramos a desembocar en esa barbarie a falta de haber dialogado entre nosotros\u00bb, indica el excomandante. \u00abY lo que es peor, haber sido manipulados por intereses extra\u00f1os\u00bb, concluye.<\/p>\n<p>Fuente: RT.<\/p>\n","protected":false},"excerpt":{"rendered":"<p>* Reagan form\u00f3 el ej\u00e9rcito denominado FDN o Contras, \u00abpara tratar de impedir, aunque nos dimos cuenta tarde, que la Revoluci\u00f3n Sandinista se trasladara a El Salvador y llegara a ocurrir all\u00ed lo mismo que en Nicaragua\u00bb, se\u00f1ala. Hasta que sonaron las campanas de la paz en Nicaragua tuvo que correr mucha sangre por sus [&hellip;]<\/p>\n","protected":false},"author":1,"featured_media":45608,"comment_status":"open","ping_status":"open","sticky":false,"template":"","format":"standard","meta":{"om_disable_all_campaigns":false,"_monsterinsights_skip_tracking":false,"_monsterinsights_sitenote_active":false,"_monsterinsights_sitenote_note":"","_monsterinsights_sitenote_category":0,"footnotes":""},"categories":[3524,13],"tags":[],"class_list":["post-45607","post","type-post","status-publish","format-standard","has-post-thumbnail","hentry","category-noticas","category-portada"],"aioseo_notices":[],"_links":{"self":[{"href":"https:\/\/elcronistadigital.com\/index.php?rest_route=\/wp\/v2\/posts\/45607","targetHints":{"allow":["GET"]}}],"collection":[{"href":"https:\/\/elcronistadigital.com\/index.php?rest_route=\/wp\/v2\/posts"}],"about":[{"href":"https:\/\/elcronistadigital.com\/index.php?rest_route=\/wp\/v2\/types\/post"}],"author":[{"embeddable":true,"href":"https:\/\/elcronistadigital.com\/index.php?rest_route=\/wp\/v2\/users\/1"}],"replies":[{"embeddable":true,"href":"https:\/\/elcronistadigital.com\/index.php?rest_route=%2Fwp%2Fv2%2Fcomments&post=45607"}],"version-history":[{"count":3,"href":"https:\/\/elcronistadigital.com\/index.php?rest_route=\/wp\/v2\/posts\/45607\/revisions"}],"predecessor-version":[{"id":45611,"href":"https:\/\/elcronistadigital.com\/index.php?rest_route=\/wp\/v2\/posts\/45607\/revisions\/45611"}],"wp:featuredmedia":[{"embeddable":true,"href":"https:\/\/elcronistadigital.com\/index.php?rest_route=\/wp\/v2\/media\/45608"}],"wp:attachment":[{"href":"https:\/\/elcronistadigital.com\/index.php?rest_route=%2Fwp%2Fv2%2Fmedia&parent=45607"}],"wp:term":[{"taxonomy":"category","embeddable":true,"href":"https:\/\/elcronistadigital.com\/index.php?rest_route=%2Fwp%2Fv2%2Fcategories&post=45607"},{"taxonomy":"post_tag","embeddable":true,"href":"https:\/\/elcronistadigital.com\/index.php?rest_route=%2Fwp%2Fv2%2Ftags&post=45607"}],"curies":[{"name":"wp","href":"https:\/\/api.w.org\/{rel}","templated":true}]}}