{"id":45639,"date":"2016-12-12T15:35:56","date_gmt":"2016-12-12T21:35:56","guid":{"rendered":"http:\/\/elcronistadigital.com\/?p=45639"},"modified":"2016-12-12T15:37:37","modified_gmt":"2016-12-12T21:37:37","slug":"vacaciones-entre-el-20-de-diciembre-y-3-de-enero","status":"publish","type":"post","link":"https:\/\/elcronistadigital.com\/?p=45639","title":{"rendered":"Vacaciones entre el 21 de diciembre y 2 de enero"},"content":{"rendered":"<p><a href=\"https:\/\/elcronistadigital.com\/wp-content\/uploads\/2016\/12\/vacaciones.jpg\"><img loading=\"lazy\" decoding=\"async\" class=\"alignleft size-full wp-image-45640\" alt=\"vacaciones\" src=\"https:\/\/elcronistadigital.com\/wp-content\/uploads\/2016\/12\/vacaciones.jpg\" width=\"450\" height=\"268\" srcset=\"https:\/\/elcronistadigital.com\/wp-content\/uploads\/2016\/12\/vacaciones.jpg 450w, https:\/\/elcronistadigital.com\/wp-content\/uploads\/2016\/12\/vacaciones-300x178.jpg 300w, https:\/\/elcronistadigital.com\/wp-content\/uploads\/2016\/12\/vacaciones-342x203.jpg 342w\" sizes=\"auto, (max-width: 450px) 100vw, 450px\" \/><\/a>Las vacaciones de fin de a\u00f1o de los trabajadores del Estado inician el 21 de diciembre y finalizan el 2 de enero, de tal manera que el \u00faltimo d\u00eda de trabajo ser\u00e1 el 20 de diciembre y el retorno a las labores ordinarias el 3 de enero.<\/p>\n<p>\u201cTodas las instituciones de Gobierno dejar\u00e1n puestos de mando\u201d, dijo la portavoz del gobierno Rosario Murillo, quien hizo este lunes el anuncio.<\/p>\n<p>El decreto emitido al respecto se\u00f1ala que \u201clos trabajos que no sean susceptibles de interrupci\u00f3n por su naturaleza\u201d, como Aduana, Migraci\u00f3n, el Minsa, la Polic\u00eda, la Presidencia de la Rep\u00fablica, el Sinapred o el Ej\u00e9rcito, se abocar\u00e1n a lo ya establecido en el art\u00edculo 69 del C\u00f3digo del Trabajo.<\/p>\n<p>\u201cTodos seguimos trabajando para servirles a ustedes y garantizamos desde la Presidencia de la Rep\u00fablica el funcionamiento de los puestos de mandos de todas las instituciones\u201d, indic\u00f3.<\/p>\n<p>Murillo indic\u00f3 que la Polic\u00eda estar\u00e1 activada resguardando carreteras, balnearios, y espacios de recreaci\u00f3n y de expresiones religiosas durante estos d\u00edas.<\/p>\n<p>Explic\u00f3 que en estas vacaciones de fin de a\u00f1o, los trabajadores del sector privado deber\u00e1n ajustarse a la costumbre o a lo acordado con sus empleadores.<\/p>\n","protected":false},"excerpt":{"rendered":"<p>Las vacaciones de fin de a\u00f1o de los trabajadores del Estado inician el 21 de diciembre y finalizan el 2 de enero, de tal manera que el \u00faltimo d\u00eda de trabajo ser\u00e1 el 20 de diciembre y el retorno a las labores ordinarias el 3 de enero. \u201cTodas las instituciones de Gobierno dejar\u00e1n puestos de [&hellip;]<\/p>\n","protected":false},"author":1,"featured_media":45640,"comment_status":"open","ping_status":"open","sticky":false,"template":"","format":"standard","meta":{"om_disable_all_campaigns":false,"_monsterinsights_skip_tracking":false,"_monsterinsights_sitenote_active":false,"_monsterinsights_sitenote_note":"","_monsterinsights_sitenote_category":0,"footnotes":""},"categories":[3524,13],"tags":[],"class_list":["post-45639","post","type-post","status-publish","format-standard","has-post-thumbnail","hentry","category-noticas","category-portada"],"aioseo_notices":[],"_links":{"self":[{"href":"https:\/\/elcronistadigital.com\/index.php?rest_route=\/wp\/v2\/posts\/45639","targetHints":{"allow":["GET"]}}],"collection":[{"href":"https:\/\/elcronistadigital.com\/index.php?rest_route=\/wp\/v2\/posts"}],"about":[{"href":"https:\/\/elcronistadigital.com\/index.php?rest_route=\/wp\/v2\/types\/post"}],"author":[{"embeddable":true,"href":"https:\/\/elcronistadigital.com\/index.php?rest_route=\/wp\/v2\/users\/1"}],"replies":[{"embeddable":true,"href":"https:\/\/elcronistadigital.com\/index.php?rest_route=%2Fwp%2Fv2%2Fcomments&post=45639"}],"version-history":[{"count":2,"href":"https:\/\/elcronistadigital.com\/index.php?rest_route=\/wp\/v2\/posts\/45639\/revisions"}],"predecessor-version":[{"id":45642,"href":"https:\/\/elcronistadigital.com\/index.php?rest_route=\/wp\/v2\/posts\/45639\/revisions\/45642"}],"wp:featuredmedia":[{"embeddable":true,"href":"https:\/\/elcronistadigital.com\/index.php?rest_route=\/wp\/v2\/media\/45640"}],"wp:attachment":[{"href":"https:\/\/elcronistadigital.com\/index.php?rest_route=%2Fwp%2Fv2%2Fmedia&parent=45639"}],"wp:term":[{"taxonomy":"category","embeddable":true,"href":"https:\/\/elcronistadigital.com\/index.php?rest_route=%2Fwp%2Fv2%2Fcategories&post=45639"},{"taxonomy":"post_tag","embeddable":true,"href":"https:\/\/elcronistadigital.com\/index.php?rest_route=%2Fwp%2Fv2%2Ftags&post=45639"}],"curies":[{"name":"wp","href":"https:\/\/api.w.org\/{rel}","templated":true}]}}