{"id":45645,"date":"2016-12-14T12:32:07","date_gmt":"2016-12-14T18:32:07","guid":{"rendered":"http:\/\/elcronistadigital.com\/?p=45645"},"modified":"2016-12-14T12:32:07","modified_gmt":"2016-12-14T18:32:07","slug":"presidente-irani-felicita-a-su-par-nicaraguense","status":"publish","type":"post","link":"https:\/\/elcronistadigital.com\/?p=45645","title":{"rendered":"Presidente iran\u00ed felicita a su par nicarag\u00fcense"},"content":{"rendered":"<div id=\"attachment_45646\" style=\"width: 460px\" class=\"wp-caption alignleft\"><a href=\"https:\/\/elcronistadigital.com\/wp-content\/uploads\/2016\/12\/Hasan-Rohani.png\"><img loading=\"lazy\" decoding=\"async\" aria-describedby=\"caption-attachment-45646\" class=\"size-full wp-image-45646\" alt=\"Hasan Rohani, presidente de Ir\u00e1n.\" src=\"https:\/\/elcronistadigital.com\/wp-content\/uploads\/2016\/12\/Hasan-Rohani.png\" width=\"450\" height=\"253\" srcset=\"https:\/\/elcronistadigital.com\/wp-content\/uploads\/2016\/12\/Hasan-Rohani.png 450w, https:\/\/elcronistadigital.com\/wp-content\/uploads\/2016\/12\/Hasan-Rohani-300x168.png 300w, https:\/\/elcronistadigital.com\/wp-content\/uploads\/2016\/12\/Hasan-Rohani-342x192.png 342w\" sizes=\"auto, (max-width: 450px) 100vw, 450px\" \/><\/a><p id=\"caption-attachment-45646\" class=\"wp-caption-text\">Hasan Rohani, presidente de Ir\u00e1n.<\/p><\/div>\n<p>El presidente iran\u00ed, Hasan Rohani, felicit\u00f3 al presidente de Nicaragua, Daniel Ortega, por su tercer periodo gubernamental que iniciar\u00e1 en 2017. Ir\u00e1n ha manifestado su inter\u00e9s por participar en la construcci\u00f3n del canal interoce\u00e1nico.<\/p>\n<p>En la misiva, Ir\u00e1n expresa el deseo de ampliar las relaciones bilaterales entre ambas naciones, seg\u00fan se\u00f1ala el periodista de HispanTV, Mois\u00e9s Mercado.<\/p>\n<p>La reelecci\u00f3n de Daniel Ortega para seguir gobernando Nicaragua en los pr\u00f3ximos cinco a\u00f1os fue motivo de felicitaci\u00f3n de varios presidentes del mundo, entre los que destaca la misiva enviada por el mandatario de Ir\u00e1n quien expres\u00f3 el deseo de ampliar los acuerdos que beneficien a las dos naciones, inter\u00e9s que ha sido bien recibido desde este pa\u00eds.<\/p>\n<p>Ir\u00e1n ha expresado su inter\u00e9s por participar en el proyecto de construcci\u00f3n de un canal interoce\u00e1nico por Nicaragua, iniciativa impulsada por la administraci\u00f3n Ortega.<\/p>\n<p>Los miembros del grupo parlamentario de amistad Ir\u00e1n-Nicaragua agradecen la cercan\u00eda que ha tenido Teher\u00e1n con Managua, relaci\u00f3n que seg\u00fan ellos, naci\u00f3 con la Revoluci\u00f3n Popular Sandinista en 1979.<\/p>\n<p>En agosto de este a\u00f1o, el canciller de Ir\u00e1n, Mohamad Yavad Zarif, lleg\u00f3 a Nicaragua para ofrecer apoyo en el sector agropecuario, miner\u00eda y medicina. Al mismo tiempo, con la visita se estrecharon los lazos de amistad con el Gobierno del presidente Ortega.<\/p>\n","protected":false},"excerpt":{"rendered":"<p>El presidente iran\u00ed, Hasan Rohani, felicit\u00f3 al presidente de Nicaragua, Daniel Ortega, por su tercer periodo gubernamental que iniciar\u00e1 en 2017. Ir\u00e1n ha manifestado su inter\u00e9s por participar en la construcci\u00f3n del canal interoce\u00e1nico. En la misiva, Ir\u00e1n expresa el deseo de ampliar las relaciones bilaterales entre ambas naciones, seg\u00fan se\u00f1ala el periodista de HispanTV, [&hellip;]<\/p>\n","protected":false},"author":1,"featured_media":45646,"comment_status":"open","ping_status":"open","sticky":false,"template":"","format":"standard","meta":{"om_disable_all_campaigns":false,"_monsterinsights_skip_tracking":false,"_monsterinsights_sitenote_active":false,"_monsterinsights_sitenote_note":"","_monsterinsights_sitenote_category":0,"footnotes":""},"categories":[3524,13],"tags":[],"class_list":["post-45645","post","type-post","status-publish","format-standard","has-post-thumbnail","hentry","category-noticas","category-portada"],"aioseo_notices":[],"_links":{"self":[{"href":"https:\/\/elcronistadigital.com\/index.php?rest_route=\/wp\/v2\/posts\/45645","targetHints":{"allow":["GET"]}}],"collection":[{"href":"https:\/\/elcronistadigital.com\/index.php?rest_route=\/wp\/v2\/posts"}],"about":[{"href":"https:\/\/elcronistadigital.com\/index.php?rest_route=\/wp\/v2\/types\/post"}],"author":[{"embeddable":true,"href":"https:\/\/elcronistadigital.com\/index.php?rest_route=\/wp\/v2\/users\/1"}],"replies":[{"embeddable":true,"href":"https:\/\/elcronistadigital.com\/index.php?rest_route=%2Fwp%2Fv2%2Fcomments&post=45645"}],"version-history":[{"count":1,"href":"https:\/\/elcronistadigital.com\/index.php?rest_route=\/wp\/v2\/posts\/45645\/revisions"}],"predecessor-version":[{"id":45647,"href":"https:\/\/elcronistadigital.com\/index.php?rest_route=\/wp\/v2\/posts\/45645\/revisions\/45647"}],"wp:featuredmedia":[{"embeddable":true,"href":"https:\/\/elcronistadigital.com\/index.php?rest_route=\/wp\/v2\/media\/45646"}],"wp:attachment":[{"href":"https:\/\/elcronistadigital.com\/index.php?rest_route=%2Fwp%2Fv2%2Fmedia&parent=45645"}],"wp:term":[{"taxonomy":"category","embeddable":true,"href":"https:\/\/elcronistadigital.com\/index.php?rest_route=%2Fwp%2Fv2%2Fcategories&post=45645"},{"taxonomy":"post_tag","embeddable":true,"href":"https:\/\/elcronistadigital.com\/index.php?rest_route=%2Fwp%2Fv2%2Ftags&post=45645"}],"curies":[{"name":"wp","href":"https:\/\/api.w.org\/{rel}","templated":true}]}}