{"id":45665,"date":"2016-12-16T08:15:11","date_gmt":"2016-12-16T14:15:11","guid":{"rendered":"http:\/\/elcronistadigital.com\/?p=45665"},"modified":"2016-12-16T08:15:11","modified_gmt":"2016-12-16T14:15:11","slug":"aviles-se-reune-con-militares-mexicanos","status":"publish","type":"post","link":"https:\/\/elcronistadigital.com\/?p=45665","title":{"rendered":"Avil\u00e9s se re\u00fane con militares mexicanos"},"content":{"rendered":"<p><a href=\"https:\/\/elcronistadigital.com\/wp-content\/uploads\/2016\/12\/militares-mexicanos.jpg\"><img loading=\"lazy\" decoding=\"async\" class=\"alignleft size-full wp-image-45666\" alt=\"militares mexicanos\" src=\"https:\/\/elcronistadigital.com\/wp-content\/uploads\/2016\/12\/militares-mexicanos.jpg\" width=\"450\" height=\"299\" srcset=\"https:\/\/elcronistadigital.com\/wp-content\/uploads\/2016\/12\/militares-mexicanos.jpg 450w, https:\/\/elcronistadigital.com\/wp-content\/uploads\/2016\/12\/militares-mexicanos-300x199.jpg 300w, https:\/\/elcronistadigital.com\/wp-content\/uploads\/2016\/12\/militares-mexicanos-342x227.jpg 342w\" sizes=\"auto, (max-width: 450px) 100vw, 450px\" \/><\/a>El representante de la Secretar\u00eda de Defensa Nacional de M\u00e9xico, Juan Jos\u00e9 G\u00f3mez Ruiz, y el de la Secretar\u00eda de Marina Armada Nacional mexicana, Jorge V\u00e1squez Zapata, se reunieron el jueves con el general Julio C\u00e9sar Avil\u00e9s, jefe del Ej\u00e9rcito de Nicaragua para abordar temas ligados a las amenazas transnacionales y trabajo conjunto.<\/p>\n<p>Avil\u00e9s recibi\u00f3 en su despacho en Nicaragua a los militares mexicanos, y se\u00f1al\u00f3 que durante el encuentro \u201cse comparti\u00f3 informaci\u00f3n referida a las estrategias y esfuerzos de pa\u00eds, as\u00ed como los resultados en el enfrentamiento a las amenazas transnacionales y los procesos de trabajo\u00bb, indic\u00f3 el Ej\u00e9rcito de Nicaragua en un comunicado.<\/p>\n<p>Los militares tambi\u00e9n hablaron de \u00abfortalecer los lazos de cooperaci\u00f3n\u00bb entre las instituciones que manejan, agregaron las autoridades.<\/p>\n<p>M\u00e9xico y Nicaragua gozan de buenas relaciones pol\u00edticas y sus fuerzas de seguridad trabajan de forma coordinada frente al crimen organizado.<\/p>\n","protected":false},"excerpt":{"rendered":"<p>El representante de la Secretar\u00eda de Defensa Nacional de M\u00e9xico, Juan Jos\u00e9 G\u00f3mez Ruiz, y el de la Secretar\u00eda de Marina Armada Nacional mexicana, Jorge V\u00e1squez Zapata, se reunieron el jueves con el general Julio C\u00e9sar Avil\u00e9s, jefe del Ej\u00e9rcito de Nicaragua para abordar temas ligados a las amenazas transnacionales y trabajo conjunto. Avil\u00e9s recibi\u00f3 [&hellip;]<\/p>\n","protected":false},"author":1,"featured_media":45666,"comment_status":"open","ping_status":"open","sticky":false,"template":"","format":"standard","meta":{"om_disable_all_campaigns":false,"_monsterinsights_skip_tracking":false,"_monsterinsights_sitenote_active":false,"_monsterinsights_sitenote_note":"","_monsterinsights_sitenote_category":0,"footnotes":""},"categories":[3524,13],"tags":[],"class_list":["post-45665","post","type-post","status-publish","format-standard","has-post-thumbnail","hentry","category-noticas","category-portada"],"aioseo_notices":[],"_links":{"self":[{"href":"https:\/\/elcronistadigital.com\/index.php?rest_route=\/wp\/v2\/posts\/45665","targetHints":{"allow":["GET"]}}],"collection":[{"href":"https:\/\/elcronistadigital.com\/index.php?rest_route=\/wp\/v2\/posts"}],"about":[{"href":"https:\/\/elcronistadigital.com\/index.php?rest_route=\/wp\/v2\/types\/post"}],"author":[{"embeddable":true,"href":"https:\/\/elcronistadigital.com\/index.php?rest_route=\/wp\/v2\/users\/1"}],"replies":[{"embeddable":true,"href":"https:\/\/elcronistadigital.com\/index.php?rest_route=%2Fwp%2Fv2%2Fcomments&post=45665"}],"version-history":[{"count":1,"href":"https:\/\/elcronistadigital.com\/index.php?rest_route=\/wp\/v2\/posts\/45665\/revisions"}],"predecessor-version":[{"id":45667,"href":"https:\/\/elcronistadigital.com\/index.php?rest_route=\/wp\/v2\/posts\/45665\/revisions\/45667"}],"wp:featuredmedia":[{"embeddable":true,"href":"https:\/\/elcronistadigital.com\/index.php?rest_route=\/wp\/v2\/media\/45666"}],"wp:attachment":[{"href":"https:\/\/elcronistadigital.com\/index.php?rest_route=%2Fwp%2Fv2%2Fmedia&parent=45665"}],"wp:term":[{"taxonomy":"category","embeddable":true,"href":"https:\/\/elcronistadigital.com\/index.php?rest_route=%2Fwp%2Fv2%2Fcategories&post=45665"},{"taxonomy":"post_tag","embeddable":true,"href":"https:\/\/elcronistadigital.com\/index.php?rest_route=%2Fwp%2Fv2%2Ftags&post=45665"}],"curies":[{"name":"wp","href":"https:\/\/api.w.org\/{rel}","templated":true}]}}