{"id":45668,"date":"2016-12-16T08:42:09","date_gmt":"2016-12-16T14:42:09","guid":{"rendered":"http:\/\/elcronistadigital.com\/?p=45668"},"modified":"2016-12-16T08:42:09","modified_gmt":"2016-12-16T14:42:09","slug":"peru-expuso-a-nicaragua-como-prevenir-turismo-sexual-infantil","status":"publish","type":"post","link":"https:\/\/elcronistadigital.com\/?p=45668","title":{"rendered":"Per\u00fa expuso a Nicaragua c\u00f3mo prevenir turismo sexual infantil"},"content":{"rendered":"<p><a href=\"https:\/\/elcronistadigital.com\/wp-content\/uploads\/2016\/12\/Per\u00fa.jpg\"><img loading=\"lazy\" decoding=\"async\" class=\"alignleft size-full wp-image-45669\" alt=\"Per\u00fa\" src=\"https:\/\/elcronistadigital.com\/wp-content\/uploads\/2016\/12\/Per\u00fa.jpg\" width=\"450\" height=\"296\" srcset=\"https:\/\/elcronistadigital.com\/wp-content\/uploads\/2016\/12\/Per\u00fa.jpg 450w, https:\/\/elcronistadigital.com\/wp-content\/uploads\/2016\/12\/Per\u00fa-300x197.jpg 300w, https:\/\/elcronistadigital.com\/wp-content\/uploads\/2016\/12\/Per\u00fa-342x224.jpg 342w\" sizes=\"auto, (max-width: 450px) 100vw, 450px\" \/><\/a>En el marco de las actividades de cooperaci\u00f3n entre Per\u00fa y Nicaragua, el Ministerio de Comercio Exterior y Turismo (Mincetur), organiz\u00f3 una jornada de trabajo para transferir sus conocimientos en prevenci\u00f3n de la Explotaci\u00f3n Sexual de Ni\u00f1as, Ni\u00f1os y Adolescentes (Esnna), en el \u00e1mbito del turismo, a los funcionarios del Instituto Nicarag\u00fcense de Turismo (Intur).<\/p>\n<p>Este evento se desarroll\u00f3 como parte del proyecto \u201cPrevenci\u00f3n de la Explotaci\u00f3n Sexual Comercial Infantil en el \u00c1mbito del Turismo en el Departamento de Estel\u00ed, Nicaragua\u201d, promovido y cofinanciado por el Gobierno de Arag\u00f3n (Espa\u00f1a), la Fundaci\u00f3n Mas Vida \u2013 entidad social espa\u00f1ola- y su socio local en Nicaragua, Copaed RL.<\/p>\n<p>El objetivo de la jornada de transferencia de conocimientos fue contribuir al fortalecimiento de capacidades de los funcionarios de turismo del Intur, a efectos de mejorar su estrategia de intervenci\u00f3n para la prevenci\u00f3n de la Esnna, en el \u00e1mbito del turismo.<\/p>\n<p>Acciones de prevenci\u00f3n<\/p>\n<p>En ese sentido, el Mincetur, mediante la Direcci\u00f3n General de Pol\u00edticas de Desarrollo Tur\u00edstico, comparti\u00f3 sus experiencias en dicha materia, a trav\u00e9s de cuatro ejes:<\/p>\n<p>&#8211; Articulaci\u00f3n Intersectorial: Participaci\u00f3n del Mincetur en comisiones multisectoriales para la protecci\u00f3n de la infancia y adolescencia y para la prevenci\u00f3n de la trata de personas y sus formas de explotaci\u00f3n.<\/p>\n<p>&#8211; Capacitaci\u00f3n y asistencia t\u00e9cnica: Destinado a los Gobiernos Regionales y Locales, Redes Regionales de Lucha Contra la Trata de Personas, prestadores de servicios tur\u00edsticos, gremios, la Polic\u00eda Nacional del Per\u00fa, ONG, entre otros.<\/p>\n<p>&#8211; Campa\u00f1as de sensibilizaci\u00f3n: Difusi\u00f3n de mensajes sobre la prevenci\u00f3n de la ESNNA a trav\u00e9s de actividades como la puesta en escena de la obra Voces en el Silencio, la exposici\u00f3n fotogr\u00e1fica \u201cLa Infancia NO se vende\u201d, a fin de crear una conciencia \u00e9tica sobre el tema.<\/p>\n<p>&#8211; C\u00f3digo de conducta: Documento de adhesi\u00f3n voluntaria que contiene lineamientos de conducta para que las empresas del sector puedan proteger a las ni\u00f1as, ni\u00f1os y adolescentes de todo tipo de explotaci\u00f3n sexual, como parte de su pol\u00edtica empresarial.<\/p>\n<p>Con el desarrollo de esta actividad se espera promover la articulaci\u00f3n de una l\u00ednea de colaboraci\u00f3n t\u00e9cnica entre Per\u00fa y Nicaragua, a favor de la protecci\u00f3n de los derechos humanos de ni\u00f1os, ni\u00f1as y adolescentes frente a la Esnna en el \u00e1mbito del turismo.<\/p>\n<p>Fuente: portaldeturismo.pe<\/p>\n","protected":false},"excerpt":{"rendered":"<p>En el marco de las actividades de cooperaci\u00f3n entre Per\u00fa y Nicaragua, el Ministerio de Comercio Exterior y Turismo (Mincetur), organiz\u00f3 una jornada de trabajo para transferir sus conocimientos en prevenci\u00f3n de la Explotaci\u00f3n Sexual de Ni\u00f1as, Ni\u00f1os y Adolescentes (Esnna), en el \u00e1mbito del turismo, a los funcionarios del Instituto Nicarag\u00fcense de Turismo (Intur). [&hellip;]<\/p>\n","protected":false},"author":1,"featured_media":45669,"comment_status":"open","ping_status":"open","sticky":false,"template":"","format":"standard","meta":{"om_disable_all_campaigns":false,"_monsterinsights_skip_tracking":false,"_monsterinsights_sitenote_active":false,"_monsterinsights_sitenote_note":"","_monsterinsights_sitenote_category":0,"footnotes":""},"categories":[3524,13],"tags":[],"class_list":["post-45668","post","type-post","status-publish","format-standard","has-post-thumbnail","hentry","category-noticas","category-portada"],"aioseo_notices":[],"_links":{"self":[{"href":"https:\/\/elcronistadigital.com\/index.php?rest_route=\/wp\/v2\/posts\/45668","targetHints":{"allow":["GET"]}}],"collection":[{"href":"https:\/\/elcronistadigital.com\/index.php?rest_route=\/wp\/v2\/posts"}],"about":[{"href":"https:\/\/elcronistadigital.com\/index.php?rest_route=\/wp\/v2\/types\/post"}],"author":[{"embeddable":true,"href":"https:\/\/elcronistadigital.com\/index.php?rest_route=\/wp\/v2\/users\/1"}],"replies":[{"embeddable":true,"href":"https:\/\/elcronistadigital.com\/index.php?rest_route=%2Fwp%2Fv2%2Fcomments&post=45668"}],"version-history":[{"count":1,"href":"https:\/\/elcronistadigital.com\/index.php?rest_route=\/wp\/v2\/posts\/45668\/revisions"}],"predecessor-version":[{"id":45670,"href":"https:\/\/elcronistadigital.com\/index.php?rest_route=\/wp\/v2\/posts\/45668\/revisions\/45670"}],"wp:featuredmedia":[{"embeddable":true,"href":"https:\/\/elcronistadigital.com\/index.php?rest_route=\/wp\/v2\/media\/45669"}],"wp:attachment":[{"href":"https:\/\/elcronistadigital.com\/index.php?rest_route=%2Fwp%2Fv2%2Fmedia&parent=45668"}],"wp:term":[{"taxonomy":"category","embeddable":true,"href":"https:\/\/elcronistadigital.com\/index.php?rest_route=%2Fwp%2Fv2%2Fcategories&post=45668"},{"taxonomy":"post_tag","embeddable":true,"href":"https:\/\/elcronistadigital.com\/index.php?rest_route=%2Fwp%2Fv2%2Ftags&post=45668"}],"curies":[{"name":"wp","href":"https:\/\/api.w.org\/{rel}","templated":true}]}}