{"id":45674,"date":"2016-12-16T11:01:27","date_gmt":"2016-12-16T17:01:27","guid":{"rendered":"http:\/\/elcronistadigital.com\/?p=45674"},"modified":"2016-12-16T11:02:11","modified_gmt":"2016-12-16T17:02:11","slug":"casa-pellas-entrega-viviendas-nuevas-a-trabajadores","status":"publish","type":"post","link":"https:\/\/elcronistadigital.com\/?p=45674","title":{"rendered":"Casa Pellas entrega viviendas nuevas a trabajadores"},"content":{"rendered":"<p><a href=\"https:\/\/elcronistadigital.com\/wp-content\/uploads\/2016\/12\/Villa-G\u00e9nova.jpg\"><img loading=\"lazy\" decoding=\"async\" class=\"alignleft size-full wp-image-45675\" alt=\"Villa G\u00e9nova\" src=\"https:\/\/elcronistadigital.com\/wp-content\/uploads\/2016\/12\/Villa-G\u00e9nova.jpg\" width=\"450\" height=\"300\" srcset=\"https:\/\/elcronistadigital.com\/wp-content\/uploads\/2016\/12\/Villa-G\u00e9nova.jpg 450w, https:\/\/elcronistadigital.com\/wp-content\/uploads\/2016\/12\/Villa-G\u00e9nova-300x200.jpg 300w, https:\/\/elcronistadigital.com\/wp-content\/uploads\/2016\/12\/Villa-G\u00e9nova-342x228.jpg 342w\" sizes=\"auto, (max-width: 450px) 100vw, 450px\" \/><\/a>Un total de 24 colaboradores de Casa Pellas han visto cumplido su sue\u00f1o de tener su propia casa en Villa G\u00e9nova, un residencial dise\u00f1ado y construido como parte del programa de Responsabilidad Social de este grupo empresarial para beneficiar a sus trabajadores y sus familias.<\/p>\n<p>Villa G\u00e9nova, ubicada en el kil\u00f3metro 21 de la carretera nueva a Le\u00f3n, es un proyecto desarrollado bajo la modalidad de alianza p\u00fablico-privada entre Casa Pellas, American Nicaraguan Foundation (ANF) y el Instituto Nicarag\u00fcense de la Vivienda Urbana y Rural (Invur).<\/p>\n<p>La entrega oficial de las viviendas se realiz\u00f3 durante un acto presidido por el presidente de Casa Pellas, Silvio Pellas Chamorro.<\/p>\n<p>Casa Pellas contribuy\u00f3 con la donaci\u00f3n del terreno, la urbanizaci\u00f3n, muro perimetral, adoquinado de calles, planos y asesor\u00eda legal. ANF habilit\u00f3 el agua potable, la infraestructura sanitaria y entreg\u00f3 un aporte para las viviendas, mientras que el Invur brind\u00f3 un subsidio para la construcci\u00f3n del reparto.<\/p>\n<p>Silvio Pellas Mart\u00ednez, gerente general de Casa Pellas, explic\u00f3 que Villa G\u00e9nova es un proyecto pensado para seguridad y bienestar de la familia, y detall\u00f3 que cuenta con muro perimetral de 700 metros, cerca el\u00e9ctrica, portones met\u00e1licos, alumbrado el\u00e9ctrico, andenes, adoquinado de calles, sistema de agua potable, tanque con capacidad de 25 mil galones como respaldo, \u00e1reas verdes en las cuales se sembraron m\u00e1s de 70 \u00e1rboles y 2200 metros de gramas.<\/p>\n<p>Las viviendas est\u00e1n construidas de mamposter\u00eda reforzada, tienen 45 metros cuadrados de construcci\u00f3n, 200 varas de terrenos, ba\u00f1o, cocina, sala-comedor, 2 dormitorios, un equipo sanitario de alta eficiencia, piso de porcelanito, cielo raso, mueble desayunador, su propio sistema de agua negra, luminaria de alta eficiencia, enchape y azulejo en los ba\u00f1os, cocina y pantry, detall\u00f3 Pellas.<\/p>\n<p>Los trabajadores fueron involucrados en el proceso de construcci\u00f3n, quienes a trav\u00e9s del apoyo de Banco de Finanzas (BDF) recibieron un financiamiento para realizar construcciones adicionales a la vivienda, destac\u00f3 Emilia Navarro, Gerente Financiera de Casa Pellas.<\/p>\n<p>Para los trabajadores y sus familias fue un d\u00eda de mucha alegr\u00eda al recibir las llaves de su nueva vivienda. \u201cMe siento bendecida por el Se\u00f1or por darme esta oportunidad para que yo tuviera esta casa. Gracias a don Silvio, a ANF y a todos los que contribuyeron para que este sue\u00f1o se nos hiciera realidad\u201d, expres\u00f3 Mar\u00eda de los \u00c1ngeles Castillo, colaboradora de Casa Pellas, beneficiada con el proyecto habitacional.<\/p>\n<p>Otro beneficiado con una vivienda en Villa G\u00e9nova es Walter Francisco Guzm\u00e1n de 33 a\u00f1os, quien es una persona con discapacidad y que se integr\u00f3 hace cinco a\u00f1os a trabajar en el \u00e1rea de mantenimiento como parte del programa de Inclusi\u00f3n Laboral que desarrolla Casa Pellas.<\/p>\n<p>Para Mauricio Jos\u00e9 D\u00e1vila Plata, comprador de Talleres Yamaha, fue una bendici\u00f3n ser uno de los beneficiados del proyecto. \u201cCuando entr\u00e9 a Casa Pellas no pens\u00e9 que iba a tener una casa. Gracias a Dios, a la familia Pellas y la Fundaci\u00f3n que me hicieron realidad este sue\u00f1o\u201d coment\u00f3.<\/p>\n<p>Las acciones del programa de responsabilidad social enfocadas a los trabajadores no se limitan a la asignaci\u00f3n de viviendas, si no que se extienden a la atracci\u00f3n, desarrollo y retenci\u00f3n del talento, involucramiento de las familias, contrataci\u00f3n de personas con discapacidad, seguridad, higiene, salud y bienestar, reconocimiento del desempe\u00f1o e innovaci\u00f3n.<\/p>\n<p>Para Casa Pellas, sus colaboradores son el motor de la excelencia, la innovaci\u00f3n y la mejora continua, por lo que la mejora del lugar de trabajo y promover su desarrollo mediante la aplicaci\u00f3n de buenas pr\u00e1cticas empresariales y el otorgamiento de beneficios m\u00e1s all\u00e1 de las exigencias legales, es un firme compromiso del grupo.<\/p>\n","protected":false},"excerpt":{"rendered":"<p>Un total de 24 colaboradores de Casa Pellas han visto cumplido su sue\u00f1o de tener su propia casa en Villa G\u00e9nova, un residencial dise\u00f1ado y construido como parte del programa de Responsabilidad Social de este grupo empresarial para beneficiar a sus trabajadores y sus familias. Villa G\u00e9nova, ubicada en el kil\u00f3metro 21 de la carretera [&hellip;]<\/p>\n","protected":false},"author":1,"featured_media":45675,"comment_status":"open","ping_status":"open","sticky":false,"template":"","format":"standard","meta":{"om_disable_all_campaigns":false,"_monsterinsights_skip_tracking":false,"_monsterinsights_sitenote_active":false,"_monsterinsights_sitenote_note":"","_monsterinsights_sitenote_category":0,"footnotes":""},"categories":[3],"tags":[],"class_list":["post-45674","post","type-post","status-publish","format-standard","has-post-thumbnail","hentry","category-nacionales"],"aioseo_notices":[],"_links":{"self":[{"href":"https:\/\/elcronistadigital.com\/index.php?rest_route=\/wp\/v2\/posts\/45674","targetHints":{"allow":["GET"]}}],"collection":[{"href":"https:\/\/elcronistadigital.com\/index.php?rest_route=\/wp\/v2\/posts"}],"about":[{"href":"https:\/\/elcronistadigital.com\/index.php?rest_route=\/wp\/v2\/types\/post"}],"author":[{"embeddable":true,"href":"https:\/\/elcronistadigital.com\/index.php?rest_route=\/wp\/v2\/users\/1"}],"replies":[{"embeddable":true,"href":"https:\/\/elcronistadigital.com\/index.php?rest_route=%2Fwp%2Fv2%2Fcomments&post=45674"}],"version-history":[{"count":1,"href":"https:\/\/elcronistadigital.com\/index.php?rest_route=\/wp\/v2\/posts\/45674\/revisions"}],"predecessor-version":[{"id":45676,"href":"https:\/\/elcronistadigital.com\/index.php?rest_route=\/wp\/v2\/posts\/45674\/revisions\/45676"}],"wp:featuredmedia":[{"embeddable":true,"href":"https:\/\/elcronistadigital.com\/index.php?rest_route=\/wp\/v2\/media\/45675"}],"wp:attachment":[{"href":"https:\/\/elcronistadigital.com\/index.php?rest_route=%2Fwp%2Fv2%2Fmedia&parent=45674"}],"wp:term":[{"taxonomy":"category","embeddable":true,"href":"https:\/\/elcronistadigital.com\/index.php?rest_route=%2Fwp%2Fv2%2Fcategories&post=45674"},{"taxonomy":"post_tag","embeddable":true,"href":"https:\/\/elcronistadigital.com\/index.php?rest_route=%2Fwp%2Fv2%2Ftags&post=45674"}],"curies":[{"name":"wp","href":"https:\/\/api.w.org\/{rel}","templated":true}]}}