{"id":45683,"date":"2016-12-18T10:43:26","date_gmt":"2016-12-18T16:43:26","guid":{"rendered":"http:\/\/elcronistadigital.com\/?p=45683"},"modified":"2016-12-18T10:43:26","modified_gmt":"2016-12-18T16:43:26","slug":"velada-navidena-en-ateneo-de-madrid-en-homenaje-a-dario","status":"publish","type":"post","link":"https:\/\/elcronistadigital.com\/?p=45683","title":{"rendered":"Velada navide\u00f1a en Ateneo de Madrid en homenaje a Dar\u00edo"},"content":{"rendered":"<p><a href=\"https:\/\/elcronistadigital.com\/wp-content\/uploads\/2016\/12\/Rub\u00e9n-D.jpg\"><img loading=\"lazy\" decoding=\"async\" class=\"alignleft size-full wp-image-45684\" alt=\"Rub\u00e9n D\" src=\"https:\/\/elcronistadigital.com\/wp-content\/uploads\/2016\/12\/Rub\u00e9n-D.jpg\" width=\"278\" height=\"261\" \/><\/a>Madrid.- M\u00fasica, teatro, literatura y un documental se dar\u00e1n cita el lunes 19 de diciembre en la velada navide\u00f1a en homenaje a Rub\u00e9n Dar\u00edo organizada por el Ateneo de Madrid, que servir\u00e1 para cerrar el ciclo que la instituci\u00f3n ha dedicado al poeta nicarag\u00fcense en el a\u00f1o en que se conmemora el centenario de su muerte.<\/p>\n<p>La vida sentimental del conocido como \u00abpr\u00edncipe de las letras castellanas\u00bb, as\u00ed como su discurso en el Ateneo en 1905 y la lectura de la obra de Valle-Incl\u00e1n en la que \u00e9l aparece compondr\u00e1n este acto, que ser\u00e1 presentado por la periodista Ana Samboal, el historiador Fernando Ib\u00e1\u00f1ez y el coordinador del ciclo, Daniel Pacheco, seg\u00fan informa la entidad.<\/p>\n<p>En esta velada navide\u00f1a los poemas que escribi\u00f3 Rub\u00e9n Dar\u00edo (1867-1916) ser\u00e1n le\u00eddos por la actriz \u00c1ngeles Mart\u00edn, que estar\u00e1 acompa\u00f1ada al piano por Ana Vega Toscano.<\/p>\n<p>El discurso que dio el escritor en la sede de la instituci\u00f3n en 1905 con el poema \u00abSalutaci\u00f3n del optimista\u00bb, que le consagr\u00f3 como poeta modernista entre los literatos espa\u00f1oles, ser\u00e1 repasado por Chete Guzm\u00e1n, Alberto Rubio, Hip\u00f3lito Mart\u00edn y Luis Miguel Molina.<\/p>\n<p>Finalmente, se realizar\u00e1 la lectura dramatizada de la escena IX de \u00abLuces de Bohemia\u00bb, de Valle-Incl\u00e1n, donde este homenajea a Rub\u00e9n Dar\u00edo introduci\u00e9ndole en la escena como personaje propio.<\/p>\n<p>Posteriormente se proyectar\u00e1 el documental sobre la presencia del nicarag\u00fcense en el Ateneo, donde se exhiben fondos documentales de la Biblioteca de la Instituci\u00f3n, que tambi\u00e9n pueden contemplarse en la exposici\u00f3n que se mantiene en su sede.<\/p>\n<p>El Ateneo de Madrid concluye de esta manera la conmemoraci\u00f3n de la vida del poeta, periodista y diplom\u00e1tico, que particip\u00f3 en 1912 en los actos de esta instituci\u00f3n en homenaje a Jacinto Benavente y anteriormente en la celebraci\u00f3n que tuvo lugar por el tercer centenario de la publicaci\u00f3n de \u00abEl Ingenioso Hidalgo Don Quijote de la Mancha\u00bb.<\/p>\n","protected":false},"excerpt":{"rendered":"<p>Madrid.- M\u00fasica, teatro, literatura y un documental se dar\u00e1n cita el lunes 19 de diciembre en la velada navide\u00f1a en homenaje a Rub\u00e9n Dar\u00edo organizada por el Ateneo de Madrid, que servir\u00e1 para cerrar el ciclo que la instituci\u00f3n ha dedicado al poeta nicarag\u00fcense en el a\u00f1o en que se conmemora el centenario de su [&hellip;]<\/p>\n","protected":false},"author":1,"featured_media":45684,"comment_status":"open","ping_status":"open","sticky":false,"template":"","format":"standard","meta":{"om_disable_all_campaigns":false,"_monsterinsights_skip_tracking":false,"_monsterinsights_sitenote_active":false,"_monsterinsights_sitenote_note":"","_monsterinsights_sitenote_category":0,"footnotes":""},"categories":[10,3524],"tags":[],"class_list":["post-45683","post","type-post","status-publish","format-standard","has-post-thumbnail","hentry","category-cultura","category-noticas"],"aioseo_notices":[],"_links":{"self":[{"href":"https:\/\/elcronistadigital.com\/index.php?rest_route=\/wp\/v2\/posts\/45683","targetHints":{"allow":["GET"]}}],"collection":[{"href":"https:\/\/elcronistadigital.com\/index.php?rest_route=\/wp\/v2\/posts"}],"about":[{"href":"https:\/\/elcronistadigital.com\/index.php?rest_route=\/wp\/v2\/types\/post"}],"author":[{"embeddable":true,"href":"https:\/\/elcronistadigital.com\/index.php?rest_route=\/wp\/v2\/users\/1"}],"replies":[{"embeddable":true,"href":"https:\/\/elcronistadigital.com\/index.php?rest_route=%2Fwp%2Fv2%2Fcomments&post=45683"}],"version-history":[{"count":1,"href":"https:\/\/elcronistadigital.com\/index.php?rest_route=\/wp\/v2\/posts\/45683\/revisions"}],"predecessor-version":[{"id":45685,"href":"https:\/\/elcronistadigital.com\/index.php?rest_route=\/wp\/v2\/posts\/45683\/revisions\/45685"}],"wp:featuredmedia":[{"embeddable":true,"href":"https:\/\/elcronistadigital.com\/index.php?rest_route=\/wp\/v2\/media\/45684"}],"wp:attachment":[{"href":"https:\/\/elcronistadigital.com\/index.php?rest_route=%2Fwp%2Fv2%2Fmedia&parent=45683"}],"wp:term":[{"taxonomy":"category","embeddable":true,"href":"https:\/\/elcronistadigital.com\/index.php?rest_route=%2Fwp%2Fv2%2Fcategories&post=45683"},{"taxonomy":"post_tag","embeddable":true,"href":"https:\/\/elcronistadigital.com\/index.php?rest_route=%2Fwp%2Fv2%2Ftags&post=45683"}],"curies":[{"name":"wp","href":"https:\/\/api.w.org\/{rel}","templated":true}]}}