{"id":45727,"date":"2017-01-03T08:19:45","date_gmt":"2017-01-03T14:19:45","guid":{"rendered":"http:\/\/elcronistadigital.com\/?p=45727"},"modified":"2017-01-03T08:19:45","modified_gmt":"2017-01-03T14:19:45","slug":"nicaragua-retoma-cotidianidad","status":"publish","type":"post","link":"https:\/\/elcronistadigital.com\/?p=45727","title":{"rendered":"Nicaragua retoma cotidianidad"},"content":{"rendered":"<p><a href=\"https:\/\/elcronistadigital.com\/wp-content\/uploads\/2017\/01\/carretera-a-Masaya-1.jpg\"><img loading=\"lazy\" decoding=\"async\" class=\"alignleft size-full wp-image-45729\" alt=\"carretera a Masaya 1\" src=\"https:\/\/elcronistadigital.com\/wp-content\/uploads\/2017\/01\/carretera-a-Masaya-1.jpg\" width=\"450\" height=\"300\" srcset=\"https:\/\/elcronistadigital.com\/wp-content\/uploads\/2017\/01\/carretera-a-Masaya-1.jpg 450w, https:\/\/elcronistadigital.com\/wp-content\/uploads\/2017\/01\/carretera-a-Masaya-1-300x200.jpg 300w, https:\/\/elcronistadigital.com\/wp-content\/uploads\/2017\/01\/carretera-a-Masaya-1-342x228.jpg 342w\" sizes=\"auto, (max-width: 450px) 100vw, 450px\" \/><\/a>Nicaragua retoma este martes 3 de enero su habitual cotidianidad tras las festividades de fin de a\u00f1o, durante las cuales m\u00e1s de tres millones de personas se movilizaron en 700 mil veh\u00edculos por todo el pa\u00eds para disfrutar en familia de sus vacaciones.<\/p>\n<p>De acuerdo con la vicepresidenta electa, Rosario Murillo, miles de personas visitaron balnearios, destinos tur\u00edsticos y otros espacios de recreaci\u00f3n en todos los municipios del territorio nacional, y en particular en la capital, seg\u00fan informa Prensa Latina.<\/p>\n<p>Asimismo, resalt\u00f3 el hecho de que en esta temporada muchas m\u00e1s personas visitaron Nicaragua, con relaci\u00f3n a la anterior.<\/p>\n<p>Murillo precis\u00f3 que del 21 de diciembre al 1 de enero, 139 mil 820 nicarag\u00fcenses y de otras nacionalidades ingresaron al pa\u00eds, cifra superior a las 127 mil 608 registradas en 2015.<\/p>\n<p>Frente a ello, la tambi\u00e9n coordinadora del Consejo de Comunicaci\u00f3n y Ciudadan\u00eda reiter\u00f3 el compromiso del gobierno de mejorar los puestos fronterizos, a fin de garantizar la fluidez del tr\u00e1nsito de personas. &#8216;Tuvimos un fin de semana de fin de a\u00f1o que nuestra Polic\u00eda cataloga de satisfactorio, porque, gracias a Dios, no tenemos grandes n\u00fameros de fallecidos, lesionados o v\u00edctimas que lamentar&#8217;, expres\u00f3.<\/p>\n<p>No obstante, Murillo advirti\u00f3 que los mayores incidentes mortales se registraron en las playas, por lo que recomend\u00f3 mucha prudencia en los balnearios ante la proximidad del verano.<\/p>\n<p>&#8216;El mayor n\u00famero fue de ahogados, y bueno, no nos queda m\u00e1s que lamentarnos, y seguir recomendando mucha prudencia en las playas, porque vamos al verano&#8217;, subray\u00f3.<\/p>\n<p>La Polic\u00eda Nacional calific\u00f3 de muy satisfactorios los resultados del denominado Plan Fin de A\u00f1o 2016 y A\u00f1o Nuevo, ejecutado durante los d\u00edas 30 y 31 de diciembre y 1 de enero.<\/p>\n<p>Al respecto, el subdirector de la instituci\u00f3n de orden p\u00fablico, comisionado general Francisco D\u00edaz, afirm\u00f3 que se garantiz\u00f3 la movilizaci\u00f3n en paz, tranquilidad y seguridad de nicarag\u00fcenses y turistas, tanto a pie como en veh\u00edculo.<\/p>\n<p>Ahora quedan atr\u00e1s las vacaciones y el pa\u00eds regresa a su ajetreo diario, mientras se retoman los preparativos para la toma de posesi\u00f3n presidencial el venidero 10 de enero.<\/p>\n<p>Ese d\u00eda el presidente Daniel Ortega asumir\u00e1 otro mandato con Murillo como vicepresidenta, por voluntad expresa del pueblo nicarag\u00fcense.<\/p>\n","protected":false},"excerpt":{"rendered":"<p>Nicaragua retoma este martes 3 de enero su habitual cotidianidad tras las festividades de fin de a\u00f1o, durante las cuales m\u00e1s de tres millones de personas se movilizaron en 700 mil veh\u00edculos por todo el pa\u00eds para disfrutar en familia de sus vacaciones. De acuerdo con la vicepresidenta electa, Rosario Murillo, miles de personas visitaron [&hellip;]<\/p>\n","protected":false},"author":1,"featured_media":45729,"comment_status":"open","ping_status":"open","sticky":false,"template":"","format":"standard","meta":{"om_disable_all_campaigns":false,"_monsterinsights_skip_tracking":false,"_monsterinsights_sitenote_active":false,"_monsterinsights_sitenote_note":"","_monsterinsights_sitenote_category":0,"footnotes":""},"categories":[3524,13],"tags":[],"class_list":["post-45727","post","type-post","status-publish","format-standard","has-post-thumbnail","hentry","category-noticas","category-portada"],"aioseo_notices":[],"_links":{"self":[{"href":"https:\/\/elcronistadigital.com\/index.php?rest_route=\/wp\/v2\/posts\/45727","targetHints":{"allow":["GET"]}}],"collection":[{"href":"https:\/\/elcronistadigital.com\/index.php?rest_route=\/wp\/v2\/posts"}],"about":[{"href":"https:\/\/elcronistadigital.com\/index.php?rest_route=\/wp\/v2\/types\/post"}],"author":[{"embeddable":true,"href":"https:\/\/elcronistadigital.com\/index.php?rest_route=\/wp\/v2\/users\/1"}],"replies":[{"embeddable":true,"href":"https:\/\/elcronistadigital.com\/index.php?rest_route=%2Fwp%2Fv2%2Fcomments&post=45727"}],"version-history":[{"count":1,"href":"https:\/\/elcronistadigital.com\/index.php?rest_route=\/wp\/v2\/posts\/45727\/revisions"}],"predecessor-version":[{"id":45730,"href":"https:\/\/elcronistadigital.com\/index.php?rest_route=\/wp\/v2\/posts\/45727\/revisions\/45730"}],"wp:featuredmedia":[{"embeddable":true,"href":"https:\/\/elcronistadigital.com\/index.php?rest_route=\/wp\/v2\/media\/45729"}],"wp:attachment":[{"href":"https:\/\/elcronistadigital.com\/index.php?rest_route=%2Fwp%2Fv2%2Fmedia&parent=45727"}],"wp:term":[{"taxonomy":"category","embeddable":true,"href":"https:\/\/elcronistadigital.com\/index.php?rest_route=%2Fwp%2Fv2%2Fcategories&post=45727"},{"taxonomy":"post_tag","embeddable":true,"href":"https:\/\/elcronistadigital.com\/index.php?rest_route=%2Fwp%2Fv2%2Ftags&post=45727"}],"curies":[{"name":"wp","href":"https:\/\/api.w.org\/{rel}","templated":true}]}}