{"id":45731,"date":"2017-01-03T09:13:37","date_gmt":"2017-01-03T15:13:37","guid":{"rendered":"http:\/\/elcronistadigital.com\/?p=45731"},"modified":"2017-01-03T09:13:37","modified_gmt":"2017-01-03T15:13:37","slug":"seguira-lucha-contra-epidemias-en-2017","status":"publish","type":"post","link":"https:\/\/elcronistadigital.com\/?p=45731","title":{"rendered":"Seguir\u00e1 lucha contra epidemias en 2017"},"content":{"rendered":"<p><a href=\"https:\/\/elcronistadigital.com\/wp-content\/uploads\/2017\/01\/vacunas-zika.jpg\"><img loading=\"lazy\" decoding=\"async\" class=\"alignleft size-full wp-image-45732\" alt=\"vacunas zika\" src=\"https:\/\/elcronistadigital.com\/wp-content\/uploads\/2017\/01\/vacunas-zika.jpg\" width=\"400\" height=\"266\" srcset=\"https:\/\/elcronistadigital.com\/wp-content\/uploads\/2017\/01\/vacunas-zika.jpg 400w, https:\/\/elcronistadigital.com\/wp-content\/uploads\/2017\/01\/vacunas-zika-300x199.jpg 300w, https:\/\/elcronistadigital.com\/wp-content\/uploads\/2017\/01\/vacunas-zika-342x227.jpg 342w\" sizes=\"auto, (max-width: 400px) 100vw, 400px\" \/><\/a>Nicaragua mantiene este a\u00f1o activa la campa\u00f1a de salud para combatir tambi\u00e9n este a\u00f1o el brote de las epidemias causadas por el mosquito Aedes aegypti como los virus del dengue, zika y chikungunya.<\/p>\n<p>&#8216;Es muy importante que para el 2017 las acciones de lucha antiepid\u00e9mica contin\u00faan siendo una prioridad&#8217;, resalt\u00f3 la doctora Martha Reyes, directora de Prevenci\u00f3n de Enfermedades del Ministerio de Salud, citada por Prensa Latina.<\/p>\n<p>Seg\u00fan la funcionaria, durante los dos primeros d\u00edas del a\u00f1o inspectores sanitarios visitaron un total de 10 mil 335 viviendas a nivel nacional para la captaci\u00f3n de casos febriles y sensibilizar a las familias nicarag\u00fcenses poblaci\u00f3n sobre la necesidad de apoyar la campa\u00f1a de salud.<\/p>\n<p>&#8216;Estamos desarrollando siempre acciones de abatizaci\u00f3n y fumigaci\u00f3n, pero solicitamos el apoyo de la poblaci\u00f3n como elemento clave para la erradicaci\u00f3n de los criaderos de zancudos&#8217;, refiri\u00f3 la galena.<\/p>\n<p>Asimismo, se\u00f1al\u00f3 que solo el primero y el 2 de enero se abatizaron siete mil 166 viviendas y 26 mil 325 fueron fumigadas, adem\u00e1s de las visitas realizadas a las escuelas y colegios para constatar el mantenimiento de la higiene durante el periodo vacacional.<\/p>\n<p>Agreg\u00f3 que el a\u00f1o pasado se desarrollaron 51 jornadas de limpieza en los diferentes barrios, comunidades y sectores del pa\u00eds, lo que permiti\u00f3 eliminar 624 metros c\u00fabicos de desechos.<\/p>\n<p>No obstante, la especialista reiter\u00f3 el llamado a la poblaci\u00f3n a adoptar las medidas preventivas necesarias para repeler los criaderos de mosquitos en sus viviendas y mantener a raya a esos y otros vectores.<\/p>\n","protected":false},"excerpt":{"rendered":"<p>Nicaragua mantiene este a\u00f1o activa la campa\u00f1a de salud para combatir tambi\u00e9n este a\u00f1o el brote de las epidemias causadas por el mosquito Aedes aegypti como los virus del dengue, zika y chikungunya. &#8216;Es muy importante que para el 2017 las acciones de lucha antiepid\u00e9mica contin\u00faan siendo una prioridad&#8217;, resalt\u00f3 la doctora Martha Reyes, directora [&hellip;]<\/p>\n","protected":false},"author":1,"featured_media":45732,"comment_status":"open","ping_status":"open","sticky":false,"template":"","format":"standard","meta":{"om_disable_all_campaigns":false,"_monsterinsights_skip_tracking":false,"_monsterinsights_sitenote_active":false,"_monsterinsights_sitenote_note":"","_monsterinsights_sitenote_category":0,"footnotes":""},"categories":[3,7,3524],"tags":[],"class_list":["post-45731","post","type-post","status-publish","format-standard","has-post-thumbnail","hentry","category-nacionales","category-salud-y-belleza","category-noticas"],"aioseo_notices":[],"_links":{"self":[{"href":"https:\/\/elcronistadigital.com\/index.php?rest_route=\/wp\/v2\/posts\/45731","targetHints":{"allow":["GET"]}}],"collection":[{"href":"https:\/\/elcronistadigital.com\/index.php?rest_route=\/wp\/v2\/posts"}],"about":[{"href":"https:\/\/elcronistadigital.com\/index.php?rest_route=\/wp\/v2\/types\/post"}],"author":[{"embeddable":true,"href":"https:\/\/elcronistadigital.com\/index.php?rest_route=\/wp\/v2\/users\/1"}],"replies":[{"embeddable":true,"href":"https:\/\/elcronistadigital.com\/index.php?rest_route=%2Fwp%2Fv2%2Fcomments&post=45731"}],"version-history":[{"count":1,"href":"https:\/\/elcronistadigital.com\/index.php?rest_route=\/wp\/v2\/posts\/45731\/revisions"}],"predecessor-version":[{"id":45733,"href":"https:\/\/elcronistadigital.com\/index.php?rest_route=\/wp\/v2\/posts\/45731\/revisions\/45733"}],"wp:featuredmedia":[{"embeddable":true,"href":"https:\/\/elcronistadigital.com\/index.php?rest_route=\/wp\/v2\/media\/45732"}],"wp:attachment":[{"href":"https:\/\/elcronistadigital.com\/index.php?rest_route=%2Fwp%2Fv2%2Fmedia&parent=45731"}],"wp:term":[{"taxonomy":"category","embeddable":true,"href":"https:\/\/elcronistadigital.com\/index.php?rest_route=%2Fwp%2Fv2%2Fcategories&post=45731"},{"taxonomy":"post_tag","embeddable":true,"href":"https:\/\/elcronistadigital.com\/index.php?rest_route=%2Fwp%2Fv2%2Ftags&post=45731"}],"curies":[{"name":"wp","href":"https:\/\/api.w.org\/{rel}","templated":true}]}}