{"id":45734,"date":"2017-01-03T09:31:44","date_gmt":"2017-01-03T15:31:44","guid":{"rendered":"http:\/\/elcronistadigital.com\/?p=45734"},"modified":"2017-01-03T09:31:44","modified_gmt":"2017-01-03T15:31:44","slug":"espana-enviara-delegacion-a-toma-de-posesion","status":"publish","type":"post","link":"https:\/\/elcronistadigital.com\/?p=45734","title":{"rendered":"Espa\u00f1a enviar\u00e1 delegaci\u00f3n a toma de posesi\u00f3n"},"content":{"rendered":"<div id=\"attachment_45735\" style=\"width: 316px\" class=\"wp-caption alignleft\"><a href=\"https:\/\/elcronistadigital.com\/wp-content\/uploads\/2017\/01\/Fernando-Garc\u00eda-Casas.jpg\"><img loading=\"lazy\" decoding=\"async\" aria-describedby=\"caption-attachment-45735\" class=\"size-full wp-image-45735\" alt=\"Fernando Garc\u00eda Casas, secretario de Estado de Cooperaci\u00f3n Internacional y para Iberoam\u00e9rica.\" src=\"https:\/\/elcronistadigital.com\/wp-content\/uploads\/2017\/01\/Fernando-Garc\u00eda-Casas.jpg\" width=\"306\" height=\"317\" srcset=\"https:\/\/elcronistadigital.com\/wp-content\/uploads\/2017\/01\/Fernando-Garc\u00eda-Casas.jpg 306w, https:\/\/elcronistadigital.com\/wp-content\/uploads\/2017\/01\/Fernando-Garc\u00eda-Casas-289x300.jpg 289w, https:\/\/elcronistadigital.com\/wp-content\/uploads\/2017\/01\/Fernando-Garc\u00eda-Casas-300x310.jpg 300w\" sizes=\"auto, (max-width: 306px) 100vw, 306px\" \/><\/a><p id=\"caption-attachment-45735\" class=\"wp-caption-text\">Fernando Garc\u00eda Casas, secretario de Estado de Cooperaci\u00f3n Internacional y para Iberoam\u00e9rica.<\/p><\/div>\n<p>El secretario de Estado de Cooperaci\u00f3n Internacional y para Iberoam\u00e9rica, Fernando Garc\u00eda Casas, encabezar\u00e1 la delegaci\u00f3n de Espa\u00f1a en la toma de posesi\u00f3n de Daniel Ortega como presidente de Nicaragua, acto que tendr\u00e1 lugar en Managua el pr\u00f3ximo d\u00eda 10.<\/p>\n<p>El Ejecutivo ha decidido que la m\u00e1xima representaci\u00f3n espa\u00f1ola en el acto sea el secretario de Estado para Iberoam\u00e9rica, ya que se trata de un nuevo mandato de Ortega, quien regres\u00f3 al poder en 2007, despu\u00e9s de haber dirigido el pa\u00eds durante la Revoluci\u00f3n sandinista entre 1979 y 1990.<\/p>\n<p>No obstante, en las dos anteriores tomas de posesi\u00f3n -2007 y 2012-, fue el entonces Pr\u00edncipe de Asturias quien encabez\u00f3 la delegaci\u00f3n espa\u00f1ola en la toma de posesi\u00f3n de Ortega.<\/p>\n<p>Garc\u00eda Casas podr\u00eda ser recibido por el presidente de Nicaragua, un pa\u00eds con el que las relaciones de Espa\u00f1a no han sido especialmente intensas en los \u00faltimos a\u00f1os.<\/p>\n","protected":false},"excerpt":{"rendered":"<p>El secretario de Estado de Cooperaci\u00f3n Internacional y para Iberoam\u00e9rica, Fernando Garc\u00eda Casas, encabezar\u00e1 la delegaci\u00f3n de Espa\u00f1a en la toma de posesi\u00f3n de Daniel Ortega como presidente de Nicaragua, acto que tendr\u00e1 lugar en Managua el pr\u00f3ximo d\u00eda 10. El Ejecutivo ha decidido que la m\u00e1xima representaci\u00f3n espa\u00f1ola en el acto sea el secretario [&hellip;]<\/p>\n","protected":false},"author":1,"featured_media":45735,"comment_status":"open","ping_status":"open","sticky":false,"template":"","format":"standard","meta":{"om_disable_all_campaigns":false,"_monsterinsights_skip_tracking":false,"_monsterinsights_sitenote_active":false,"_monsterinsights_sitenote_note":"","_monsterinsights_sitenote_category":0,"footnotes":""},"categories":[3524,13],"tags":[],"class_list":["post-45734","post","type-post","status-publish","format-standard","has-post-thumbnail","hentry","category-noticas","category-portada"],"aioseo_notices":[],"_links":{"self":[{"href":"https:\/\/elcronistadigital.com\/index.php?rest_route=\/wp\/v2\/posts\/45734","targetHints":{"allow":["GET"]}}],"collection":[{"href":"https:\/\/elcronistadigital.com\/index.php?rest_route=\/wp\/v2\/posts"}],"about":[{"href":"https:\/\/elcronistadigital.com\/index.php?rest_route=\/wp\/v2\/types\/post"}],"author":[{"embeddable":true,"href":"https:\/\/elcronistadigital.com\/index.php?rest_route=\/wp\/v2\/users\/1"}],"replies":[{"embeddable":true,"href":"https:\/\/elcronistadigital.com\/index.php?rest_route=%2Fwp%2Fv2%2Fcomments&post=45734"}],"version-history":[{"count":1,"href":"https:\/\/elcronistadigital.com\/index.php?rest_route=\/wp\/v2\/posts\/45734\/revisions"}],"predecessor-version":[{"id":45736,"href":"https:\/\/elcronistadigital.com\/index.php?rest_route=\/wp\/v2\/posts\/45734\/revisions\/45736"}],"wp:featuredmedia":[{"embeddable":true,"href":"https:\/\/elcronistadigital.com\/index.php?rest_route=\/wp\/v2\/media\/45735"}],"wp:attachment":[{"href":"https:\/\/elcronistadigital.com\/index.php?rest_route=%2Fwp%2Fv2%2Fmedia&parent=45734"}],"wp:term":[{"taxonomy":"category","embeddable":true,"href":"https:\/\/elcronistadigital.com\/index.php?rest_route=%2Fwp%2Fv2%2Fcategories&post=45734"},{"taxonomy":"post_tag","embeddable":true,"href":"https:\/\/elcronistadigital.com\/index.php?rest_route=%2Fwp%2Fv2%2Ftags&post=45734"}],"curies":[{"name":"wp","href":"https:\/\/api.w.org\/{rel}","templated":true}]}}