{"id":45737,"date":"2017-01-03T11:15:49","date_gmt":"2017-01-03T17:15:49","guid":{"rendered":"http:\/\/elcronistadigital.com\/?p=45737"},"modified":"2017-01-03T11:15:49","modified_gmt":"2017-01-03T17:15:49","slug":"recta-final-en-caso-de-solidaridad-que-afecto-a-nicaragua","status":"publish","type":"post","link":"https:\/\/elcronistadigital.com\/?p=45737","title":{"rendered":"Recta final en caso de solidaridad que afect\u00f3 a Nicaragua"},"content":{"rendered":"<div id=\"attachment_45738\" style=\"width: 460px\" class=\"wp-caption alignleft\"><a href=\"https:\/\/elcronistadigital.com\/wp-content\/uploads\/2017\/01\/Rafael-Blasco-en-tribunales.jpg\"><img loading=\"lazy\" decoding=\"async\" aria-describedby=\"caption-attachment-45738\" class=\"size-full wp-image-45738\" alt=\"Rafael Blasco ante los tribunales espa\u00f1oles.\" src=\"https:\/\/elcronistadigital.com\/wp-content\/uploads\/2017\/01\/Rafael-Blasco-en-tribunales.jpg\" width=\"450\" height=\"262\" srcset=\"https:\/\/elcronistadigital.com\/wp-content\/uploads\/2017\/01\/Rafael-Blasco-en-tribunales.jpg 450w, https:\/\/elcronistadigital.com\/wp-content\/uploads\/2017\/01\/Rafael-Blasco-en-tribunales-300x174.jpg 300w, https:\/\/elcronistadigital.com\/wp-content\/uploads\/2017\/01\/Rafael-Blasco-en-tribunales-342x199.jpg 342w\" sizes=\"auto, (max-width: 450px) 100vw, 450px\" \/><\/a><p id=\"caption-attachment-45738\" class=\"wp-caption-text\">Rafael Blasco ante los tribunales espa\u00f1oles.<\/p><\/div>\n<p>Juan Magraner | Radio Valencia<\/p>\n<p><span style=\"color: #993300;\"><em><strong>* El dinero se qued\u00f3 en Valencia, en la compra de varios inmuebles y a Nicaragua solo lleg\u00f3 una cantidad testimonial. Por aquello cumple pena de prisi\u00f3n el propio ex conseller Rafael Blasco que forma parte de la n\u00f3mina de 7 condenados de los que seis trabajaron para la Generalitat.<\/strong><\/em><\/span><\/p>\n<p>El mal llamado caso Cooperaci\u00f3n, consta de tres piezas. La primera, es la de las subvenciones a la Fundaci\u00f3n Cyes y ya est\u00e1 juzgada. La citada fundaci\u00f3n recibi\u00f3 en 2008 subvenciones destinadas en principio a un proyecto de cooperaci\u00f3n en Nicaragua. El dinero se qued\u00f3 en Valencia, en la compra de varios inmuebles y a Nicaragua solo lleg\u00f3 una cantidad testimonial. Por aquello cumple pena de prisi\u00f3n el propio ex conseller Rafael Blasco que forma parte de la n\u00f3mina de 7 condenados de los que seis trabajaron para la Generalitat.<\/p>\n<p>Las piezas dos y tres son las que est\u00e1n ya a punto de concluir la fase instrucci\u00f3n. Ambas se juzgar\u00e1n, seg\u00fan las fuentes consultadas por la Ser, conjuntamente aunque en principio no iba a ser as\u00ed. La pieza tres es la del hospital de Hait\u00ed. Lo que iba a ser un proyecto institucional de la Generalitat de ayuda al pueblo hait\u00edano tras el terremoto de enero de 2010 ha acabado en los tribunales. Se investigan supuestos delitos de fraude de subvenciones, prevaricaci\u00f3n, malversaci\u00f3n y falsedad.<\/p>\n<p>El modus operandi, seg\u00fan los investigadores, es calcado al de la pieza uno: una Fundaci\u00f3n, en este caso la Fundaci\u00f3n Hemisferio, recibi\u00f3 175.000 euros de la Conselleria para asesoramiento t\u00e9cnico sobre la construcci\u00f3n de un hospital en Hait\u00ed, en el que la Generalitat iba a invertir cuatro millones de euros a trav\u00e9s de una supuesta convocatoria p\u00fablica adjudicada a una de las organizaciones de la trama, pero no lo lleg\u00f3 a realizar al hacerse p\u00fablica una investigaci\u00f3n sobre estas ayudas. En esta pieza 12 personas son las investigadas, 5 responsables de la administraci\u00f3n, 6 empresarios y el responsable de la ONGD adjudicataria del hospital entre ellos varios de los ya condenados en la pieza uno.<\/p>\n<p>La pieza dos, con una veintena de investigados, y varias organizaciones como la citada Hemisferio investiga ayudas con dinero p\u00fablico que nunca debieron recibir esas organizaciones.<\/p>\n<p>Tras varios intentos de evitar el juicio, previa devoluci\u00f3n de m\u00e1s de tres millones de euros saqueados supuestamente, la situaci\u00f3n ha quedado encallada y a d\u00eda de hoy, seg\u00fan las fuentes consultadas por la Ser, lo m\u00e1s probable es que la vista oral se celebre. Entre otras razones porque la unidad de acci\u00f3n de los investigados es historia. El resultado del primer juicio ha llevado a muchos a dudar de esa estrategia y algunos de ellos han decidido colaborar con la justicia. En alg\u00fan caso, incluso, quien ha colaborado ha dejado de formar parte de la n\u00f3mina de investigados.<\/p>\n","protected":false},"excerpt":{"rendered":"<p>Juan Magraner | Radio Valencia * El dinero se qued\u00f3 en Valencia, en la compra de varios inmuebles y a Nicaragua solo lleg\u00f3 una cantidad testimonial. Por aquello cumple pena de prisi\u00f3n el propio ex conseller Rafael Blasco que forma parte de la n\u00f3mina de 7 condenados de los que seis trabajaron para la Generalitat. [&hellip;]<\/p>\n","protected":false},"author":1,"featured_media":45738,"comment_status":"open","ping_status":"open","sticky":false,"template":"","format":"standard","meta":{"om_disable_all_campaigns":false,"_monsterinsights_skip_tracking":false,"_monsterinsights_sitenote_active":false,"_monsterinsights_sitenote_note":"","_monsterinsights_sitenote_category":0,"footnotes":""},"categories":[3524,13],"tags":[],"class_list":["post-45737","post","type-post","status-publish","format-standard","has-post-thumbnail","hentry","category-noticas","category-portada"],"aioseo_notices":[],"_links":{"self":[{"href":"https:\/\/elcronistadigital.com\/index.php?rest_route=\/wp\/v2\/posts\/45737","targetHints":{"allow":["GET"]}}],"collection":[{"href":"https:\/\/elcronistadigital.com\/index.php?rest_route=\/wp\/v2\/posts"}],"about":[{"href":"https:\/\/elcronistadigital.com\/index.php?rest_route=\/wp\/v2\/types\/post"}],"author":[{"embeddable":true,"href":"https:\/\/elcronistadigital.com\/index.php?rest_route=\/wp\/v2\/users\/1"}],"replies":[{"embeddable":true,"href":"https:\/\/elcronistadigital.com\/index.php?rest_route=%2Fwp%2Fv2%2Fcomments&post=45737"}],"version-history":[{"count":1,"href":"https:\/\/elcronistadigital.com\/index.php?rest_route=\/wp\/v2\/posts\/45737\/revisions"}],"predecessor-version":[{"id":45739,"href":"https:\/\/elcronistadigital.com\/index.php?rest_route=\/wp\/v2\/posts\/45737\/revisions\/45739"}],"wp:featuredmedia":[{"embeddable":true,"href":"https:\/\/elcronistadigital.com\/index.php?rest_route=\/wp\/v2\/media\/45738"}],"wp:attachment":[{"href":"https:\/\/elcronistadigital.com\/index.php?rest_route=%2Fwp%2Fv2%2Fmedia&parent=45737"}],"wp:term":[{"taxonomy":"category","embeddable":true,"href":"https:\/\/elcronistadigital.com\/index.php?rest_route=%2Fwp%2Fv2%2Fcategories&post=45737"},{"taxonomy":"post_tag","embeddable":true,"href":"https:\/\/elcronistadigital.com\/index.php?rest_route=%2Fwp%2Fv2%2Ftags&post=45737"}],"curies":[{"name":"wp","href":"https:\/\/api.w.org\/{rel}","templated":true}]}}