{"id":45764,"date":"2017-01-06T08:21:27","date_gmt":"2017-01-06T14:21:27","guid":{"rendered":"http:\/\/elcronistadigital.com\/?p=45764"},"modified":"2017-01-06T08:21:27","modified_gmt":"2017-01-06T14:21:27","slug":"delegacion-norcoreana-de-alto-nivel-en-toma-de-posesion","status":"publish","type":"post","link":"https:\/\/elcronistadigital.com\/?p=45764","title":{"rendered":"Delegaci\u00f3n norcoreana de alto nivel en toma de posesi\u00f3n"},"content":{"rendered":"<div id=\"attachment_45765\" style=\"width: 460px\" class=\"wp-caption alignleft\"><a href=\"https:\/\/elcronistadigital.com\/wp-content\/uploads\/2017\/01\/Choe-Ryong-Hae.jpg\"><img loading=\"lazy\" decoding=\"async\" aria-describedby=\"caption-attachment-45765\" class=\"size-full wp-image-45765\" alt=\"Choe Ryong Hae, a la izquierda, junto al l\u00edder norcoreano Kim Jong Un.\" src=\"https:\/\/elcronistadigital.com\/wp-content\/uploads\/2017\/01\/Choe-Ryong-Hae.jpg\" width=\"450\" height=\"225\" srcset=\"https:\/\/elcronistadigital.com\/wp-content\/uploads\/2017\/01\/Choe-Ryong-Hae.jpg 450w, https:\/\/elcronistadigital.com\/wp-content\/uploads\/2017\/01\/Choe-Ryong-Hae-300x150.jpg 300w, https:\/\/elcronistadigital.com\/wp-content\/uploads\/2017\/01\/Choe-Ryong-Hae-342x171.jpg 342w\" sizes=\"auto, (max-width: 450px) 100vw, 450px\" \/><\/a><p id=\"caption-attachment-45765\" class=\"wp-caption-text\">Choe Ryong Hae, a la izquierda, junto al l\u00edder norcoreano Kim Jong Un.<\/p><\/div>\n<p>Una delegaci\u00f3n norcoreana de alto nivel parti\u00f3 el viernes de Pyongyang para asistir a la investidura del presidente electo de Nicaragua, Daniel Ortega.<\/p>\n<p>Choe Ryong Hae, un asesor del l\u00edder norcoreano Kim Jong Un, encabeza la delegaci\u00f3n como enviado especial. Choe se ha convertido en una especie de representante del gobierno norcoreano ante otros gobiernos, con viajes relativamente frecuentes \u00faltimamente.<\/p>\n<p>Es vicepresidente de la Comisi\u00f3n de Asuntos de Estado, una de las instituciones m\u00e1s poderosas de Corea del Norte. Tambi\u00e9n es vicepresidente del Comit\u00e9 Central del Partido de los Trabajadores de Norcorea, adem\u00e1s de ser miembro de su politbur\u00f3.<\/p>\n<p>El l\u00edder norcoreano Kim Jong Un a\u00fan no ha hecho un viaje oficial al exterior desde que asumi\u00f3 el poder hace m\u00e1s de cinco a\u00f1os. Mientras tanto, Choe ha servido como enviado especial de Kim en misiones a Mosc\u00fa y Beijing en los \u00faltimos a\u00f1os.<\/p>\n<p>M\u00e1s recientemente encabez\u00f3 la delegaci\u00f3n de Pyongyang a Cuba para el funeral de Fidel Castro. Antes de eso, encabez\u00f3 la delegaci\u00f3n norcoreana a los Juegos Ol\u00edmpicos de R\u00edo de Janeiro.<\/p>\n<p>El viaje de Choe a Nicaragua ocurre mientras Corea del Norte enfrenta una mayor presi\u00f3n internacional, tras dos pruebas at\u00f3micas y un lanzamiento de sat\u00e9lite de prueba en 2016.<\/p>\n<p>Naciones Unidas le impuso una nueva ronda de sanciones en noviembre que incluyeron medidas para limitar las actividades diplom\u00e1ticas norcoreanas.<\/p>\n<p>Despu\u00e9s de pasar revista a una guardia de honor, Choe parti\u00f3 el viernes por la ma\u00f1ana de Pyongyang en un vuelo hacia Vladivostok.<\/p>\n<p>Se prev\u00e9 que Choe haga escalas en Mosc\u00fa y Cuba antes de llegar a Nicaragua. Nicaragua y Corea del Norte establecieron relaciones diplom\u00e1ticas en 1979.<\/p>\n","protected":false},"excerpt":{"rendered":"<p>Una delegaci\u00f3n norcoreana de alto nivel parti\u00f3 el viernes de Pyongyang para asistir a la investidura del presidente electo de Nicaragua, Daniel Ortega. Choe Ryong Hae, un asesor del l\u00edder norcoreano Kim Jong Un, encabeza la delegaci\u00f3n como enviado especial. Choe se ha convertido en una especie de representante del gobierno norcoreano ante otros gobiernos, [&hellip;]<\/p>\n","protected":false},"author":1,"featured_media":45765,"comment_status":"open","ping_status":"open","sticky":false,"template":"","format":"standard","meta":{"om_disable_all_campaigns":false,"_monsterinsights_skip_tracking":false,"_monsterinsights_sitenote_active":false,"_monsterinsights_sitenote_note":"","_monsterinsights_sitenote_category":0,"footnotes":""},"categories":[3524,13],"tags":[],"class_list":["post-45764","post","type-post","status-publish","format-standard","has-post-thumbnail","hentry","category-noticas","category-portada"],"aioseo_notices":[],"_links":{"self":[{"href":"https:\/\/elcronistadigital.com\/index.php?rest_route=\/wp\/v2\/posts\/45764","targetHints":{"allow":["GET"]}}],"collection":[{"href":"https:\/\/elcronistadigital.com\/index.php?rest_route=\/wp\/v2\/posts"}],"about":[{"href":"https:\/\/elcronistadigital.com\/index.php?rest_route=\/wp\/v2\/types\/post"}],"author":[{"embeddable":true,"href":"https:\/\/elcronistadigital.com\/index.php?rest_route=\/wp\/v2\/users\/1"}],"replies":[{"embeddable":true,"href":"https:\/\/elcronistadigital.com\/index.php?rest_route=%2Fwp%2Fv2%2Fcomments&post=45764"}],"version-history":[{"count":1,"href":"https:\/\/elcronistadigital.com\/index.php?rest_route=\/wp\/v2\/posts\/45764\/revisions"}],"predecessor-version":[{"id":45766,"href":"https:\/\/elcronistadigital.com\/index.php?rest_route=\/wp\/v2\/posts\/45764\/revisions\/45766"}],"wp:featuredmedia":[{"embeddable":true,"href":"https:\/\/elcronistadigital.com\/index.php?rest_route=\/wp\/v2\/media\/45765"}],"wp:attachment":[{"href":"https:\/\/elcronistadigital.com\/index.php?rest_route=%2Fwp%2Fv2%2Fmedia&parent=45764"}],"wp:term":[{"taxonomy":"category","embeddable":true,"href":"https:\/\/elcronistadigital.com\/index.php?rest_route=%2Fwp%2Fv2%2Fcategories&post=45764"},{"taxonomy":"post_tag","embeddable":true,"href":"https:\/\/elcronistadigital.com\/index.php?rest_route=%2Fwp%2Fv2%2Ftags&post=45764"}],"curies":[{"name":"wp","href":"https:\/\/api.w.org\/{rel}","templated":true}]}}