{"id":45767,"date":"2017-01-06T10:07:41","date_gmt":"2017-01-06T16:07:41","guid":{"rendered":"http:\/\/elcronistadigital.com\/?p=45767"},"modified":"2017-01-06T10:07:41","modified_gmt":"2017-01-06T16:07:41","slug":"el-shock-postumo-de-cada-ano","status":"publish","type":"post","link":"https:\/\/elcronistadigital.com\/?p=45767","title":{"rendered":"El shock p\u00f3stumo de cada a\u00f1o"},"content":{"rendered":"<p><span style=\"color: #993300;\"><em><strong><a href=\"https:\/\/elcronistadigital.com\/wp-content\/uploads\/2017\/01\/libros.jpg\"><img loading=\"lazy\" decoding=\"async\" class=\"alignleft size-full wp-image-45768\" alt=\"libros\" src=\"https:\/\/elcronistadigital.com\/wp-content\/uploads\/2017\/01\/libros.jpg\" width=\"450\" height=\"299\" srcset=\"https:\/\/elcronistadigital.com\/wp-content\/uploads\/2017\/01\/libros.jpg 450w, https:\/\/elcronistadigital.com\/wp-content\/uploads\/2017\/01\/libros-300x199.jpg 300w, https:\/\/elcronistadigital.com\/wp-content\/uploads\/2017\/01\/libros-342x227.jpg 342w\" sizes=\"auto, (max-width: 450px) 100vw, 450px\" \/><\/a>* Todos los primeros de enero, varias obras empiezan a formar parte de una especie de \u201cshock p\u00f3stumo\u201d por tiempo ilimitado, que permite que una constelaci\u00f3n textual ecl\u00e9ctica est\u00e9 disponible sin pagar derechos.<\/strong><\/em><\/span><\/p>\n<p>Silvina Friera | P\u00e1gina 12<\/p>\n<p>Los libros de la autora de Autobiograf\u00eda de Alice B. Toklas, \u201cla madre del modernismo\u201d cuyas veleidades megal\u00f3manas la transformaron en un personaje excepcional, son de dominio p\u00fablico. \u201cHe destruido frases y ritmos y alusiones literarias y todas las dem\u00e1s tonter\u00edas de ese estilo para llegar al meollo del problema de la comunicaci\u00f3n de intuiciones. Si la comunicaci\u00f3n es perfecta las palabras tienen vida, y eso es todo lo que se necesita para una buena escritura, poner en el papel palabras que bailen y lloren y hagan el amor y luchen y besen y realicen milagros\u201d, confesaba la escritora estadounidense Gertrude Stein (1874-1946).<\/p>\n<p>La ceremonia se repite, s\u00f3lo cambian los protagonistas. Todos los primeros de enero varias obras empiezan a formar parte de una especie de \u201cshock p\u00f3stumo\u201d por tiempo ilimitado que permite que una constelaci\u00f3n textual ecl\u00e9ctica est\u00e9 disponible sin pagar derechos.<\/p>\n<p>La propiedad intelectual en Argentina \u2013como en Alemania, Australia, B\u00e9lgica, Brasil, Chile, Costa Rica, Dinamarca, Ecuador, Estados Unidos, Francia, Irlanda, Italia, Nicaragua, Paraguay, Per\u00fa, Portugal y Reino Unido\u2013 tiene vigencia por 70 a\u00f1os a partir del primero de enero del a\u00f1o siguiente a la muerte del autor, seg\u00fan dispone el art\u00edculo quinto de la ley 11.723. Las obras de Federico Garc\u00eda Lorca (1898-1936), Ram\u00f3n Mar\u00eda del Valle-Incl\u00e1n (1866-1936), Miguel de Unamuno (1864-1936) y H.G. Wells (1866-1946) ingresan al dominio p\u00fablico al expirar los derechos patrimoniales.<\/p>\n<p>La legislaci\u00f3n de los derechos de autor var\u00eda seg\u00fan el pa\u00eds. En el caso de Espa\u00f1a, mantuvo la Ley de Propiedad Intelectual de 1879 &lt;https:\/\/www.boe.es\/buscar\/doc.php?id=BOE-A-1879-40001&gt;, que fijaba el plazo en ochenta a\u00f1os, hasta 1987, cuando la modific\u00f3 para equiparar a la mayor\u00eda de los pa\u00edses.<\/p>\n<p>Los escritores que murieron antes del 7 de diciembre de 1987 se rigen por la anterior ley, que proteg\u00eda los derechos de autor hasta 80 a\u00f1os despu\u00e9s de su muerte. Las bondades del dominio p\u00fablico pueden ser capitalizadas por editores, lectores y usuarios que quieran editar, subir o compartir, nuevas tecnolog\u00edas mediante, Romancero gitano de Lorca, El ruedo ib\u00e9rico de Valle-Incl\u00e1n o Niebla de Unamuno, por mencionar apenas un par de las m\u00faltiples opciones que se podr\u00edan desplegar y combinar con los autores de lengua espa\u00f1ola.<\/p>\n<p>La Biblioteca Nacional de Espa\u00f1a (BNE) ha digitalizado y puesto a disposici\u00f3n p\u00fablica la obra de todos los escritores que murieron en 1936, el a\u00f1o del estallido de la Guerra Civil. El cat\u00e1logo publicado en la web de la BNE (&lt;http:\/\/www.bne.es&gt;) ofrece conocidas obras de Lorca, como La casa de Bernarda Alba, Poeta en Nueva York y Bodas de sangre; adem\u00e1s de San Manuel Bueno, m\u00e1rtir de Unamuno y Luces de Bohemia y las Sonatas de Valle-Incl\u00e1n.<\/p>\n<p>En unos versos del poema \u201cF\u00e1bula y rueda de tres amigos\u201d, Lorca anticip\u00f3 su propia muerte: \u201cCuando se hundieron las formas puras \/ bajo el cri cri de las margaritas, \/ comprend\u00ed que me hab\u00edan asesinado. \/ Recorrieron los caf\u00e9s y los cementerios y las iglesias, \/ abrieron los toneles y los armarios, \/ destrozaron tres esqueletos para arrancar sus dientes de oro. \/ Ya no me encontraron. \/ \u00bfNo me encontraron? \/ No. No me encontraron. \/ Pero se supo que la sexta luna huy\u00f3 torrente arriba, \/ y que el mar record\u00f3 \u00a1de pronto! \/ los nombres de todos sus ahogados\u201d<\/p>\n<p>\u201cEl recuerdo de la guerra civil debe hacer presente lo que la contienda tuvo de cat\u00e1strofe cultural, al margen de identificaciones retrospectivas con sus actores\u201d, plante\u00f3 Jos\u00e9 Carlos Mainer, catedr\u00e1tico de la Universidad de Zaragoza que ha trabajado en la selecci\u00f3n y digitalizaci\u00f3n. El poeta y dramaturgo andaluz fue fusilado en la madrugada del 18 de agosto de 1936 junto al maestro Di\u00f3scoro Galindo Gonz\u00e1lez y los banderilleros anarquistas Francisco Galad\u00ed Melgar y Joaqu\u00edn Arcollas Cabeza.<\/p>\n<p>Los restos de Lorca, que todav\u00eda no fueron encontrados, reposan en un lugar conocido como Fuente Grande, un paraje en el que fue enterrado, \u201cmuy a flor de tierra, en un lugar que se hace muy dif\u00edcil de localizar\u201d, seg\u00fan estableci\u00f3 un documento de la tercera Brigada Regional de Investigaci\u00f3n Social de la Jefatura Superior de Polic\u00eda de Granada, fechado el 9 de julio de 1965.<\/p>\n<p>El lugar al que alude el informe no es otro que la gran fosa com\u00fan en la que se convirti\u00f3 el barranco de V\u00edznar, donde est\u00e1n enterradas entre 3.000 y 4.000 personas. Mainer advirti\u00f3 c\u00f3mo \u201cen el crispado clima internacional de los a\u00f1os treinta, la guerra civil espa\u00f1ola fue, entre otras cosas, una sangrienta confrontaci\u00f3n de simbolog\u00edas culturales antag\u00f3nicas que preconizaba su mutua destrucci\u00f3n\u201d.<\/p>\n<p>En palabras del propio Mainer, \u201crecordar el elenco de los muertos de los primeros seis meses de la Guerra Civil nos acerca a los t\u00e9rminos de una tragedia que se prolong\u00f3 por dos a\u00f1os y medio m\u00e1s y que, en la Espa\u00f1a dominada por Franco, no ces\u00f3 de incrementar despu\u00e9s de 1939 el censo de condenas a muerte, persecuciones, depuraciones y encarcelamientos por motivos ideol\u00f3gicos\u201d.<\/p>\n<p>Desde que H.G. Wells imagin\u00f3 un desembarco marciano, las narraciones sobre invasiones alien\u00edgenas se han prolongado, condimentadas por el miedo a lo desconocido y los terrores y fobias de cada \u00e9poca.<\/p>\n<p>Al escritor brit\u00e1nico se lo considera el padre fundador de la ciencia-ficci\u00f3n con La guerra de los mundos (1898), novela que tuvo varias versiones cinematogr\u00e1ficas y fue adaptada a la radio por Orson Welles en 1939. Ahora toda la obra del autor de La m\u00e1quina del tiempo (1895), La isla del doctor Moreau (1896) y El hombre invisible (1897), entre otros t\u00edtulos, podr\u00e1 ser compartida por los lectores del mundo. Invasiones extraterrestres, futuros dist\u00f3picos, experimentos sacr\u00edlegos, entre otras cuestiones que desplegaba el imaginario del escritor, no eran muy consideradas por su editor, que le insist\u00eda que se alejara de una literatura que consideraba un mero entretenimiento. M\u00e1s all\u00e1 de la sugerencia o reproche, Wells nunca dej\u00f3 de inventar utop\u00edas de inspiraci\u00f3n socialista y otras grandes ficciones de tesis.<\/p>\n","protected":false},"excerpt":{"rendered":"<p>* Todos los primeros de enero, varias obras empiezan a formar parte de una especie de \u201cshock p\u00f3stumo\u201d por tiempo ilimitado, que permite que una constelaci\u00f3n textual ecl\u00e9ctica est\u00e9 disponible sin pagar derechos. Silvina Friera | P\u00e1gina 12 Los libros de la autora de Autobiograf\u00eda de Alice B. Toklas, \u201cla madre del modernismo\u201d cuyas veleidades [&hellip;]<\/p>\n","protected":false},"author":1,"featured_media":45768,"comment_status":"open","ping_status":"open","sticky":false,"template":"","format":"standard","meta":{"om_disable_all_campaigns":false,"_monsterinsights_skip_tracking":false,"_monsterinsights_sitenote_active":false,"_monsterinsights_sitenote_note":"","_monsterinsights_sitenote_category":0,"footnotes":""},"categories":[10,3524],"tags":[],"class_list":["post-45767","post","type-post","status-publish","format-standard","has-post-thumbnail","hentry","category-cultura","category-noticas"],"aioseo_notices":[],"_links":{"self":[{"href":"https:\/\/elcronistadigital.com\/index.php?rest_route=\/wp\/v2\/posts\/45767","targetHints":{"allow":["GET"]}}],"collection":[{"href":"https:\/\/elcronistadigital.com\/index.php?rest_route=\/wp\/v2\/posts"}],"about":[{"href":"https:\/\/elcronistadigital.com\/index.php?rest_route=\/wp\/v2\/types\/post"}],"author":[{"embeddable":true,"href":"https:\/\/elcronistadigital.com\/index.php?rest_route=\/wp\/v2\/users\/1"}],"replies":[{"embeddable":true,"href":"https:\/\/elcronistadigital.com\/index.php?rest_route=%2Fwp%2Fv2%2Fcomments&post=45767"}],"version-history":[{"count":1,"href":"https:\/\/elcronistadigital.com\/index.php?rest_route=\/wp\/v2\/posts\/45767\/revisions"}],"predecessor-version":[{"id":45769,"href":"https:\/\/elcronistadigital.com\/index.php?rest_route=\/wp\/v2\/posts\/45767\/revisions\/45769"}],"wp:featuredmedia":[{"embeddable":true,"href":"https:\/\/elcronistadigital.com\/index.php?rest_route=\/wp\/v2\/media\/45768"}],"wp:attachment":[{"href":"https:\/\/elcronistadigital.com\/index.php?rest_route=%2Fwp%2Fv2%2Fmedia&parent=45767"}],"wp:term":[{"taxonomy":"category","embeddable":true,"href":"https:\/\/elcronistadigital.com\/index.php?rest_route=%2Fwp%2Fv2%2Fcategories&post=45767"},{"taxonomy":"post_tag","embeddable":true,"href":"https:\/\/elcronistadigital.com\/index.php?rest_route=%2Fwp%2Fv2%2Ftags&post=45767"}],"curies":[{"name":"wp","href":"https:\/\/api.w.org\/{rel}","templated":true}]}}