{"id":45778,"date":"2017-01-07T08:12:33","date_gmt":"2017-01-07T14:12:33","guid":{"rendered":"http:\/\/elcronistadigital.com\/?p=45778"},"modified":"2017-01-07T08:12:33","modified_gmt":"2017-01-07T14:12:33","slug":"presidenta-de-taiwan-arribara-el-9-de-enero","status":"publish","type":"post","link":"https:\/\/elcronistadigital.com\/?p=45778","title":{"rendered":"Presidenta de Taiw\u00e1n arribar\u00e1 el 9 de enero"},"content":{"rendered":"<div id=\"attachment_45779\" style=\"width: 460px\" class=\"wp-caption alignleft\"><a href=\"https:\/\/elcronistadigital.com\/wp-content\/uploads\/2017\/01\/Dra.-Tsai-Ing-wen.jpg\"><img loading=\"lazy\" decoding=\"async\" aria-describedby=\"caption-attachment-45779\" class=\"size-full wp-image-45779\" alt=\"Dra. Tsai Ing-wen, presidenta de Taiw\u00e1n.\" src=\"https:\/\/elcronistadigital.com\/wp-content\/uploads\/2017\/01\/Dra.-Tsai-Ing-wen.jpg\" width=\"450\" height=\"438\" srcset=\"https:\/\/elcronistadigital.com\/wp-content\/uploads\/2017\/01\/Dra.-Tsai-Ing-wen.jpg 450w, https:\/\/elcronistadigital.com\/wp-content\/uploads\/2017\/01\/Dra.-Tsai-Ing-wen-300x292.jpg 300w, https:\/\/elcronistadigital.com\/wp-content\/uploads\/2017\/01\/Dra.-Tsai-Ing-wen-50x50.jpg 50w, https:\/\/elcronistadigital.com\/wp-content\/uploads\/2017\/01\/Dra.-Tsai-Ing-wen-342x332.jpg 342w, https:\/\/elcronistadigital.com\/wp-content\/uploads\/2017\/01\/Dra.-Tsai-Ing-wen-55x55.jpg 55w\" sizes=\"auto, (max-width: 450px) 100vw, 450px\" \/><\/a><p id=\"caption-attachment-45779\" class=\"wp-caption-text\">Dra. Tsai Ing-wen, presidenta de Taiw\u00e1n.<\/p><\/div>\n<p>El 9 de enero pr\u00f3ximo llegar\u00e1 al pa\u00eds la presidenta de la Rep\u00fablica de China (Taiw\u00e1n), Dra. Tsai Ing-wen, acompa\u00f1ada de una comitiva compuesta por funcionarios de alto nivel, diputados del Yuan Legislativo e importantes empresarios, para asistir a la ceremonia de investidura del presidente electo de Nicaragua, Daniel Ortega Saavedra.<\/p>\n<p>La visita de Tsai a Nicaragua tiene como prop\u00f3sito principal felicitar al presidente Ortega por asumir un nuevo periodo de mandato presidencial y sostener un encuentro bilateral para abordar temas importantes de inter\u00e9s com\u00fan.<\/p>\n<p>Taiw\u00e1n es un socio bilateral importante de Nicaragua, es un fuerte colaborador en proyectos sociales, de educaci\u00f3n, cultura, salud, infraestructura y de desarrollo agr\u00edcola. En comercio Taiw\u00e1n ocupa el 10\u00b0 lugar de todas las exportaciones de Nicaragua mundialmente, y es el mayor mercado en Asia.<\/p>\n<p>Durante su estad\u00eda en nuestra naci\u00f3n, la mandataria Tsai y su delegaci\u00f3n asistir\u00e1n a un desayuno con la C\u00e1mara Empresarial Taiwanesa Nicarag\u00fcense (CETAINIC), para degustar un t\u00edpico gallopinto, y conocer las oportunidades comerciales y los logros obtenidos a trav\u00e9s del Tratado de Libre Comercio entre Taiw\u00e1n y Nicaragua.<\/p>\n<p>La inversi\u00f3n econ\u00f3mica que han realizado los empresarios taiwaneses en Nicaragua asciende a m\u00e1s de 132 millones de d\u00f3lares, con un registro de 39 empresas que generan 7,794 empleos directos. Por eso la presidenta Tsai visitar\u00e1 tres empresas taiwanesas que operan en el r\u00e9gimen de zona franca.<\/p>\n<p>Con la delegaci\u00f3n de la presidenta Tsai tambi\u00e9n llegar\u00e1n 36 periodistas de diferentes medios de comunicaci\u00f3n de Taiw\u00e1n, para cubrir la ceremonia de investidura del presidente Ortega y la vicepresidenta Rosario Murillo.<\/p>\n<p>Aprovechando su visita, la Embajada de la Rep\u00fablica de China (Taiw\u00e1n) obtuvo el apoyo del gobierno de Nicaragua, para hacerles conocer algunas de las atracciones tur\u00edsticas de este pa\u00eds, como el Parque Nacional Volc\u00e1n Masaya y la Ciudad Colonial de Granada, tambi\u00e9n degustar\u00e1n el exquisito sabor del caf\u00e9 fino nicarag\u00fcense y de la carne de churrasco.<\/p>\n","protected":false},"excerpt":{"rendered":"<p>El 9 de enero pr\u00f3ximo llegar\u00e1 al pa\u00eds la presidenta de la Rep\u00fablica de China (Taiw\u00e1n), Dra. Tsai Ing-wen, acompa\u00f1ada de una comitiva compuesta por funcionarios de alto nivel, diputados del Yuan Legislativo e importantes empresarios, para asistir a la ceremonia de investidura del presidente electo de Nicaragua, Daniel Ortega Saavedra. La visita de Tsai [&hellip;]<\/p>\n","protected":false},"author":1,"featured_media":45779,"comment_status":"open","ping_status":"open","sticky":false,"template":"","format":"standard","meta":{"om_disable_all_campaigns":false,"_monsterinsights_skip_tracking":false,"_monsterinsights_sitenote_active":false,"_monsterinsights_sitenote_note":"","_monsterinsights_sitenote_category":0,"footnotes":""},"categories":[3524,13],"tags":[],"class_list":["post-45778","post","type-post","status-publish","format-standard","has-post-thumbnail","hentry","category-noticas","category-portada"],"aioseo_notices":[],"_links":{"self":[{"href":"https:\/\/elcronistadigital.com\/index.php?rest_route=\/wp\/v2\/posts\/45778","targetHints":{"allow":["GET"]}}],"collection":[{"href":"https:\/\/elcronistadigital.com\/index.php?rest_route=\/wp\/v2\/posts"}],"about":[{"href":"https:\/\/elcronistadigital.com\/index.php?rest_route=\/wp\/v2\/types\/post"}],"author":[{"embeddable":true,"href":"https:\/\/elcronistadigital.com\/index.php?rest_route=\/wp\/v2\/users\/1"}],"replies":[{"embeddable":true,"href":"https:\/\/elcronistadigital.com\/index.php?rest_route=%2Fwp%2Fv2%2Fcomments&post=45778"}],"version-history":[{"count":1,"href":"https:\/\/elcronistadigital.com\/index.php?rest_route=\/wp\/v2\/posts\/45778\/revisions"}],"predecessor-version":[{"id":45780,"href":"https:\/\/elcronistadigital.com\/index.php?rest_route=\/wp\/v2\/posts\/45778\/revisions\/45780"}],"wp:featuredmedia":[{"embeddable":true,"href":"https:\/\/elcronistadigital.com\/index.php?rest_route=\/wp\/v2\/media\/45779"}],"wp:attachment":[{"href":"https:\/\/elcronistadigital.com\/index.php?rest_route=%2Fwp%2Fv2%2Fmedia&parent=45778"}],"wp:term":[{"taxonomy":"category","embeddable":true,"href":"https:\/\/elcronistadigital.com\/index.php?rest_route=%2Fwp%2Fv2%2Fcategories&post=45778"},{"taxonomy":"post_tag","embeddable":true,"href":"https:\/\/elcronistadigital.com\/index.php?rest_route=%2Fwp%2Fv2%2Ftags&post=45778"}],"curies":[{"name":"wp","href":"https:\/\/api.w.org\/{rel}","templated":true}]}}