{"id":45781,"date":"2017-01-07T08:51:45","date_gmt":"2017-01-07T14:51:45","guid":{"rendered":"http:\/\/elcronistadigital.com\/?p=45781"},"modified":"2017-01-07T08:51:45","modified_gmt":"2017-01-07T14:51:45","slug":"capturan-en-costa-rica-a-asesino-de-policias","status":"publish","type":"post","link":"https:\/\/elcronistadigital.com\/?p=45781","title":{"rendered":"Capturan en Costa Rica a asesino de polic\u00edas"},"content":{"rendered":"<p><a href=\"https:\/\/elcronistadigital.com\/wp-content\/uploads\/2017\/01\/preso3.jpg\"><img loading=\"lazy\" decoding=\"async\" class=\"alignleft size-full wp-image-45782\" alt=\"preso3\" src=\"https:\/\/elcronistadigital.com\/wp-content\/uploads\/2017\/01\/preso3.jpg\" width=\"450\" height=\"246\" srcset=\"https:\/\/elcronistadigital.com\/wp-content\/uploads\/2017\/01\/preso3.jpg 450w, https:\/\/elcronistadigital.com\/wp-content\/uploads\/2017\/01\/preso3-300x164.jpg 300w, https:\/\/elcronistadigital.com\/wp-content\/uploads\/2017\/01\/preso3-342x186.jpg 342w\" sizes=\"auto, (max-width: 450px) 100vw, 450px\" \/><\/a>El presunto asesino de dos polic\u00edas en Nicaragua, un sujeto de apellidos Galeano Castell\u00f3n, oriundo de Juigalpa, fue apresado el jueves pasado en Costa Rica donde viv\u00eda desde hace alg\u00fan tiempo con falsa identidad.<\/p>\n<p>Galeano Castell\u00f3n fue detenido la noche del jueves en el cant\u00f3n de Zarcero, Alajuela, seg\u00fan public\u00f3 el diario La Naci\u00f3n, del pa\u00eds vecino.<\/p>\n<p>\u00abLa Fuerza P\u00fablica manten\u00eda acciones preventivas en un sector agr\u00edcola de Zarcero cuando interceptaron al sospechoso y, tras consultas en registros policiales, comprobaron que era buscado en Nicaragua por diversos il\u00edcitos, entre ellos presuntos asesinatos\u00bb, inform\u00f3 el viernes el Ministerio de Seguridad P\u00fablica (MSP).<\/p>\n<p>La orden de captura emitida por Nicaragua fue girada desde septiembre del 2011, pero se desconoce cu\u00e1ndo habr\u00edan ocurrido los homicidios.<\/p>\n<p>Seg\u00fan informaci\u00f3n policial, Galeano estaba en Zarcero desde hace varios meses y all\u00ed estaba trabajando como pe\u00f3n agr\u00edcola.<\/p>\n<p>Durante su estad\u00eda en el pa\u00eds, el extranjero pas\u00f3 con perfil bajo y no cometi\u00f3 ning\u00fan acto delictivo, agreg\u00f3 el reporte policial.<\/p>\n<p>Al momento de su captura, el for\u00e1neo portaba una c\u00e9dula nicarag\u00fcense que pertenece a su hermanastro.<\/p>\n<p>La Fuerza P\u00fablica tica coordin\u00f3 con la Direcci\u00f3n General de Migraci\u00f3n y Extranjer\u00eda para trasladar al nica hasta el cant\u00f3n fronterizo de Los Chiles, donde fue entregado a la Polic\u00eda nicarag\u00fcense en el puesto de Las Tablillas.<\/p>\n","protected":false},"excerpt":{"rendered":"<p>El presunto asesino de dos polic\u00edas en Nicaragua, un sujeto de apellidos Galeano Castell\u00f3n, oriundo de Juigalpa, fue apresado el jueves pasado en Costa Rica donde viv\u00eda desde hace alg\u00fan tiempo con falsa identidad. Galeano Castell\u00f3n fue detenido la noche del jueves en el cant\u00f3n de Zarcero, Alajuela, seg\u00fan public\u00f3 el diario La Naci\u00f3n, del [&hellip;]<\/p>\n","protected":false},"author":1,"featured_media":45782,"comment_status":"open","ping_status":"open","sticky":false,"template":"","format":"standard","meta":{"om_disable_all_campaigns":false,"_monsterinsights_skip_tracking":false,"_monsterinsights_sitenote_active":false,"_monsterinsights_sitenote_note":"","_monsterinsights_sitenote_category":0,"footnotes":""},"categories":[3524,13],"tags":[],"class_list":["post-45781","post","type-post","status-publish","format-standard","has-post-thumbnail","hentry","category-noticas","category-portada"],"aioseo_notices":[],"_links":{"self":[{"href":"https:\/\/elcronistadigital.com\/index.php?rest_route=\/wp\/v2\/posts\/45781","targetHints":{"allow":["GET"]}}],"collection":[{"href":"https:\/\/elcronistadigital.com\/index.php?rest_route=\/wp\/v2\/posts"}],"about":[{"href":"https:\/\/elcronistadigital.com\/index.php?rest_route=\/wp\/v2\/types\/post"}],"author":[{"embeddable":true,"href":"https:\/\/elcronistadigital.com\/index.php?rest_route=\/wp\/v2\/users\/1"}],"replies":[{"embeddable":true,"href":"https:\/\/elcronistadigital.com\/index.php?rest_route=%2Fwp%2Fv2%2Fcomments&post=45781"}],"version-history":[{"count":1,"href":"https:\/\/elcronistadigital.com\/index.php?rest_route=\/wp\/v2\/posts\/45781\/revisions"}],"predecessor-version":[{"id":45783,"href":"https:\/\/elcronistadigital.com\/index.php?rest_route=\/wp\/v2\/posts\/45781\/revisions\/45783"}],"wp:featuredmedia":[{"embeddable":true,"href":"https:\/\/elcronistadigital.com\/index.php?rest_route=\/wp\/v2\/media\/45782"}],"wp:attachment":[{"href":"https:\/\/elcronistadigital.com\/index.php?rest_route=%2Fwp%2Fv2%2Fmedia&parent=45781"}],"wp:term":[{"taxonomy":"category","embeddable":true,"href":"https:\/\/elcronistadigital.com\/index.php?rest_route=%2Fwp%2Fv2%2Fcategories&post=45781"},{"taxonomy":"post_tag","embeddable":true,"href":"https:\/\/elcronistadigital.com\/index.php?rest_route=%2Fwp%2Fv2%2Ftags&post=45781"}],"curies":[{"name":"wp","href":"https:\/\/api.w.org\/{rel}","templated":true}]}}