{"id":45788,"date":"2017-01-10T09:45:16","date_gmt":"2017-01-10T15:45:16","guid":{"rendered":"http:\/\/elcronistadigital.com\/?p=45788"},"modified":"2017-01-10T09:45:16","modified_gmt":"2017-01-10T15:45:16","slug":"izquierda-latinoamericana-reunida-en-managua","status":"publish","type":"post","link":"https:\/\/elcronistadigital.com\/?p=45788","title":{"rendered":"Izquierda latinoamericana reunida en Managua"},"content":{"rendered":"<p><a href=\"https:\/\/elcronistadigital.com\/wp-content\/uploads\/2017\/01\/che-latino.jpg\"><img loading=\"lazy\" decoding=\"async\" class=\"alignleft size-full wp-image-45789\" alt=\"che latino\" src=\"https:\/\/elcronistadigital.com\/wp-content\/uploads\/2017\/01\/che-latino.jpg\" width=\"427\" height=\"533\" srcset=\"https:\/\/elcronistadigital.com\/wp-content\/uploads\/2017\/01\/che-latino.jpg 427w, https:\/\/elcronistadigital.com\/wp-content\/uploads\/2017\/01\/che-latino-240x300.jpg 240w, https:\/\/elcronistadigital.com\/wp-content\/uploads\/2017\/01\/che-latino-342x426.jpg 342w, https:\/\/elcronistadigital.com\/wp-content\/uploads\/2017\/01\/che-latino-300x374.jpg 300w\" sizes=\"auto, (max-width: 427px) 100vw, 427px\" \/><\/a>Representantes de varios partidos y grupos de izquierda latinoamericanos debaten en Nicaragua una propuesta oficial para fortalecer la unidad de los movimientos progresistas de la regi\u00f3n.<\/p>\n<p>Seg\u00fan fuentes cercanas al evento, informa Prensa Latina, los participantes revisar\u00e1n hasta este lunes su contribuci\u00f3n al documento Consenso de Nuestra Am\u00e9rica, que esperan presentarlo al grupo de trabajo del Foro de Sao Paulo como una plataforma program\u00e1tica para contrarrestar las maniobras de las oligarqu\u00edas neoliberales en la regi\u00f3n.<\/p>\n<p>Tras un a\u00f1o en el que Am\u00e9rica Latina asisti\u00f3 al advenimiento del conservadurismo en Argentina, el golpe de Estado parlamentario perpetrado en Brasil y el acoso medi\u00e1tico contra Venezuela, para los movimientos sociales resulta esencial estar unidos en un escenario tan complejo, subrayan los impulsores del texto.<\/p>\n<p>En ese encuentro se prev\u00e9 la participaci\u00f3n de al menos 40 delegados de los partidos de izquierda de m\u00e1s de diez pa\u00edses.<\/p>\n<p>Fundado por el Partido de los Trabajadores de Brasil en la ciudad hom\u00f3nima, el Foro de Sao Paulo surgi\u00f3 en 1990 para reunir los esfuerzos de los partidos y movimientos de izquierda, a ra\u00edz del cisma ideol\u00f3gico desatado por el derrumbe del campo socialista europeo y los avances del neoliberalismo en los pa\u00edses de Latinoam\u00e9rica y el Caribe.<\/p>\n<p>Aprovechando que la toma de posesi\u00f3n del presidente reelecto, Comandante Daniel Ortega, congregar\u00e1 el pr\u00f3ximo martes en Managua a l\u00edderes, representantes de partidos pol\u00edticos y movimientos sociales, sesionar\u00e1 los d\u00edas 11 y 12 de enero la reuni\u00f3n del grupo de trabajo del Foro.<\/p>\n<p>En los comicios generales del pasado 6 de noviembre, la f\u00f3rmula presidencial del Frente Sandisnista de Liberaci\u00f3n Nacional (FSLN), conformada por Daniel Ortega y Rosario Murillo, alcanz\u00f3 un triunfo arrollador, al obtener el 72,5 % de los votos v\u00e1lidos emitidos.<\/p>\n<p>Fuente: Granma.<\/p>\n","protected":false},"excerpt":{"rendered":"<p>Representantes de varios partidos y grupos de izquierda latinoamericanos debaten en Nicaragua una propuesta oficial para fortalecer la unidad de los movimientos progresistas de la regi\u00f3n. Seg\u00fan fuentes cercanas al evento, informa Prensa Latina, los participantes revisar\u00e1n hasta este lunes su contribuci\u00f3n al documento Consenso de Nuestra Am\u00e9rica, que esperan presentarlo al grupo de trabajo [&hellip;]<\/p>\n","protected":false},"author":1,"featured_media":45789,"comment_status":"open","ping_status":"open","sticky":false,"template":"","format":"standard","meta":{"om_disable_all_campaigns":false,"_monsterinsights_skip_tracking":false,"_monsterinsights_sitenote_active":false,"_monsterinsights_sitenote_note":"","_monsterinsights_sitenote_category":0,"footnotes":""},"categories":[15,3524,13],"tags":[],"class_list":["post-45788","post","type-post","status-publish","format-standard","has-post-thumbnail","hentry","category-politca","category-noticas","category-portada"],"aioseo_notices":[],"_links":{"self":[{"href":"https:\/\/elcronistadigital.com\/index.php?rest_route=\/wp\/v2\/posts\/45788","targetHints":{"allow":["GET"]}}],"collection":[{"href":"https:\/\/elcronistadigital.com\/index.php?rest_route=\/wp\/v2\/posts"}],"about":[{"href":"https:\/\/elcronistadigital.com\/index.php?rest_route=\/wp\/v2\/types\/post"}],"author":[{"embeddable":true,"href":"https:\/\/elcronistadigital.com\/index.php?rest_route=\/wp\/v2\/users\/1"}],"replies":[{"embeddable":true,"href":"https:\/\/elcronistadigital.com\/index.php?rest_route=%2Fwp%2Fv2%2Fcomments&post=45788"}],"version-history":[{"count":1,"href":"https:\/\/elcronistadigital.com\/index.php?rest_route=\/wp\/v2\/posts\/45788\/revisions"}],"predecessor-version":[{"id":45790,"href":"https:\/\/elcronistadigital.com\/index.php?rest_route=\/wp\/v2\/posts\/45788\/revisions\/45790"}],"wp:featuredmedia":[{"embeddable":true,"href":"https:\/\/elcronistadigital.com\/index.php?rest_route=\/wp\/v2\/media\/45789"}],"wp:attachment":[{"href":"https:\/\/elcronistadigital.com\/index.php?rest_route=%2Fwp%2Fv2%2Fmedia&parent=45788"}],"wp:term":[{"taxonomy":"category","embeddable":true,"href":"https:\/\/elcronistadigital.com\/index.php?rest_route=%2Fwp%2Fv2%2Fcategories&post=45788"},{"taxonomy":"post_tag","embeddable":true,"href":"https:\/\/elcronistadigital.com\/index.php?rest_route=%2Fwp%2Fv2%2Ftags&post=45788"}],"curies":[{"name":"wp","href":"https:\/\/api.w.org\/{rel}","templated":true}]}}