{"id":45797,"date":"2017-01-11T09:22:10","date_gmt":"2017-01-11T15:22:10","guid":{"rendered":"http:\/\/elcronistadigital.com\/?p=45797"},"modified":"2017-01-11T09:22:10","modified_gmt":"2017-01-11T15:22:10","slug":"ue-convoca-en-nicaragua-para-el-al-invest-5-0","status":"publish","type":"post","link":"https:\/\/elcronistadigital.com\/?p=45797","title":{"rendered":"UE convoca en Nicaragua para el AL-Invest 5.0"},"content":{"rendered":"<p><a href=\"https:\/\/elcronistadigital.com\/wp-content\/uploads\/2017\/01\/alinvest.jpg\"><img loading=\"lazy\" decoding=\"async\" class=\"alignleft size-full wp-image-45798\" alt=\"alinvest\" src=\"https:\/\/elcronistadigital.com\/wp-content\/uploads\/2017\/01\/alinvest.jpg\" width=\"450\" height=\"212\" srcset=\"https:\/\/elcronistadigital.com\/wp-content\/uploads\/2017\/01\/alinvest.jpg 450w, https:\/\/elcronistadigital.com\/wp-content\/uploads\/2017\/01\/alinvest-300x141.jpg 300w, https:\/\/elcronistadigital.com\/wp-content\/uploads\/2017\/01\/alinvest-342x161.jpg 342w\" sizes=\"auto, (max-width: 450px) 100vw, 450px\" \/><\/a>La Uni\u00f3n Europea (UE) anunci\u00f3 en Nicaragua el lanzamiento de la tercera convocatoria para el programa AL-Invest 5.0, a trav\u00e9s del cual financia peque\u00f1as y medianas empresas en Am\u00e9rica Latina y que tendr\u00e1 como prioridad cuatro pa\u00edses de Mesoam\u00e9rica.<\/p>\n<p>En total, 1 mill\u00f3n de euros (1,06 millones de d\u00f3lares) est\u00e1n destinados para el programa en esta convocatoria, dirigida a 18 pa\u00edses de Am\u00e9rica Latina, entre ellos Nicaragua, inform\u00f3 la UE en un comunicado.<\/p>\n<p>Este a\u00f1o la UE dar\u00e1 prioridad a los proyectos de Costa Rica, Honduras, M\u00e9xico y Panam\u00e1, porque \u00abfueron los que menos proyectos seleccionados tuvieron en las dos convocatorias anteriores\u00bb, detall\u00f3 el organismo.<\/p>\n<p>Los proyectos podr\u00e1n aspirar a ser financiados con un monto m\u00e1ximo de 200.000 euros (211.376 d\u00f3lares), seg\u00fan la fuente.<\/p>\n<p>Para ser tomados en cuenta, los proyectos deber\u00e1n mostrar el \u00abempoderamiento a las mujeres, las iniciativas que promuevan el intercambio entre Latinoam\u00e9rica y Europa y las que incluyan un enfoque de cuidado y respeto al medio ambiente\u00bb, agreg\u00f3.<\/p>\n<p>M\u00e1s de 100 organizaciones de Latinoam\u00e9rica y Europa ejecutan el AL-Invest 5.0, con el objetivo de fortalecer a m\u00e1s de 27.000 peque\u00f1as y medianas empresas hasta 2019, de acuerdo con la UE.<\/p>\n<p>El programa es liderado por la C\u00e1mara de Industria, Comercio, Servicios y Turismo de Santa Cruz (Cainco), Bolivia, con el apoyo de otras 67 entidades.<\/p>\n","protected":false},"excerpt":{"rendered":"<p>La Uni\u00f3n Europea (UE) anunci\u00f3 en Nicaragua el lanzamiento de la tercera convocatoria para el programa AL-Invest 5.0, a trav\u00e9s del cual financia peque\u00f1as y medianas empresas en Am\u00e9rica Latina y que tendr\u00e1 como prioridad cuatro pa\u00edses de Mesoam\u00e9rica. En total, 1 mill\u00f3n de euros (1,06 millones de d\u00f3lares) est\u00e1n destinados para el programa en [&hellip;]<\/p>\n","protected":false},"author":1,"featured_media":45798,"comment_status":"open","ping_status":"open","sticky":false,"template":"","format":"standard","meta":{"om_disable_all_campaigns":false,"_monsterinsights_skip_tracking":false,"_monsterinsights_sitenote_active":false,"_monsterinsights_sitenote_note":"","_monsterinsights_sitenote_category":0,"footnotes":""},"categories":[3524,13],"tags":[],"class_list":["post-45797","post","type-post","status-publish","format-standard","has-post-thumbnail","hentry","category-noticas","category-portada"],"aioseo_notices":[],"_links":{"self":[{"href":"https:\/\/elcronistadigital.com\/index.php?rest_route=\/wp\/v2\/posts\/45797","targetHints":{"allow":["GET"]}}],"collection":[{"href":"https:\/\/elcronistadigital.com\/index.php?rest_route=\/wp\/v2\/posts"}],"about":[{"href":"https:\/\/elcronistadigital.com\/index.php?rest_route=\/wp\/v2\/types\/post"}],"author":[{"embeddable":true,"href":"https:\/\/elcronistadigital.com\/index.php?rest_route=\/wp\/v2\/users\/1"}],"replies":[{"embeddable":true,"href":"https:\/\/elcronistadigital.com\/index.php?rest_route=%2Fwp%2Fv2%2Fcomments&post=45797"}],"version-history":[{"count":1,"href":"https:\/\/elcronistadigital.com\/index.php?rest_route=\/wp\/v2\/posts\/45797\/revisions"}],"predecessor-version":[{"id":45799,"href":"https:\/\/elcronistadigital.com\/index.php?rest_route=\/wp\/v2\/posts\/45797\/revisions\/45799"}],"wp:featuredmedia":[{"embeddable":true,"href":"https:\/\/elcronistadigital.com\/index.php?rest_route=\/wp\/v2\/media\/45798"}],"wp:attachment":[{"href":"https:\/\/elcronistadigital.com\/index.php?rest_route=%2Fwp%2Fv2%2Fmedia&parent=45797"}],"wp:term":[{"taxonomy":"category","embeddable":true,"href":"https:\/\/elcronistadigital.com\/index.php?rest_route=%2Fwp%2Fv2%2Fcategories&post=45797"},{"taxonomy":"post_tag","embeddable":true,"href":"https:\/\/elcronistadigital.com\/index.php?rest_route=%2Fwp%2Fv2%2Ftags&post=45797"}],"curies":[{"name":"wp","href":"https:\/\/api.w.org\/{rel}","templated":true}]}}