{"id":45800,"date":"2017-01-11T10:26:47","date_gmt":"2017-01-11T16:26:47","guid":{"rendered":"http:\/\/elcronistadigital.com\/?p=45800"},"modified":"2017-01-11T10:26:47","modified_gmt":"2017-01-11T16:26:47","slug":"ministro-ruso-inaugurara-centro-antidrogas","status":"publish","type":"post","link":"https:\/\/elcronistadigital.com\/?p=45800","title":{"rendered":"Ministro ruso inaugurar\u00e1 centro antidrogas"},"content":{"rendered":"<div id=\"attachment_45801\" style=\"width: 440px\" class=\"wp-caption alignleft\"><a href=\"https:\/\/elcronistadigital.com\/wp-content\/uploads\/2017\/01\/Vlad\u00edmir-Kolok\u00f3ltsev.jpg\"><img loading=\"lazy\" decoding=\"async\" aria-describedby=\"caption-attachment-45801\" class=\"size-full wp-image-45801\" alt=\"Vlad\u00edmir Kolok\u00f3ltsev, ministro ruso del Interior.\" src=\"https:\/\/elcronistadigital.com\/wp-content\/uploads\/2017\/01\/Vlad\u00edmir-Kolok\u00f3ltsev.jpg\" width=\"430\" height=\"241\" srcset=\"https:\/\/elcronistadigital.com\/wp-content\/uploads\/2017\/01\/Vlad\u00edmir-Kolok\u00f3ltsev.jpg 430w, https:\/\/elcronistadigital.com\/wp-content\/uploads\/2017\/01\/Vlad\u00edmir-Kolok\u00f3ltsev-300x168.jpg 300w, https:\/\/elcronistadigital.com\/wp-content\/uploads\/2017\/01\/Vlad\u00edmir-Kolok\u00f3ltsev-342x191.jpg 342w\" sizes=\"auto, (max-width: 430px) 100vw, 430px\" \/><\/a><p id=\"caption-attachment-45801\" class=\"wp-caption-text\">Vlad\u00edmir Kolok\u00f3ltsev, ministro ruso del Interior.<\/p><\/div>\n<p>El ministro ruso del Interior ruso, Vlad\u00edmir Kolok\u00f3ltsev, quien al frente de una delegaci\u00f3n particip\u00f3 en la ceremonia de investidura del presidente de Nicaragua, Daniel Ortega, abordar\u00e1 adem\u00e1s el tema de cooperaci\u00f3n entre las agencias de orden p\u00fablico de ambos pa\u00edses.<\/p>\n<p>Durante su viaje de dos d\u00edas al pa\u00eds centroamericano, el ministro se reunir\u00e1 con el presidente Ortega para discutir la cooperaci\u00f3n de las agencias de orden p\u00fablico de las dos naciones.<\/p>\n<p>Kolok\u00f3ltsev visitar\u00e1 un nuevo centro docente del Ministerio del Interior ruso en la capital nicarag\u00fcense que capacita al personal en la lucha contra las drogas para los pa\u00edses centroamericanos y del Caribe.<\/p>\n<p>Asimismo, el ministro ruso tiene previstas reuniones con el director general interino de la Polic\u00eda Nacional, Francisco Javier D\u00edaz Madriz, y con el comandante en jefe del Ej\u00e9rcito, Julio C\u00e9sar Avil\u00e9s Castillo.<\/p>\n","protected":false},"excerpt":{"rendered":"<p>El ministro ruso del Interior ruso, Vlad\u00edmir Kolok\u00f3ltsev, quien al frente de una delegaci\u00f3n particip\u00f3 en la ceremonia de investidura del presidente de Nicaragua, Daniel Ortega, abordar\u00e1 adem\u00e1s el tema de cooperaci\u00f3n entre las agencias de orden p\u00fablico de ambos pa\u00edses. Durante su viaje de dos d\u00edas al pa\u00eds centroamericano, el ministro se reunir\u00e1 con [&hellip;]<\/p>\n","protected":false},"author":1,"featured_media":45801,"comment_status":"open","ping_status":"open","sticky":false,"template":"","format":"standard","meta":{"om_disable_all_campaigns":false,"_monsterinsights_skip_tracking":false,"_monsterinsights_sitenote_active":false,"_monsterinsights_sitenote_note":"","_monsterinsights_sitenote_category":0,"footnotes":""},"categories":[3524,13],"tags":[],"class_list":["post-45800","post","type-post","status-publish","format-standard","has-post-thumbnail","hentry","category-noticas","category-portada"],"aioseo_notices":[],"_links":{"self":[{"href":"https:\/\/elcronistadigital.com\/index.php?rest_route=\/wp\/v2\/posts\/45800","targetHints":{"allow":["GET"]}}],"collection":[{"href":"https:\/\/elcronistadigital.com\/index.php?rest_route=\/wp\/v2\/posts"}],"about":[{"href":"https:\/\/elcronistadigital.com\/index.php?rest_route=\/wp\/v2\/types\/post"}],"author":[{"embeddable":true,"href":"https:\/\/elcronistadigital.com\/index.php?rest_route=\/wp\/v2\/users\/1"}],"replies":[{"embeddable":true,"href":"https:\/\/elcronistadigital.com\/index.php?rest_route=%2Fwp%2Fv2%2Fcomments&post=45800"}],"version-history":[{"count":1,"href":"https:\/\/elcronistadigital.com\/index.php?rest_route=\/wp\/v2\/posts\/45800\/revisions"}],"predecessor-version":[{"id":45802,"href":"https:\/\/elcronistadigital.com\/index.php?rest_route=\/wp\/v2\/posts\/45800\/revisions\/45802"}],"wp:featuredmedia":[{"embeddable":true,"href":"https:\/\/elcronistadigital.com\/index.php?rest_route=\/wp\/v2\/media\/45801"}],"wp:attachment":[{"href":"https:\/\/elcronistadigital.com\/index.php?rest_route=%2Fwp%2Fv2%2Fmedia&parent=45800"}],"wp:term":[{"taxonomy":"category","embeddable":true,"href":"https:\/\/elcronistadigital.com\/index.php?rest_route=%2Fwp%2Fv2%2Fcategories&post=45800"},{"taxonomy":"post_tag","embeddable":true,"href":"https:\/\/elcronistadigital.com\/index.php?rest_route=%2Fwp%2Fv2%2Ftags&post=45800"}],"curies":[{"name":"wp","href":"https:\/\/api.w.org\/{rel}","templated":true}]}}