{"id":45806,"date":"2017-01-11T14:30:01","date_gmt":"2017-01-11T20:30:01","guid":{"rendered":"http:\/\/elcronistadigital.com\/?p=45806"},"modified":"2017-01-11T14:33:26","modified_gmt":"2017-01-11T20:33:26","slug":"motos-negocio-accidentes-y-asaltos","status":"publish","type":"post","link":"https:\/\/elcronistadigital.com\/?p=45806","title":{"rendered":"Motos: negocio, accidentes y asaltos"},"content":{"rendered":"<div id=\"attachment_45807\" style=\"width: 460px\" class=\"wp-caption alignleft\"><a href=\"https:\/\/elcronistadigital.com\/wp-content\/uploads\/2017\/01\/motocicletas.jpg\"><img loading=\"lazy\" decoding=\"async\" aria-describedby=\"caption-attachment-45807\" class=\"size-full wp-image-45807\" alt=\"En Costa Rica los asaltos desde motocicletas no solo tienen como blanco a los peatones. La delincuenca motorizada ha desarrollado mucha peligrosidad.\" src=\"https:\/\/elcronistadigital.com\/wp-content\/uploads\/2017\/01\/motocicletas.jpg\" width=\"450\" height=\"275\" srcset=\"https:\/\/elcronistadigital.com\/wp-content\/uploads\/2017\/01\/motocicletas.jpg 450w, https:\/\/elcronistadigital.com\/wp-content\/uploads\/2017\/01\/motocicletas-300x183.jpg 300w, https:\/\/elcronistadigital.com\/wp-content\/uploads\/2017\/01\/motocicletas-342x209.jpg 342w\" sizes=\"auto, (max-width: 450px) 100vw, 450px\" \/><\/a><p id=\"caption-attachment-45807\" class=\"wp-caption-text\">En Costa Rica los asaltos desde motocicletas no solo tienen como blanco a los peatones. La delincuenca motorizada ha desarrollado mucha peligrosidad.<\/p><\/div>\n<p>El Cronista Digital | Redacci\u00f3n<\/p>\n<p>Todos tenemos quejas sobre las motocicletas y a diario nos toca ver a dos o tres muchachos tendidos en las calles de Managua tras impactar contra veh\u00edculos de mayor tonelaje. Muchas de esas colisiones son mortales y pese a ese fat\u00eddico detalle, dif\u00edcilmente las motos ser\u00e1n controladas.<\/p>\n<p>La raz\u00f3n es simple: constituyen uno de los negocios m\u00e1s jugosos de los \u00faltimos a\u00f1os, tan suculento, que en el a\u00f1o 2016 reci\u00e9n finalizado se calcula que produjeron en Centroam\u00e9rica ventas por 800 millones de d\u00f3lares, seg\u00fan una nota publicada por el periodista Juan Manuel Fern\u00e1ndez, de Forbes.<\/p>\n<p>Para Forbes, la demanda de motocicletas es producto del alto congestionamiento vehicular, favorecida por la decisi\u00f3n de las distribuidoras de electrodom\u00e9sticos de incursionar en dicho mercado ofreciendo los veh\u00edculos de dos ruedas a plazos.<\/p>\n<p>En Centroam\u00e9rica \u2013tambi\u00e9n en Nicaragua-, la adquisici\u00f3n de motocicletas no se debe particularmente al exceso del parque vehicular, sino a las facilidades de tiendas como la Curacao, por mencionar alguna, donde un gran n\u00famero de consumidores, en su mayor\u00eda j\u00f3venes con salarios modestos, ven la oportunidad de hacerse con uno de estos peligrosos ciclomotores.<\/p>\n<p>Y las motos no han venido a solucionar el problema del crecimiento del parque vehicular en Nicaragua, sino que m\u00e1s bien lo han agravado debido a la irresponsabilidad de la mayor\u00eda de conductores de estos ruidosos artefactos.<\/p>\n<p>De repente, uno se encuentra envuelto en medio de una decena o m\u00e1s de rugientes motocicletas aceleradas impaciente y nerviosamente por sus conductores, que pugnan por ser los primeros en arrancar cuando el sem\u00e1foro se ponga en verde, aunque vale decir que muchos no esperan a que tal ciclo se cumpla y se largan con la roja.<\/p>\n<p>A los m\u00e1s inexpertos suele apag\u00e1rseles la m\u00e1quina en el intento del veloz arranque, no obstante, el mayor peligro para todo el que anda en veh\u00edculos de cuatro ruedas, y por supuesto para los peatones, es la temeridad con que los motociclistas zigzaguean a toda velocidad para adelantar entre las filas de carros en las v\u00edas urbanas y carreteras.<\/p>\n<p>Son muchas las colisiones provocadas o inducidas por los conductores de motos, la mayor\u00eda con impericia notoria y siempre con la tendencia a hacerse los m\u00e1rtires una vez que se produce el encontronazo.<\/p>\n<p>S\u00ed, es cierto que ellos llevan la peor parte, \u00bfpero c\u00f3mo hacerles entender que tambi\u00e9n son los culpables de lo que les ocurre, al igual que a las inocentes personas que generalmente les acompa\u00f1an? El asunto se torna mucho m\u00e1s grave cuando hay licor de por medio, es decir, en la inmensa mayor\u00eda de casos en los que se dan p\u00e9rdidas de vidas.<\/p>\n<p>Pero el asunto de las motos no termina con la accidentalidad y los muchos muertos que aporta a las f\u00fanebres estad\u00edsticas. La proliferaci\u00f3n de estos veh\u00edculos va acompa\u00f1ada de una tambi\u00e9n peligrosa modalidad delictiva que es el asalto en plena v\u00eda p\u00fablica, y muchos a la luz del d\u00eda.<\/p>\n<p>Residenciales como Altamira, donde los moradores se encierran durante todo el d\u00eda, son de los m\u00e1s propicios para los delincuentes motorizados que operan en pareja: el que conduce y el que va de pasajero generalmente armado con una pistola o rev\u00f3lver.<\/p>\n<p>Estudiantes de la UCC o viandantes que por alguna raz\u00f3n se adentran en las solitarias calles, son pasto de estos asaltantes que han llegado incluso a asesinar personas, como una se\u00f1ora vecina de la universidad antes mencionada que en diciembre de 2015 recibi\u00f3 un mortal disparo frente a su vivienda cuando intent\u00f3 impedir que le quitaran el celular a una de sus nietas.<\/p>\n<p>Una joven vecina de La Fuente fue la \u00faltima v\u00edctima \u2013de las que conocemos-, a quien hace algunos d\u00edas le fue arrebatado el bolso en las cercan\u00edas de donde fue \u201cLa Vicky\u201d. Los de la moto se le acercaron y la siguieron durante un trecho pirope\u00e1ndola y cuando vieron que no hab\u00eda nadie en la calle, procedieron a cometer el delito pistola en mano.<\/p>\n<p>La agresi\u00f3n en motocicleta es m\u00e1s grave en pa\u00edses vecinos, donde las utilizan para el sicariato, sin embargo, si las autoridades policiales no le ponen mente a lo que est\u00e1 ocurriendo en Nicaragua con no pocos motorizados, la peligrosidad de los il\u00edcitos crecer\u00e1 inevitablemente.<\/p>\n<p>No decimos nada nuevo con esto. Delincuentes armados se movilizan desde hace algunos a\u00f1os en motos por las calles de algunos residenciales asaltando impunemente. Las autoridades lo saben pese a que pocas personas ponen la denuncia. \u00bfA qui\u00e9n van a se\u00f1alar ante los inquisidores agentes investigadores?<\/p>\n<p>Generalmente los atracadores se movilizan en motos sin placas, y ambos con cascos con visera oscura que les oculta totalmente el rostro.<\/p>\n<p>Estamos seguros de que si las autoridades policiales se tomaran la molestia de hacer recorridos por Altamira a diferentes horas \u2013continuemos con el ejemplo del vecindario-, y detienen a quienes se movilizan en motocicletas, sobre todo los que van en pareja, se llevar\u00e1n m\u00e1s de una sorpresa. Y la poblaci\u00f3n se los agradecer\u00e1.<\/p>\n","protected":false},"excerpt":{"rendered":"<p>El Cronista Digital | Redacci\u00f3n Todos tenemos quejas sobre las motocicletas y a diario nos toca ver a dos o tres muchachos tendidos en las calles de Managua tras impactar contra veh\u00edculos de mayor tonelaje. Muchas de esas colisiones son mortales y pese a ese fat\u00eddico detalle, dif\u00edcilmente las motos ser\u00e1n controladas. La raz\u00f3n es [&hellip;]<\/p>\n","protected":false},"author":1,"featured_media":45807,"comment_status":"open","ping_status":"open","sticky":false,"template":"","format":"standard","meta":{"om_disable_all_campaigns":false,"_monsterinsights_skip_tracking":false,"_monsterinsights_sitenote_active":false,"_monsterinsights_sitenote_note":"","_monsterinsights_sitenote_category":0,"footnotes":""},"categories":[3,3524,13],"tags":[],"class_list":["post-45806","post","type-post","status-publish","format-standard","has-post-thumbnail","hentry","category-nacionales","category-noticas","category-portada"],"aioseo_notices":[],"_links":{"self":[{"href":"https:\/\/elcronistadigital.com\/index.php?rest_route=\/wp\/v2\/posts\/45806","targetHints":{"allow":["GET"]}}],"collection":[{"href":"https:\/\/elcronistadigital.com\/index.php?rest_route=\/wp\/v2\/posts"}],"about":[{"href":"https:\/\/elcronistadigital.com\/index.php?rest_route=\/wp\/v2\/types\/post"}],"author":[{"embeddable":true,"href":"https:\/\/elcronistadigital.com\/index.php?rest_route=\/wp\/v2\/users\/1"}],"replies":[{"embeddable":true,"href":"https:\/\/elcronistadigital.com\/index.php?rest_route=%2Fwp%2Fv2%2Fcomments&post=45806"}],"version-history":[{"count":2,"href":"https:\/\/elcronistadigital.com\/index.php?rest_route=\/wp\/v2\/posts\/45806\/revisions"}],"predecessor-version":[{"id":45809,"href":"https:\/\/elcronistadigital.com\/index.php?rest_route=\/wp\/v2\/posts\/45806\/revisions\/45809"}],"wp:featuredmedia":[{"embeddable":true,"href":"https:\/\/elcronistadigital.com\/index.php?rest_route=\/wp\/v2\/media\/45807"}],"wp:attachment":[{"href":"https:\/\/elcronistadigital.com\/index.php?rest_route=%2Fwp%2Fv2%2Fmedia&parent=45806"}],"wp:term":[{"taxonomy":"category","embeddable":true,"href":"https:\/\/elcronistadigital.com\/index.php?rest_route=%2Fwp%2Fv2%2Fcategories&post=45806"},{"taxonomy":"post_tag","embeddable":true,"href":"https:\/\/elcronistadigital.com\/index.php?rest_route=%2Fwp%2Fv2%2Ftags&post=45806"}],"curies":[{"name":"wp","href":"https:\/\/api.w.org\/{rel}","templated":true}]}}