{"id":45810,"date":"2017-01-11T15:21:46","date_gmt":"2017-01-11T21:21:46","guid":{"rendered":"http:\/\/elcronistadigital.com\/?p=45810"},"modified":"2017-01-11T15:21:46","modified_gmt":"2017-01-11T21:21:46","slug":"la-condesa-que-espio-a-hillary-al-fsln-y-al-fmln","status":"publish","type":"post","link":"https:\/\/elcronistadigital.com\/?p=45810","title":{"rendered":"La condesa que espi\u00f3 a Hillary, al FSLN y al FMLN"},"content":{"rendered":"<div id=\"attachment_45811\" style=\"width: 260px\" class=\"wp-caption alignleft\"><a href=\"https:\/\/elcronistadigital.com\/wp-content\/uploads\/2017\/01\/Aline-Griffith-Dexter-1-29-a\u00f1os-en-Madrid.jpg\"><img loading=\"lazy\" decoding=\"async\" aria-describedby=\"caption-attachment-45811\" class=\"size-full wp-image-45811\" alt=\"Aline Griffith Dexter camina por el Paseo La Castellana, en Madrid, cuando ten\u00eda 29 a\u00f1os.\" src=\"https:\/\/elcronistadigital.com\/wp-content\/uploads\/2017\/01\/Aline-Griffith-Dexter-1-29-a\u00f1os-en-Madrid.jpg\" width=\"250\" height=\"350\" srcset=\"https:\/\/elcronistadigital.com\/wp-content\/uploads\/2017\/01\/Aline-Griffith-Dexter-1-29-a\u00f1os-en-Madrid.jpg 250w, https:\/\/elcronistadigital.com\/wp-content\/uploads\/2017\/01\/Aline-Griffith-Dexter-1-29-a\u00f1os-en-Madrid-214x300.jpg 214w\" sizes=\"auto, (max-width: 250px) 100vw, 250px\" \/><\/a><p id=\"caption-attachment-45811\" class=\"wp-caption-text\">Aline Griffith Dexter camina por el Paseo La Castellana, en Madrid, cuando ten\u00eda 29 a\u00f1os.<\/p><\/div>\n<p>Ten\u00eda exactamente 60 a\u00f1os cuando la condesa espa\u00f1ola de Romanones, Aline Griffith Dexter, lleg\u00f3 a El Salvador y Nicaragua all\u00e1 por 1983, en una misi\u00f3n que nada ten\u00eda que ver con el t\u00edtulo aristocr\u00e1tico heredado de su marido.<\/p>\n<p>La condesa, nacida en Estados Unidos en 1923, hab\u00eda sido reclutada desde joven por la Central de Inteligencia Americana (CIA), y fue esa agencia la que le encarg\u00f3 espiar a ciudadanos de la Alemania Oriental (RDA), que presuntamente se movilizaban por la regi\u00f3n, en particular en torno al FMLN, a cuyos mandos \u201cdesestabilizaban con ideas comunistas\u201d.<\/p>\n<p>La mujer de la realeza espa\u00f1ola admiti\u00f3 haber seguido los pasos de algunos ciudadanos de Alemania Oriental y en su libro \u201cEl fin de una era\u201d, menciona que tambi\u00e9n estuvo en Nicaragua.<\/p>\n<p>No obstante, fue en El Salvador donde realiz\u00f3 su mejor trabajo y donde vivi\u00f3 una de sus ahora presuntamente mejores an\u00e9cdotas.<\/p>\n<p>El peri\u00f3dico ABC, de Espa\u00f1a, public\u00f3 en su edici\u00f3n del lunes, un breve art\u00edculo en el cual la condesa narra su encuentro con Hillary Clinton en el hotel Camino Real en 1983, cuando vio que la ex candidata dem\u00f3crata entreg\u00f3 un fajo de dinero en efectivo a un comandante del FMLN el cual no logra identificar, pero supone era el jefe de la comandancia guerrillera.<\/p>\n<p>\u201cEncontr\u00e9 a Hillary en el bar del hotel principal de la ciudad, Camino Real, donde hab\u00eda muchos periodistas quienes me explicaron que era norteamericana y que los hombres que estaban con ella eran del FMLN, el partido revolucionario comunista\u201d, escribe la mujer.<\/p>\n<p>Luego, a\u00f1ade c\u00f3mo vigil\u00f3 a su paisana que era del Partido Dem\u00f3crata. \u201cLa vigil\u00e9 durante un buen rato y la vi entregarle un fajo de d\u00f3lares que ten\u00eda en una bolsa de tela al jefe del FMLN de El Salvador\u201d, narra en sus memorias.<\/p>\n<p>Al cabo de un rato, ambas mujeres intercambiaron palabras, y es as\u00ed como la condesa escribe que Clinton crey\u00f3 que ella era espa\u00f1ola, ya que viajaba con pasaporte diplom\u00e1tico espa\u00f1ol por tener el t\u00edtulo nobiliario. Entonces Clinton le revel\u00f3 que viajaba frecuentemente a El Salvador para darle dinero a la guerrilla de parte de un grupo de comunistas estadounidenses.<\/p>\n<p>\u201cLa cantidad de dinero (que Clinton entreg\u00f3 aquella vez) no era una gran suma pero el agente del FMLN se entusiasm\u00f3 cuando ella le prometi\u00f3 entregarle m\u00e1s dentro de unos meses\u201d, escribe.<\/p>\n<p>Griffith menciona que su misi\u00f3n en El Salvador era crear una red de colaboradores que identificara a los agentes comunistas enviados por la Alemania Oriental para desestabilizar el gobierno centroamericano y que era el camino que utilizaban para filtrarse tambi\u00e9n en los Estados Unidos.<\/p>\n<div id=\"attachment_45812\" style=\"width: 310px\" class=\"wp-caption alignright\"><a href=\"https:\/\/elcronistadigital.com\/wp-content\/uploads\/2017\/01\/Aline-Griffith-Dexter.jpg\"><img loading=\"lazy\" decoding=\"async\" aria-describedby=\"caption-attachment-45812\" class=\"size-full wp-image-45812\" alt=\"Aline Griffith Dexter con una de sus glamorosas y nobles sobrinas espa\u00f1olas.\" src=\"https:\/\/elcronistadigital.com\/wp-content\/uploads\/2017\/01\/Aline-Griffith-Dexter.jpg\" width=\"300\" height=\"450\" srcset=\"https:\/\/elcronistadigital.com\/wp-content\/uploads\/2017\/01\/Aline-Griffith-Dexter.jpg 300w, https:\/\/elcronistadigital.com\/wp-content\/uploads\/2017\/01\/Aline-Griffith-Dexter-200x300.jpg 200w\" sizes=\"auto, (max-width: 300px) 100vw, 300px\" \/><\/a><p id=\"caption-attachment-45812\" class=\"wp-caption-text\">Aline Griffith Dexter con una de sus glamorosas y nobles sobrinas espa\u00f1olas.<\/p><\/div>\n<p>La condesa, quien en la actualidad vive en los Estados Unidos, se convirti\u00f3 en escritora, llev\u00f3 una agitada vida de esp\u00eda por diversos pa\u00edses que incluyeron Nicaragua y El Salvador, cuyas experiencias ha recogido en sus memorias que fueron publicadas en 2010 bajo el t\u00edtulo \u00abEl fin de una era\u00bb.<\/p>\n<p>Aline Griffith Dexter naci\u00f3 en Estados Unidos en 1923. Fue periodista y modelo antes de ser reclutada por la Office of Strategic Service, antecesora de la CIA, quien la mand\u00f3 a una misi\u00f3n a Espa\u00f1a en la d\u00e9cada de los 40 donde conoci\u00f3 a Luis de Figueroa y P\u00e9rez de Guzm\u00e1n el Bueno, conde de Quintanilla, quien m\u00e1s tarde se convertir\u00eda en el Conde de Romanones, con quien se cas\u00f3.<\/p>\n","protected":false},"excerpt":{"rendered":"<p>Ten\u00eda exactamente 60 a\u00f1os cuando la condesa espa\u00f1ola de Romanones, Aline Griffith Dexter, lleg\u00f3 a El Salvador y Nicaragua all\u00e1 por 1983, en una misi\u00f3n que nada ten\u00eda que ver con el t\u00edtulo aristocr\u00e1tico heredado de su marido. La condesa, nacida en Estados Unidos en 1923, hab\u00eda sido reclutada desde joven por la Central de [&hellip;]<\/p>\n","protected":false},"author":1,"featured_media":45811,"comment_status":"open","ping_status":"open","sticky":false,"template":"","format":"standard","meta":{"om_disable_all_campaigns":false,"_monsterinsights_skip_tracking":false,"_monsterinsights_sitenote_active":false,"_monsterinsights_sitenote_note":"","_monsterinsights_sitenote_category":0,"footnotes":""},"categories":[3524,13],"tags":[],"class_list":["post-45810","post","type-post","status-publish","format-standard","has-post-thumbnail","hentry","category-noticas","category-portada"],"aioseo_notices":[],"_links":{"self":[{"href":"https:\/\/elcronistadigital.com\/index.php?rest_route=\/wp\/v2\/posts\/45810","targetHints":{"allow":["GET"]}}],"collection":[{"href":"https:\/\/elcronistadigital.com\/index.php?rest_route=\/wp\/v2\/posts"}],"about":[{"href":"https:\/\/elcronistadigital.com\/index.php?rest_route=\/wp\/v2\/types\/post"}],"author":[{"embeddable":true,"href":"https:\/\/elcronistadigital.com\/index.php?rest_route=\/wp\/v2\/users\/1"}],"replies":[{"embeddable":true,"href":"https:\/\/elcronistadigital.com\/index.php?rest_route=%2Fwp%2Fv2%2Fcomments&post=45810"}],"version-history":[{"count":1,"href":"https:\/\/elcronistadigital.com\/index.php?rest_route=\/wp\/v2\/posts\/45810\/revisions"}],"predecessor-version":[{"id":45813,"href":"https:\/\/elcronistadigital.com\/index.php?rest_route=\/wp\/v2\/posts\/45810\/revisions\/45813"}],"wp:featuredmedia":[{"embeddable":true,"href":"https:\/\/elcronistadigital.com\/index.php?rest_route=\/wp\/v2\/media\/45811"}],"wp:attachment":[{"href":"https:\/\/elcronistadigital.com\/index.php?rest_route=%2Fwp%2Fv2%2Fmedia&parent=45810"}],"wp:term":[{"taxonomy":"category","embeddable":true,"href":"https:\/\/elcronistadigital.com\/index.php?rest_route=%2Fwp%2Fv2%2Fcategories&post=45810"},{"taxonomy":"post_tag","embeddable":true,"href":"https:\/\/elcronistadigital.com\/index.php?rest_route=%2Fwp%2Fv2%2Ftags&post=45810"}],"curies":[{"name":"wp","href":"https:\/\/api.w.org\/{rel}","templated":true}]}}