{"id":45814,"date":"2017-01-14T09:00:35","date_gmt":"2017-01-14T15:00:35","guid":{"rendered":"http:\/\/elcronistadigital.com\/?p=45814"},"modified":"2017-01-14T09:00:35","modified_gmt":"2017-01-14T15:00:35","slug":"bardo-chiapaneco-en-festival-de-poesia-de-granada","status":"publish","type":"post","link":"https:\/\/elcronistadigital.com\/?p=45814","title":{"rendered":"Bardo chiapaneco en Festival de Poes\u00eda de Granada"},"content":{"rendered":"<div id=\"attachment_45815\" style=\"width: 310px\" class=\"wp-caption alignleft\"><a href=\"https:\/\/elcronistadigital.com\/wp-content\/uploads\/2017\/01\/Mario-Nandayapa..jpg\"><img loading=\"lazy\" decoding=\"async\" aria-describedby=\"caption-attachment-45815\" class=\"size-full wp-image-45815\" alt=\"Mario Nandayapa, poeta e investigador de Chiapas, M\u00e9xico.\" src=\"https:\/\/elcronistadigital.com\/wp-content\/uploads\/2017\/01\/Mario-Nandayapa..jpg\" width=\"300\" height=\"300\" srcset=\"https:\/\/elcronistadigital.com\/wp-content\/uploads\/2017\/01\/Mario-Nandayapa..jpg 300w, https:\/\/elcronistadigital.com\/wp-content\/uploads\/2017\/01\/Mario-Nandayapa.-150x150.jpg 150w, https:\/\/elcronistadigital.com\/wp-content\/uploads\/2017\/01\/Mario-Nandayapa.-50x50.jpg 50w, https:\/\/elcronistadigital.com\/wp-content\/uploads\/2017\/01\/Mario-Nandayapa.-70x70.jpg 70w, https:\/\/elcronistadigital.com\/wp-content\/uploads\/2017\/01\/Mario-Nandayapa.-55x55.jpg 55w\" sizes=\"auto, (max-width: 300px) 100vw, 300px\" \/><\/a><p id=\"caption-attachment-45815\" class=\"wp-caption-text\">Mario Nandayapa, poeta e investigador de Chiapas, M\u00e9xico.<\/p><\/div>\n<p>Del 12 al 18 de febrero de 2017 se llevar\u00e1 a cabo el XIII Festival Internacional de Poes\u00eda de Granada, Nicaragua, en homenaje al poeta nicarag\u00fcense, Manolo Cuadra y a la memoria del poeta salvadore\u00f1o Roque Dalton.<\/p>\n<p>En el Festival, que se distingue por ser el de mayor relevancia de Am\u00e9rica, y en el que se llevan a cabo una serie de actividades con poetas de todo el mundo, adem\u00e1s de una Feria Internacional de Libro y una Feria de Artesan\u00edas, Chiapas tendr\u00e1 presencia con la participaci\u00f3n del escritor y acad\u00e9mico Mario Nandayapa.<\/p>\n<p>La organizaci\u00f3n de la actividad le corresponde a la Fundaci\u00f3n Festival Internacional de Poes\u00eda de Granada, una organizaci\u00f3n sin fines de lucro que lo ha efectuado con \u00e9xito, convocando a m\u00e1s de 1,200 poetas de 98 pa\u00edses diferentes, los cuales exponen sus obras ante una asistencia de m\u00e1s 500 mil personas.<\/p>\n<p>En este a\u00f1o acudir\u00e1n grandes personalidades de la literatura hispanoamericana; poetas reconocidos a lo largo del mundo como Antonio Gamoneda (Espa\u00f1a), Premio Cervantes; Ra\u00fal Zurita (Chile); V\u00edctor Rodr\u00edguez N\u00fa\u00f1ez (Cuba); Gioconda Belli (Nicaragua); Jorge Boccanera (Argentina), Evgueni Evtuchenko (Rusia), entre otros escritores.<\/p>\n<p>En esta ocasi\u00f3n son pocos los mexicanos que participar\u00e1n, dentro de ellos destacan Manuel Cuautle, Mario Boj\u00f3rquez, Laura Hern\u00e1ndez, Lina Zer\u00f3n y Mario Nandayapa. S\u00f3lo tres escritores de Chiapas tuvieron participaci\u00f3n en emisiones pasadas: Elva Mac\u00edas, Juan Ba\u00f1uelos y \u00d3scar Oliva.<\/p>\n<p>A lo largo de 2016, el escritor y acad\u00e9mico Mario Nandayapa ha realizado un intenso trabajo en la Universidad Aut\u00f3noma de Chiapas (Unach), y es visible en los libros: \u201c\u00c1ngel Albino Corzo, obra reunida. Edici\u00f3n conmemorativa (estudio introductorio y notas)\u201d; \u201cJos\u00e9 Mar\u00eda Melo y Granados, presencia en M\u00e9xico del liberal colombiano (selecci\u00f3n y pr\u00f3logo)\u201d; \u201cChiapas en la Academia Mexicana de la Lengua (compilaci\u00f3n y estudio introductorio)\u201d, \u201cA favor del gozo y los recuerdos, poes\u00eda reunida de Margarita Alegr\u00eda (selecci\u00f3n y pr\u00f3logo)\u201d. Tambi\u00e9n fue responsable de los proyectos de investigaci\u00f3n \u201cCat\u00e1logos de tesis de la LLLH\u201d y \u201cCat\u00e1logo de tesis de la Maestr\u00eda en Letreas Mexicanas S. XX\u201d, trabajos que dentro de poco ser\u00e1n publicados.<\/p>\n<p>Existe un antecedente de la relaci\u00f3n de Chiapas con Nicaragua, en el 2016, en la 5\u00aa Feria Internacional del Libro Chiapas-Centroam\u00e9rica de la Unach, este pa\u00eds fue invitado y en otras ocasiones, por los estudios referentes a la cultura de los chiapanecas, Mario Nandayapa ha visitado esas tierras centroamericanas.<\/p>\n<p>Al respecto el doctor Sarelly Mart\u00ednez Mendoza, periodista y acad\u00e9mico de la Unach, comenta:<\/p>\n<p>\u201cA Mario Nandayapa no se le comprende plenamente si no se le ve envuelto en la magia de su tierra. Cuando estudiaba el doctorado en Letras Hispanoamericanas en Chile se convirti\u00f3 en el mejor embajador de Chiapas y de Chiapa de Corzo. Excavo\u0301, adem\u00e1s, para encontrar lazos entre nosotros y los chilenos. Busco\u0301 a chilenos en Chiapas y a chiapanecos en Chile. Encontr\u00f3 que un chiapacorce\u00f1o sobrevol\u00f3, por vez primera, los Andes desde un pico hasta pico.<\/p>\n<p>\u201cA los lugares a donde vaya, su agenda esta\u0301 tapizada de Chiapas, de consulta de archivos, bibliotecas y entrevistas que permitan aclararle alg\u00fan dato de su tierra. En una ocasi\u00f3n se nos ocurri\u00f3\u0301 hacer un viaje monstruoso por carretera desde M\u00e9xico hasta Costa Rica. \u00c9l se aferro\u0301 a que lo har\u00eda en coche para visitar no se\u0301 que\u0301 poblados con rastros de chiapanecas en Nicaragua. Desisti\u00f3\u0301 del coche cuando se entero\u0301 que era pr\u00e1cticamente imposible transitar con seguridad Guatemala, El Salvador y, por supuesto, Nicaragua.<\/p>\n<p>\u201cDe todos modos cumpli\u00f3 su itinerario. Viaj\u00f3 a Diriamba, un pueblo caluroso y polvoriento, de donde vinieron \u2014dice la leyenda\u2014 nuestros primeros padres. Era el antiguo Vota\u0301n nicarag\u00fcense, cuna de h\u00e9roes y de dioses.<\/p>\n<p>\u201cCuando paseaba en el parque de Granada, Nicaragua, y vi una danza muy parecida a Los Parachicos, supe que Mario ten\u00eda raz\u00f3n. Pero confirme\u0301 sus dichos cuando descubr\u00ed que a la sombra de un nambimbo, la gente mov\u00eda con ritmo su j\u00edcara de morro, en la que tomaba algo que deb\u00eda mitigar el calor de las 12 del d\u00eda, tomaban \u2018tiste\u2019, que no es otra bebida que pozol de cacao.<\/p>\n<p>\u201cComo buen investigador, Mario Nandayapa une cabos, hilvana vivencias y vincula rastros de nuestro pasado con otras partes del mundo. Su mundo imaginativo es tan rico que a veces lo abruma. Se satura de tareas imposibles. Lanza tesis osadas. Teje y desteje leyendas. As\u00ed es. M\u00edtico. Mitol\u00f3gico. Creativo. Disciplinado.\u201d<\/p>\n<p>Su participaci\u00f3n en Nicaragua, asegura Mario Nandayapa, debe de verse como un puente para reforzar m\u00e1s las relaciones acad\u00e9micas y culturales, entre M\u00e9xico y Centroam\u00e9rica y sobre todo con Chiapas con quien se tiene una afinidad m\u00e1s profunda.<\/p>\n","protected":false},"excerpt":{"rendered":"<p>Del 12 al 18 de febrero de 2017 se llevar\u00e1 a cabo el XIII Festival Internacional de Poes\u00eda de Granada, Nicaragua, en homenaje al poeta nicarag\u00fcense, Manolo Cuadra y a la memoria del poeta salvadore\u00f1o Roque Dalton. En el Festival, que se distingue por ser el de mayor relevancia de Am\u00e9rica, y en el que [&hellip;]<\/p>\n","protected":false},"author":1,"featured_media":45815,"comment_status":"open","ping_status":"open","sticky":false,"template":"","format":"standard","meta":{"om_disable_all_campaigns":false,"_monsterinsights_skip_tracking":false,"_monsterinsights_sitenote_active":false,"_monsterinsights_sitenote_note":"","_monsterinsights_sitenote_category":0,"footnotes":""},"categories":[10,3524],"tags":[],"class_list":["post-45814","post","type-post","status-publish","format-standard","has-post-thumbnail","hentry","category-cultura","category-noticas"],"aioseo_notices":[],"_links":{"self":[{"href":"https:\/\/elcronistadigital.com\/index.php?rest_route=\/wp\/v2\/posts\/45814","targetHints":{"allow":["GET"]}}],"collection":[{"href":"https:\/\/elcronistadigital.com\/index.php?rest_route=\/wp\/v2\/posts"}],"about":[{"href":"https:\/\/elcronistadigital.com\/index.php?rest_route=\/wp\/v2\/types\/post"}],"author":[{"embeddable":true,"href":"https:\/\/elcronistadigital.com\/index.php?rest_route=\/wp\/v2\/users\/1"}],"replies":[{"embeddable":true,"href":"https:\/\/elcronistadigital.com\/index.php?rest_route=%2Fwp%2Fv2%2Fcomments&post=45814"}],"version-history":[{"count":1,"href":"https:\/\/elcronistadigital.com\/index.php?rest_route=\/wp\/v2\/posts\/45814\/revisions"}],"predecessor-version":[{"id":45816,"href":"https:\/\/elcronistadigital.com\/index.php?rest_route=\/wp\/v2\/posts\/45814\/revisions\/45816"}],"wp:featuredmedia":[{"embeddable":true,"href":"https:\/\/elcronistadigital.com\/index.php?rest_route=\/wp\/v2\/media\/45815"}],"wp:attachment":[{"href":"https:\/\/elcronistadigital.com\/index.php?rest_route=%2Fwp%2Fv2%2Fmedia&parent=45814"}],"wp:term":[{"taxonomy":"category","embeddable":true,"href":"https:\/\/elcronistadigital.com\/index.php?rest_route=%2Fwp%2Fv2%2Fcategories&post=45814"},{"taxonomy":"post_tag","embeddable":true,"href":"https:\/\/elcronistadigital.com\/index.php?rest_route=%2Fwp%2Fv2%2Ftags&post=45814"}],"curies":[{"name":"wp","href":"https:\/\/api.w.org\/{rel}","templated":true}]}}