{"id":45833,"date":"2017-01-16T11:47:01","date_gmt":"2017-01-16T17:47:01","guid":{"rendered":"http:\/\/elcronistadigital.com\/?p=45833"},"modified":"2017-01-16T11:47:01","modified_gmt":"2017-01-16T17:47:01","slug":"sementales-de-yucatan-en-nicaragua","status":"publish","type":"post","link":"https:\/\/elcronistadigital.com\/?p=45833","title":{"rendered":"Sementales de Yucat\u00e1n en Nicaragua"},"content":{"rendered":"<p><a href=\"https:\/\/elcronistadigital.com\/wp-content\/uploads\/2017\/01\/vacas-mexicanas.jpg\"><img loading=\"lazy\" decoding=\"async\" class=\"alignleft size-full wp-image-45834\" alt=\"vacas mexicanas\" src=\"https:\/\/elcronistadigital.com\/wp-content\/uploads\/2017\/01\/vacas-mexicanas.jpg\" width=\"450\" height=\"221\" srcset=\"https:\/\/elcronistadigital.com\/wp-content\/uploads\/2017\/01\/vacas-mexicanas.jpg 450w, https:\/\/elcronistadigital.com\/wp-content\/uploads\/2017\/01\/vacas-mexicanas-300x147.jpg 300w, https:\/\/elcronistadigital.com\/wp-content\/uploads\/2017\/01\/vacas-mexicanas-342x167.jpg 342w\" sizes=\"auto, (max-width: 450px) 100vw, 450px\" \/><\/a>Un total de 25 ejemplares bovinos de gen\u00e9tica mejorada, se exportaron el fin de semana desde Yucat\u00e1n, M\u00e9xico, hacia Nicaragua, en lo que constituy\u00f3 la segunda exportaci\u00f3n del a\u00f1o hacia Centroam\u00e9rica.<\/p>\n<p>El embarque sali\u00f3 para nuestro pa\u00eds con ejemplares de las razas suizo europeo, beefmaster, nelore y nelore mocho.<\/p>\n<p>Juan Manuel Conde Mena, presidente de la Asociaci\u00f3n de Criadores de Ganado de Registro, dijo que el jueves 12 se hab\u00edan exportado un total de 38 animales, de los cuales 22 sementales fueron para Costa Rica y 16 hacia Panam\u00e1.<\/p>\n<p>Indic\u00f3 que esto significa que la gen\u00e9tica que se produce en Yucat\u00e1n da buenos resultados.<\/p>\n<p>\u201cMucha gente que lleg\u00f3 de fuera en la pasada Feria de Xmatkuil vio a los animales en exposici\u00f3n, les gustaron y los compraron de inmediato\u201d, sostuvo.<\/p>\n<p>Debido a los tr\u00e1mites sanitarios que se realizan en toda compra al extranjero, el embarque para Centro Am\u00e9rica sali\u00f3 hasta ahora.<\/p>\n<p>Los 25 ejemplares exportados con destino a Nicaragua son de las ganader\u00edas \u201cEl Rosarito\u201d, \u201cSan Francisco\u201d, \u201cSan Jos\u00e9 Yax-Tun\u201d, \u201cEl Retiro Agropecuaria\u201d y \u201cSan Antonio\u201d.<\/p>\n<p>\u201cEstamos iniciando con el pie derecho el a\u00f1o, apenas es el comienzo en la venta de ganado al extranjero\u201d, dijo Conde Mena al referirse a la subasta ganadera realizada anteayer s\u00e1bado como un evento muy exitoso, al cual llegaron unas 500 personas comprando animales para varios estados del pa\u00eds.<\/p>\n<p>Fuente: yucatan.com.mx<\/p>\n","protected":false},"excerpt":{"rendered":"<p>Un total de 25 ejemplares bovinos de gen\u00e9tica mejorada, se exportaron el fin de semana desde Yucat\u00e1n, M\u00e9xico, hacia Nicaragua, en lo que constituy\u00f3 la segunda exportaci\u00f3n del a\u00f1o hacia Centroam\u00e9rica. El embarque sali\u00f3 para nuestro pa\u00eds con ejemplares de las razas suizo europeo, beefmaster, nelore y nelore mocho. Juan Manuel Conde Mena, presidente de [&hellip;]<\/p>\n","protected":false},"author":1,"featured_media":45834,"comment_status":"open","ping_status":"open","sticky":false,"template":"","format":"standard","meta":{"om_disable_all_campaigns":false,"_monsterinsights_skip_tracking":false,"_monsterinsights_sitenote_active":false,"_monsterinsights_sitenote_note":"","_monsterinsights_sitenote_category":0,"footnotes":""},"categories":[3524,13],"tags":[],"class_list":["post-45833","post","type-post","status-publish","format-standard","has-post-thumbnail","hentry","category-noticas","category-portada"],"aioseo_notices":[],"_links":{"self":[{"href":"https:\/\/elcronistadigital.com\/index.php?rest_route=\/wp\/v2\/posts\/45833","targetHints":{"allow":["GET"]}}],"collection":[{"href":"https:\/\/elcronistadigital.com\/index.php?rest_route=\/wp\/v2\/posts"}],"about":[{"href":"https:\/\/elcronistadigital.com\/index.php?rest_route=\/wp\/v2\/types\/post"}],"author":[{"embeddable":true,"href":"https:\/\/elcronistadigital.com\/index.php?rest_route=\/wp\/v2\/users\/1"}],"replies":[{"embeddable":true,"href":"https:\/\/elcronistadigital.com\/index.php?rest_route=%2Fwp%2Fv2%2Fcomments&post=45833"}],"version-history":[{"count":1,"href":"https:\/\/elcronistadigital.com\/index.php?rest_route=\/wp\/v2\/posts\/45833\/revisions"}],"predecessor-version":[{"id":45835,"href":"https:\/\/elcronistadigital.com\/index.php?rest_route=\/wp\/v2\/posts\/45833\/revisions\/45835"}],"wp:featuredmedia":[{"embeddable":true,"href":"https:\/\/elcronistadigital.com\/index.php?rest_route=\/wp\/v2\/media\/45834"}],"wp:attachment":[{"href":"https:\/\/elcronistadigital.com\/index.php?rest_route=%2Fwp%2Fv2%2Fmedia&parent=45833"}],"wp:term":[{"taxonomy":"category","embeddable":true,"href":"https:\/\/elcronistadigital.com\/index.php?rest_route=%2Fwp%2Fv2%2Fcategories&post=45833"},{"taxonomy":"post_tag","embeddable":true,"href":"https:\/\/elcronistadigital.com\/index.php?rest_route=%2Fwp%2Fv2%2Ftags&post=45833"}],"curies":[{"name":"wp","href":"https:\/\/api.w.org\/{rel}","templated":true}]}}