{"id":45840,"date":"2017-01-18T07:40:39","date_gmt":"2017-01-18T13:40:39","guid":{"rendered":"http:\/\/elcronistadigital.com\/?p=45840"},"modified":"2017-01-18T07:40:39","modified_gmt":"2017-01-18T13:40:39","slug":"academico-dominicano-en-jornada-dariana","status":"publish","type":"post","link":"https:\/\/elcronistadigital.com\/?p=45840","title":{"rendered":"Acad\u00e9mico dominicano en Jornada Dariana"},"content":{"rendered":"<div id=\"attachment_45841\" style=\"width: 460px\" class=\"wp-caption alignleft\"><a href=\"https:\/\/elcronistadigital.com\/wp-content\/uploads\/2017\/01\/Bruno-Rosario-Candelier.jpg\"><img loading=\"lazy\" decoding=\"async\" aria-describedby=\"caption-attachment-45841\" class=\"size-full wp-image-45841\" alt=\"Bruno Rosario Candelier, director de la Academia Dominicana de la Lengua.\" src=\"https:\/\/elcronistadigital.com\/wp-content\/uploads\/2017\/01\/Bruno-Rosario-Candelier.jpg\" width=\"450\" height=\"299\" srcset=\"https:\/\/elcronistadigital.com\/wp-content\/uploads\/2017\/01\/Bruno-Rosario-Candelier.jpg 450w, https:\/\/elcronistadigital.com\/wp-content\/uploads\/2017\/01\/Bruno-Rosario-Candelier-300x199.jpg 300w, https:\/\/elcronistadigital.com\/wp-content\/uploads\/2017\/01\/Bruno-Rosario-Candelier-342x227.jpg 342w\" sizes=\"auto, (max-width: 450px) 100vw, 450px\" \/><\/a><p id=\"caption-attachment-45841\" class=\"wp-caption-text\">Bruno Rosario Candelier, director de la Academia Dominicana de la Lengua.<\/p><\/div>\n<p>El director de la Academia Dominicana de la Lengua, Bruno Rosario Candelier, participar\u00e1 en la Jornada Dariana 2017 para festejar el 150 aniversario del nacimiento del poeta Rub\u00e9n Dar\u00edo en Nicaragua.<\/p>\n<p>Los actos, organizados por el gobierno nica, a trav\u00e9s del Instituto Nicarag\u00fcense de Cultura (INC) y las alcald\u00edas de Matagalpa y Le\u00f3n, se efectuar\u00e1n del 16 al 20 de enero en la ciudad de Le\u00f3n, seg\u00fan informa la publicaci\u00f3n almomento.net.<\/p>\n<p>Habr\u00e1 un amplio programa de actividades culturales y educativas, entre las cuales figuran recitales, un festival de m\u00fasica campesina, m\u00fasica coral, presentaciones de libros y la realizaci\u00f3n del XV Simposio Internacional Rub\u00e9n Dar\u00edo.<\/p>\n<p>Rosario Candelier tendr\u00e1 a su cargo disertar sobre \u201cLa sensibilidad metaf\u00edsica en la l\u00edrica de Rub\u00e9n Dar\u00edo\u201d.<\/p>\n<p>Seg\u00fan medios nicas, al evento asistir\u00e1n tambi\u00e9n otros estudiosos de la obra y vida de Dar\u00edo procedentes de Espa\u00f1a, Estados Unidos, M\u00e9xico y Centroam\u00e9rica, entre ellos la espa\u00f1ola Roc\u00edo Oviedo de Tudela, fil\u00f3loga de la Universidad Complutense de Madrid, y el costarricense Armando Vargas, quien disertar\u00e1 sobre Rub\u00e9n y su primera esposa.<\/p>\n","protected":false},"excerpt":{"rendered":"<p>El director de la Academia Dominicana de la Lengua, Bruno Rosario Candelier, participar\u00e1 en la Jornada Dariana 2017 para festejar el 150 aniversario del nacimiento del poeta Rub\u00e9n Dar\u00edo en Nicaragua. Los actos, organizados por el gobierno nica, a trav\u00e9s del Instituto Nicarag\u00fcense de Cultura (INC) y las alcald\u00edas de Matagalpa y Le\u00f3n, se efectuar\u00e1n [&hellip;]<\/p>\n","protected":false},"author":1,"featured_media":45841,"comment_status":"open","ping_status":"open","sticky":false,"template":"","format":"standard","meta":{"om_disable_all_campaigns":false,"_monsterinsights_skip_tracking":false,"_monsterinsights_sitenote_active":false,"_monsterinsights_sitenote_note":"","_monsterinsights_sitenote_category":0,"footnotes":""},"categories":[10,3524],"tags":[],"class_list":["post-45840","post","type-post","status-publish","format-standard","has-post-thumbnail","hentry","category-cultura","category-noticas"],"aioseo_notices":[],"_links":{"self":[{"href":"https:\/\/elcronistadigital.com\/index.php?rest_route=\/wp\/v2\/posts\/45840","targetHints":{"allow":["GET"]}}],"collection":[{"href":"https:\/\/elcronistadigital.com\/index.php?rest_route=\/wp\/v2\/posts"}],"about":[{"href":"https:\/\/elcronistadigital.com\/index.php?rest_route=\/wp\/v2\/types\/post"}],"author":[{"embeddable":true,"href":"https:\/\/elcronistadigital.com\/index.php?rest_route=\/wp\/v2\/users\/1"}],"replies":[{"embeddable":true,"href":"https:\/\/elcronistadigital.com\/index.php?rest_route=%2Fwp%2Fv2%2Fcomments&post=45840"}],"version-history":[{"count":1,"href":"https:\/\/elcronistadigital.com\/index.php?rest_route=\/wp\/v2\/posts\/45840\/revisions"}],"predecessor-version":[{"id":45842,"href":"https:\/\/elcronistadigital.com\/index.php?rest_route=\/wp\/v2\/posts\/45840\/revisions\/45842"}],"wp:featuredmedia":[{"embeddable":true,"href":"https:\/\/elcronistadigital.com\/index.php?rest_route=\/wp\/v2\/media\/45841"}],"wp:attachment":[{"href":"https:\/\/elcronistadigital.com\/index.php?rest_route=%2Fwp%2Fv2%2Fmedia&parent=45840"}],"wp:term":[{"taxonomy":"category","embeddable":true,"href":"https:\/\/elcronistadigital.com\/index.php?rest_route=%2Fwp%2Fv2%2Fcategories&post=45840"},{"taxonomy":"post_tag","embeddable":true,"href":"https:\/\/elcronistadigital.com\/index.php?rest_route=%2Fwp%2Fv2%2Ftags&post=45840"}],"curies":[{"name":"wp","href":"https:\/\/api.w.org\/{rel}","templated":true}]}}